{"id":215,"date":"2011-05-01T00:00:57","date_gmt":"2011-05-01T00:00:57","guid":{"rendered":"http:\/\/phase.cpl.es\/?p=215"},"modified":"2017-06-23T10:13:59","modified_gmt":"2017-06-23T10:13:59","slug":"303-mayo-junio-2011","status":"publish","type":"post","link":"https:\/\/www.cpl.es\/phase\/?p=215","title":{"rendered":"303 &#8211; Cristo presente en la Palabra"},"content":{"rendered":"<h4 style=\"text-align: right;\">mayo-junio 2011 (a\u00f1o 51)<\/h4>\n<h3><\/h3>\n<h3>Editorial<\/h3>\n<p style=\"padding-left: 30px;\"><em><a href=\"http:\/\/phase.cpl.es\/wp-content\/uploads\/2014\/06\/Cristo-presente-en-la-Palabra.pdf\">Cristo presente en la Palabra<\/a>\u00a0<\/em>&#8211; <strong>Jos\u00e9 Antonio Go\u00f1i<\/strong><\/p>\n<hr \/>\n<h3>\u00a0Art\u00edculos<\/h3>\n<p style=\"padding-left: 30px;\"><strong>Juan M. D\u00edaz Rodelas <\/strong>&#8211; <em>La versi\u00f3n oficial de la Sagrada Escritura de la Conferencia Episcopal Espa\u00f1ola: criterios aplicados<\/em><\/p>\n<p style=\"padding-left: 30px;\"><strong>Jordi Latorre Castillo <\/strong>&#8211; <em>Instrucci\u00f3n pastoral \u00abLa Sagrada Escritura en la vida de la Iglesia\u00bb. Un comentario<\/em><\/p>\n<p style=\"padding-left: 30px;\"><strong>Ram\u00f3n Claver\u00eda <\/strong>&#8211; <em>Presencia de Cristo en la Palabra<\/em><\/p>\n<p style=\"padding-left: 30px;\"><strong>Ramiro Gonz\u00e1lez Cougil <\/strong>&#8211; <em>La Biblia y la piedad popular. Contribuci\u00f3n y enriquecimiento mutuo<\/em><\/p>\n<hr \/>\n<h3>Puntos de vista<\/h3>\n<p style=\"padding-left: 30px;\"><em><a href=\"http:\/\/phase.cpl.es\/wp-content\/uploads\/2011\/05\/La-traduccion-del-pro-multis.pdf\">La traducci\u00f3n del \u00abpro multis\u00bb<\/a><\/em> &#8211; <strong>Albert Vanhoye<\/strong><\/p>\n<p style=\"padding-left: 30px;\"><em>Sobre la Biblia de la Conferencia Episcopal Espa\u00f1ola <\/em>&#8211; <strong>Joaquim Gomis<\/strong><\/p>\n<hr \/>\n<h3>Libros<\/h3>\n<p style=\"padding-left: 30px;\">Normand BONNEAU, <em>Le lectionnaire Dominical. Parole ritualis\u00e9e, mod\u00e8le pascal <\/em>&#8211; <strong>F. Xavier Ar\u00f3ztegui<\/strong><\/p>\n<p style=\"padding-left: 30px;\">Carmen \u00c1LVAREZ, <em>Teolog\u00eda del cuerpo y Eucarist\u00eda <\/em>&#8211; <strong>F\u00e9lix Mar\u00eda Arocena<\/strong><\/p>\n<p style=\"padding-left: 30px;\">Mariosvaldo FLORENTINO, <em>La penitenza pubblica nel Gelasiano antico. Uno studio a partire dai suoi segni visibili <\/em>&#8211; <strong>F\u00e9lix Mar\u00eda Arocena<\/strong><\/p>\n<p style=\"padding-left: 30px;\"><em>Actas de Congresos o Jornadas de Liturgia recientemente publicadas <\/em>\u2013 <strong>Luis Garc\u00eda y F. Xavier Ar\u00f3stegui<\/strong><\/p>\n<p style=\"padding-left: 30px;\"><em>Bibliograf\u00eda reciente en italiano <\/em>\u2013 <strong>Juan de Pablos Mart\u00edn<\/strong><\/p>\n<hr \/>\n<p style=\"padding-left: 30px;\">\n","protected":false},"excerpt":{"rendered":"<p>mayo-junio 2011 (a\u00f1o 51) Editorial Cristo presente en la Palabra\u00a0&#8211; Jos\u00e9 Antonio Go\u00f1i \u00a0Art\u00edculos Juan M. D\u00edaz Rodelas &#8211; La versi\u00f3n oficial de la Sagrada Escritura de la Conferencia Episcopal Espa\u00f1ola: criterios aplicados Jordi Latorre Castillo &#8211; Instrucci\u00f3n pastoral \u00abLa Sagrada Escritura en la vida de la Iglesia\u00bb. Un comentario &#8230;<\/p>\n","protected":false},"author":5,"featured_media":0,"comment_status":"closed","ping_status":"closed","sticky":false,"template":"","format":"standard","meta":{"footnotes":""},"categories":[5],"tags":[],"_links":{"self":[{"href":"https:\/\/www.cpl.es\/phase\/index.php?rest_route=\/wp\/v2\/posts\/215"}],"collection":[{"href":"https:\/\/www.cpl.es\/phase\/index.php?rest_route=\/wp\/v2\/posts"}],"about":[{"href":"https:\/\/www.cpl.es\/phase\/index.php?rest_route=\/wp\/v2\/types\/post"}],"author":[{"embeddable":true,"href":"https:\/\/www.cpl.es\/phase\/index.php?rest_route=\/wp\/v2\/users\/5"}],"replies":[{"embeddable":true,"href":"https:\/\/www.cpl.es\/phase\/index.php?rest_route=%2Fwp%2Fv2%2Fcomments&post=215"}],"version-history":[{"count":11,"href":"https:\/\/www.cpl.es\/phase\/index.php?rest_route=\/wp\/v2\/posts\/215\/revisions"}],"predecessor-version":[{"id":1122,"href":"https:\/\/www.cpl.es\/phase\/index.php?rest_route=\/wp\/v2\/posts\/215\/revisions\/1122"}],"wp:attachment":[{"href":"https:\/\/www.cpl.es\/phase\/index.php?rest_route=%2Fwp%2Fv2%2Fmedia&parent=215"}],"wp:term":[{"taxonomy":"category","embeddable":true,"href":"https:\/\/www.cpl.es\/phase\/index.php?rest_route=%2Fwp%2Fv2%2Fcategories&post=215"},{"taxonomy":"post_tag","embeddable":true,"href":"https:\/\/www.cpl.es\/phase\/index.php?rest_route=%2Fwp%2Fv2%2Ftags&post=215"}],"curies":[{"name":"wp","href":"https:\/\/api.w.org\/{rel}","templated":true}]}}