{"id":170,"date":"2014-03-01T00:00:40","date_gmt":"2014-03-01T00:00:40","guid":{"rendered":"http:\/\/phase.cpl.es\/?p=170"},"modified":"2017-06-24T11:42:54","modified_gmt":"2017-06-24T11:42:54","slug":"320-marzo-abril-2014","status":"publish","type":"post","link":"https:\/\/www.cpl.es\/phase\/?p=170","title":{"rendered":"320 &#8211; Jubileo de \u00abSacrosanctum Concilium\u00bb"},"content":{"rendered":"<h4 style=\"text-align: right;\">marzo-abril 2014 (a\u00f1o 54)<\/h4>\n<h3>Editorial<\/h3>\n<p style=\"padding-left: 30px; text-align: justify;\"><em><a href=\"http:\/\/phase.cpl.es\/wp-content\/uploads\/2014\/03\/El-jubileo-de-Sacrosactum-Concilium.pdf\">El jubileo de \u00abSacrosactum Concilium\u00bb<\/a><\/em> &#8211; <strong>Jaume Fontbona y Jos\u00e9 Antonio Go\u00f1i<\/strong><\/p>\n<p style=\"padding-left: 30px; text-align: justify;\"><em><a href=\"http:\/\/phase.cpl.es\/wp-content\/uploads\/2014\/03\/Ante-la-muerte-de-Mons.-Pere-Tena.pdf\">Ante la muerte de Mons. Pere Tena<\/a><\/em> &#8211; <strong>Jaume Fontbona y Jos\u00e9 Antonio Go\u00f1i<\/strong><\/p>\n<hr \/>\n<h3 style=\"text-align: justify;\">Art\u00edculos<\/h3>\n<p style=\"padding-left: 30px; text-align: justify;\"><strong>Juli\u00e1n L\u00f3pez Mart\u00edn<\/strong> &#8211; <em><a href=\"http:\/\/phase.cpl.es\/wp-content\/uploads\/2014\/03\/Memoria-agradecida-de-los-teologos-espanoles-que-colaboraron-en-la-gestacion-de-la-Constitucion-Sacrosanctum-Concilium-del-Vaticano-II.pdf\">Memoria agradecida de los te\u00f3logos espa\u00f1oles que colaboraron en la gestaci\u00f3n de la Constituci\u00f3n \u00abSacrosanctum Concilium\u00bb del Vaticano II<\/a><\/em><\/p>\n<p style=\"padding-left: 30px; text-align: justify;\"><strong>Pere Tena <\/strong>\u2020 &#8211; <em><a href=\"http:\/\/phase.cpl.es\/wp-content\/uploads\/2014\/03\/Sacrosanctum-Concilium.-50-anos-una-contemplacion-jubilar.pdf\">\u00abSacrosanctum Concilium\u00bb: 50 a\u00f1os, una contemplaci\u00f3n jubilar<\/a><\/em><\/p>\n<p style=\"padding-left: 30px; text-align: justify;\"><strong>Mat\u00edas Aug\u00e9<\/strong> &#8211; <em><a href=\"http:\/\/phase.cpl.es\/wp-content\/uploads\/2014\/03\/A-los-50-anos-de-Sacrosanctum-Concilium-con-una-mirada-al-futuro-de-la-reforma-liturgica.pdf\">A los 50 a\u00f1os de \u00abSacrosanctum Concilium\u00bb con una mirada al futuro de la reforma lit\u00fargica<\/a><\/em><\/p>\n<p style=\"padding-left: 30px; text-align: justify;\"><strong>Daniel Palau Valero<\/strong> &#8211; <em><a href=\"http:\/\/phase.cpl.es\/wp-content\/uploads\/2014\/03\/La-sacramentalidad.-Discurso-de-futuro-para-el-postconcilio.pdf\">La sacramentalidad: Discurso de futuro para el postconcilio<\/a><\/em><\/p>\n<hr \/>\n<h3 style=\"text-align: justify;\">Puntos de vista<\/h3>\n<p style=\"padding-left: 30px; text-align: justify;\"><em><a href=\"http:\/\/phase.cpl.es\/wp-content\/uploads\/2014\/03\/Hodie.pdf\">\u00abHodie\u00bb<\/a><\/em> &#8211; <strong>F\u00e9lix M. Arocena Solano<\/strong><\/p>\n<p style=\"padding-left: 30px; text-align: justify;\"><em>La renovaci\u00f3n de las promesas sacerdotales en la misa crismal <\/em>&#8211; <strong>Crist\u00f3bal M. Orellana<\/strong><\/p>\n<hr \/>\n<h3 style=\"text-align: justify;\">Cr\u00f3nicas<\/h3>\n<p style=\"padding-left: 30px; text-align: justify;\"><em>Celebraci\u00f3n de los 50 a\u00f1os de \u00abSacrosanctum Concilium\u00bb en Am\u00e9rica Latina<\/em> &#8211; <strong>Roberto Russo<\/strong><\/p>\n<p style=\"padding-left: 30px; text-align: justify;\"><em>Reuni\u00f3n del consejo de redacci\u00f3n de la revista \u00abPhase\u00bb<\/em> &#8211; <strong>Luis Fernando \u00c1lvarez<\/strong><\/p>\n<p style=\"padding-left: 30px; text-align: justify;\"><em>Esperamos tu gloriosa venida. Escatolog\u00eda y liturgia<\/em> &#8211; <strong>Juan De Pablos<\/strong><\/p>\n<p style=\"padding-left: 30px; text-align: justify;\"><em><strong>\u00ab<\/strong>Sacrosanctum Concilium\u00bb. Gratitud y compromiso para un gran movimiento de comuni\u00f3n eclesial<\/em> &#8211; <strong>Roberto Russo<\/strong><\/p>\n<hr \/>\n<h3 style=\"text-align: justify;\">Libros<\/h3>\n<p style=\"padding-left: 30px; text-align: justify;\">Nuria CALDUCH-BENAGES, <em>La Palabra celebrada. Explicaci\u00f3n de las lecturas de todos los domingos y fiestas <\/em>\u2013 <strong>Josep Lligadas<\/strong><\/p>\n<p style=\"padding-left: 30px; text-align: justify;\">Angelo MAFFEIS, <em>Penitenza e unzione dei malati <\/em>&#8211;<strong> Juan de Pablos<\/strong><\/p>\n<p style=\"padding-left: 30px; text-align: justify;\">Elena MASSIMI, <em>Teologia classica e modernit\u00e0 in Cipriano Vagaggini. Percorso tra scritti editi e inediti <\/em>&#8211; <strong>Andrea Grillo<\/strong><\/p>\n<p style=\"padding-left: 30px; text-align: justify;\">Leo DI SIMONE, <em>Liturgia medievale per la chiesa postmoderna? La questione del \u00abrito antico\u00bb nel racconto del \u00abrito romano\u00bb <\/em>&#8211; <strong>Mart\u00edn Salvador<\/strong><\/p>\n<p style=\"padding-left: 30px; text-align: justify;\"><em>Actas de congresos de liturgia y miscel\u00e1neas recientemente publicadas<\/em> &#8211; <strong>Jos\u00e9 Antonio Go\u00f1i<\/strong><\/p>\n<hr \/>\n<h3 style=\"text-align: justify;\">In memoriam<\/h3>\n<p style=\"padding-left: 30px; text-align: justify;\"><em><a href=\"http:\/\/phase.cpl.es\/wp-content\/uploads\/2014\/03\/Mons.-Pere-Tena-Garriga-1928-20141.pdf\">Mons. Pere Tena Garriga (1928-2014)<\/a><\/em> &#8211; <strong>Josep Urdeix<\/strong><\/p>\n<hr \/>\n<p style=\"text-align: justify;\">\n","protected":false},"excerpt":{"rendered":"<p>marzo-abril 2014 (a\u00f1o 54) Editorial El jubileo de \u00abSacrosactum Concilium\u00bb &#8211; Jaume Fontbona y Jos\u00e9 Antonio Go\u00f1i Ante la muerte de Mons. Pere Tena &#8211; Jaume Fontbona y Jos\u00e9 Antonio Go\u00f1i Art\u00edculos Juli\u00e1n L\u00f3pez Mart\u00edn &#8211; Memoria agradecida de los te\u00f3logos espa\u00f1oles que colaboraron en la gestaci\u00f3n de la Constituci\u00f3n &#8230;<\/p>\n","protected":false},"author":5,"featured_media":0,"comment_status":"closed","ping_status":"closed","sticky":false,"template":"","format":"standard","meta":{"footnotes":""},"categories":[5],"tags":[],"_links":{"self":[{"href":"https:\/\/www.cpl.es\/phase\/index.php?rest_route=\/wp\/v2\/posts\/170"}],"collection":[{"href":"https:\/\/www.cpl.es\/phase\/index.php?rest_route=\/wp\/v2\/posts"}],"about":[{"href":"https:\/\/www.cpl.es\/phase\/index.php?rest_route=\/wp\/v2\/types\/post"}],"author":[{"embeddable":true,"href":"https:\/\/www.cpl.es\/phase\/index.php?rest_route=\/wp\/v2\/users\/5"}],"replies":[{"embeddable":true,"href":"https:\/\/www.cpl.es\/phase\/index.php?rest_route=%2Fwp%2Fv2%2Fcomments&post=170"}],"version-history":[{"count":16,"href":"https:\/\/www.cpl.es\/phase\/index.php?rest_route=\/wp\/v2\/posts\/170\/revisions"}],"predecessor-version":[{"id":1239,"href":"https:\/\/www.cpl.es\/phase\/index.php?rest_route=\/wp\/v2\/posts\/170\/revisions\/1239"}],"wp:attachment":[{"href":"https:\/\/www.cpl.es\/phase\/index.php?rest_route=%2Fwp%2Fv2%2Fmedia&parent=170"}],"wp:term":[{"taxonomy":"category","embeddable":true,"href":"https:\/\/www.cpl.es\/phase\/index.php?rest_route=%2Fwp%2Fv2%2Fcategories&post=170"},{"taxonomy":"post_tag","embeddable":true,"href":"https:\/\/www.cpl.es\/phase\/index.php?rest_route=%2Fwp%2Fv2%2Ftags&post=170"}],"curies":[{"name":"wp","href":"https:\/\/api.w.org\/{rel}","templated":true}]}}