{"id":1646,"date":"2020-07-17T07:12:35","date_gmt":"2020-07-17T07:12:35","guid":{"rendered":"http:\/\/phase.cpl.es\/?p=1646"},"modified":"2020-07-17T07:12:56","modified_gmt":"2020-07-17T07:12:56","slug":"357-mistagogia-como-vivencia-del-misterio","status":"publish","type":"post","link":"https:\/\/www.cpl.es\/phase\/?p=1646","title":{"rendered":"357 &#8211; Mistagog\u00eda como vivencia del misterio"},"content":{"rendered":"<h4 style=\"text-align: right;\">julio-agosto-septiembre\u00a0<em>Phase<\/em>\u00a060 (2020)<\/h4>\n<h3><a href=\"http:\/\/phase.cpl.es\/wp-content\/uploads\/2020\/07\/phase357CPL.jpg\"><img loading=\"lazy\" decoding=\"async\" class=\"alignleft size-medium wp-image-1635\" src=\"http:\/\/phase.cpl.es\/wp-content\/uploads\/2020\/07\/phase357CPL-193x300.jpg\" alt=\"\" width=\"193\" height=\"300\" srcset=\"https:\/\/www.cpl.es\/phase\/wp-content\/uploads\/2020\/07\/phase357CPL-193x300.jpg 193w, https:\/\/www.cpl.es\/phase\/wp-content\/uploads\/2020\/07\/phase357CPL.jpg 238w\" sizes=\"(max-width: 193px) 100vw, 193px\" \/><\/a>Editorial<\/h3>\n<p class=\"sumari\" style=\"margin: 0cm; margin-bottom: .0001pt; line-height: normal; tab-stops: 19.85pt right dotted 268.0pt left 272.0pt right blank 293.0pt;\"><b><span lang=\"ES-TRAD\" style=\"letter-spacing: -.1pt;\">Jos\u00e9 Antonio Go\u00f1i\u00a0Beasoain de Paulorena<\/span><\/b><span lang=\"ES-TRAD\" style=\"letter-spacing: -.1pt;\">,\u00a0<em><span style=\"text-decoration: underline;\"><a href=\"http:\/\/phase.cpl.es\/wp-content\/uploads\/2020\/07\/phase357-Editorial.pdf\">Iniciaci\u00f3n al misterio celebrado<\/a><\/span><\/em><\/span><\/p>\n<h3>Art\u00edculos<\/h3>\n<p><strong>Ramiro Gonz\u00e1lez Cougil<\/strong>,\u00a0<em><span style=\"text-decoration: underline;\"><a href=\"http:\/\/phase.cpl.es\/wp-content\/uploads\/2020\/07\/phase357-Ramiro-Gonzalez.pdf\">Cualidades del mistagogo<\/a><\/span><\/em><br \/>\n<strong>Joan Torra i Bitlloch,<\/strong>\u00a0<em><span style=\"text-decoration: underline;\"><a href=\"http:\/\/phase.cpl.es\/wp-content\/uploads\/2020\/07\/phase357-Joan-Torra.pdf\">El serm\u00f3n 227 de san Agust\u00edn, una catequesis para la vivencia de la Eucarist\u00eda<\/a><\/span><\/em><br \/>\n<strong>Guillermo Rosas D\u00edaz<\/strong>,\u00a0<em><span style=\"text-decoration: underline;\"><a href=\"http:\/\/phase.cpl.es\/wp-content\/uploads\/2020\/07\/phase357-Guillermo-Rosas.pdf\">La celebraci\u00f3n lit\u00fargica: experiencia del misterio<\/a><\/span><\/em><br \/>\n<strong>Pablo Blanco Sarto,<\/strong><em><span style=\"text-decoration: underline;\">\u00a0<a href=\"http:\/\/phase.cpl.es\/wp-content\/uploads\/2020\/07\/phase357-Pedro-Blanco.pdf\">Trinidad, Iglesia y Eucarist\u00eda en el \u00abDocumento de M\u00fanich\u00bb (1982) del di\u00e1logo cat\u00f3lico-ortodoxo<\/a><\/span><\/em><br \/>\n<strong>Gabriel Nieto Zahino<\/strong>,<em><span style=\"text-decoration: underline;\"><a href=\"http:\/\/phase.cpl.es\/wp-content\/uploads\/2020\/07\/phase357-Gabriel-Nieto.pdf\"> Sacerdocio y sacrificio en el tiempo de la Iglesia: El sacerdocio en la Iglesia (I)<\/a><\/span><\/em><br \/>\n<strong>Salvador Aguilera L\u00f3pez,<\/strong><em><span style=\"text-decoration: underline;\">\u00a0<a href=\"http:\/\/phase.cpl.es\/wp-content\/uploads\/2020\/07\/phase357-Salvador-Aguilera.pdf\">La celebraci\u00f3n de santa Faustina Kowalska en el Calendario Romano General<\/a><\/span><\/em><\/p>\n<h3>Puntos de vista<\/h3>\n<p><em>Actuaci\u00f3n ministerial o participaci\u00f3n lit\u00fargica: la confusi\u00f3n a evitar<\/em> <strong>(Manuel Carmona Garcia)<\/strong><br \/>\n<em><span style=\"text-decoration: underline;\"><a href=\"http:\/\/phase.cpl.es\/wp-content\/uploads\/2020\/07\/phase357-Xavier-Aymerich.pdf\">Sobre las celebraciones dominicales en ausencia de presb\u00edtero: el Dossier CPL y el tema de la comuni\u00f3n<\/a><\/span>\u00a0<\/em><strong>(Xavier Aymerich Mi\u00f1arro) <\/strong>-art\u00edculo integro-<br \/>\n<em>Lo sacramental en el centro de la experiencia cristiana<\/em> <strong>(Jose Manuel Bernal Llorente)<\/strong><br \/>\n<em>La reciprocidad entre fe y sacramentos en la econom\u00eda sacramental<\/em> <strong>(Juan Javier Flores Arcas)<\/strong><br \/>\n<em>La Congregaci\u00f3n para el Rito Hispano-Moz\u00e1rabe<\/em> <strong>(Juan Manuel Sierra L\u00f3pez)<\/strong><br \/>\n<em>Un sue\u00f1o amaz\u00f3nico. Un nuevo rito en la Iglesia latina<\/em> <strong>(Gonzalo Guzm\u00e1n Karadima)<\/strong><\/p>\n<h3>Noticias<\/h3>\n<p><span style=\"text-decoration: underline;\"><em><a href=\"http:\/\/phase.cpl.es\/wp-content\/uploads\/2020\/07\/phase-357-noticias.pdf\">Decreto \u00abQuo magis\u00bb (22 de febrero de 2020) por el que se aprueban siete nuevos prefacios eucar\u00edsticos para la forma extraordinaria del rito romano; Inclusi\u00f3n de tres nuevas invocaciones en las letan\u00edas lauretanas<\/a><\/em><\/span><em>\u00a0<\/em>-art\u00edculo \u00edntegro-<\/p>\n<h3>Libros<\/h3>\n<p><em>Bibliograf\u00eda reciente en alem\u00e1n (2019)<\/em> <strong>(Guillermo Rosas D\u00edaz)<\/strong><br \/>\n<em>Bibliograf\u00eda reciente en ingl\u00e9s<\/em> <strong>(Crist\u00f3bal M. Orellana Gonzalez \u2013 Jose Antonio Go\u00f1i Beasoain de Paulorena)<\/strong><br \/>\nPere Tena, <em>Una casa, una mesa, un solo coraz\u00f3n. Catequesis mistag\u00f3gica de la dedicaci\u00f3n de una iglesia<\/em>; Juan Javier Flores, <em>La belleza de la liturgia. Contemplar la hermosura de Dios <\/em><strong>(Ramiro Gonzalez Cougil)<\/strong><\/p>\n<h3><i>In memoriam<\/i><\/h3>\n<p><span style=\"text-decoration: underline;\"><em><a href=\"http:\/\/phase.cpl.es\/wp-content\/uploads\/2020\/07\/phase-357-In-Memoriam-Juan-Velasco.pdf\">Juan Mart\u00edn Velasco (1934-2020). Un santo, un sabio, un maestro, un profeta<\/a><\/em><\/span><strong>\u00a0(Jose Maria P\u00e9rez-Soba D\u00edez del Corral)\u00a0<\/strong>-art\u00edculo \u00edntegro-<br \/>\n<span style=\"text-decoration: underline;\"><em><a href=\"http:\/\/phase.cpl.es\/wp-content\/uploads\/2020\/07\/phase357-In-Memoriam-Miguel-DAnnibale.pdf\">Juan Mart\u00edn Velasco (1934-2020). Un santo, un sabio, un maestro, un profeta<\/a><\/em><\/span><strong>\u00a0(Jose Antonio Go\u00f1i Beasoain de Paulorena)\u00a0<\/strong>-art\u00edculo \u00edntegro-<\/p>\n<h3>Novedades editoriales<\/h3>\n<p><em><span style=\"text-decoration: underline;\"><a href=\"http:\/\/phase.cpl.es\/wp-content\/uploads\/2020\/07\/phase-357-novedades-CPL.pdf\">Colecciones del Centro de Pastoral Lit\u00fargica: Biblioteca Lit\u00fargica, Cuadernos Phase&#8230;<\/a><\/span><\/em><\/p>\n","protected":false},"excerpt":{"rendered":"<p>julio-agosto-septiembre\u00a0Phase\u00a060 (2020) Editorial Jos\u00e9 Antonio Go\u00f1i\u00a0Beasoain de Paulorena,\u00a0Iniciaci\u00f3n al misterio celebrado Art\u00edculos Ramiro Gonz\u00e1lez Cougil,\u00a0Cualidades del mistagogo Joan Torra i Bitlloch,\u00a0El serm\u00f3n 227 de san Agust\u00edn, una catequesis para la vivencia de la Eucarist\u00eda Guillermo Rosas D\u00edaz,\u00a0La celebraci\u00f3n lit\u00fargica: experiencia del misterio Pablo Blanco Sarto,\u00a0Trinidad, Iglesia y Eucarist\u00eda en el &#8230;<\/p>\n","protected":false},"author":1,"featured_media":0,"comment_status":"closed","ping_status":"closed","sticky":false,"template":"","format":"standard","meta":{"footnotes":""},"categories":[5],"tags":[62,60,61],"_links":{"self":[{"href":"https:\/\/www.cpl.es\/phase\/index.php?rest_route=\/wp\/v2\/posts\/1646"}],"collection":[{"href":"https:\/\/www.cpl.es\/phase\/index.php?rest_route=\/wp\/v2\/posts"}],"about":[{"href":"https:\/\/www.cpl.es\/phase\/index.php?rest_route=\/wp\/v2\/types\/post"}],"author":[{"embeddable":true,"href":"https:\/\/www.cpl.es\/phase\/index.php?rest_route=\/wp\/v2\/users\/1"}],"replies":[{"embeddable":true,"href":"https:\/\/www.cpl.es\/phase\/index.php?rest_route=%2Fwp%2Fv2%2Fcomments&post=1646"}],"version-history":[{"count":3,"href":"https:\/\/www.cpl.es\/phase\/index.php?rest_route=\/wp\/v2\/posts\/1646\/revisions"}],"predecessor-version":[{"id":1650,"href":"https:\/\/www.cpl.es\/phase\/index.php?rest_route=\/wp\/v2\/posts\/1646\/revisions\/1650"}],"wp:attachment":[{"href":"https:\/\/www.cpl.es\/phase\/index.php?rest_route=%2Fwp%2Fv2%2Fmedia&parent=1646"}],"wp:term":[{"taxonomy":"category","embeddable":true,"href":"https:\/\/www.cpl.es\/phase\/index.php?rest_route=%2Fwp%2Fv2%2Fcategories&post=1646"},{"taxonomy":"post_tag","embeddable":true,"href":"https:\/\/www.cpl.es\/phase\/index.php?rest_route=%2Fwp%2Fv2%2Ftags&post=1646"}],"curies":[{"name":"wp","href":"https:\/\/api.w.org\/{rel}","templated":true}]}}