{"id":608,"date":"2018-11-12T12:00:20","date_gmt":"2018-11-12T10:00:20","guid":{"rendered":"http:\/\/ivory-newt-719188.hostingersite.com\/?p=608"},"modified":"2018-11-08T14:40:42","modified_gmt":"2018-11-08T12:40:42","slug":"educar-en-el-silencio","status":"publish","type":"post","link":"https:\/\/www.cpl.es\/galilea\/2018\/11\/12\/educar-en-el-silencio\/","title":{"rendered":"Educar en el silencio"},"content":{"rendered":"<p><em>(Marta Dig\u00f3n e Hilario Ib\u00e1\u00f1ez)<\/em>\u00a0Cada d\u00eda se percibe m\u00e1s la necesidad de silencio. Va cayendo, poco a poco, la percepci\u00f3n del silencio como inacci\u00f3n y p\u00e9rdida de tiempo, y se empieza a sentir ese deseo profundo de detenerse, de mirar qu\u00e9 pasa y qu\u00e9 me pasa. A veces sucede que el exceso de ruido externo no es otra cosa que la ocultaci\u00f3n del atronador sonido del silencio, que como deseo nace de la profundidad que somos.<!--more--><\/p>\n<p>Quien m\u00e1s quien menos se siente sometido a constantes inputs que le trasladan al mismo tiempo y sin soluci\u00f3n de continuidad lo que ocurre a miles de kil\u00f3metros y en un grupo de <em>whatsapp<\/em>. Hay una urgencia exigida en acceder y responder a lo que aparece en pantalla.<\/p>\n<p>La persona se percibe fragmentada, hecha de partes muy diversas y contradictorias, que le pueden sumir en estados de nerviosismo o ansiedad. Se necesita un lugar, un espacio, un \u00e1mbito que facilite serenidad y armon\u00eda.<br \/>\nEse \u00e1mbito es el silencio, que permite reposar, filtrar y escoger lo m\u00e1s importante. Pero el silencio no tiene solo una dimensi\u00f3n funcional. El silencio es la posibilidad de conectar con uno mismo, de saber qui\u00e9n es, de acceder a lo grandioso que somos. Es el lugar de la contemplaci\u00f3n y del permanecer callado porque, al conectar con la profundidad que somos, nos quedamos sin palabras.<\/p>\n<p>Educar en el silencio se presenta como una necesidad de primer orden. \u00bfC\u00f3mo educarlo en la familia? Al igual que en la familia se aprende a comer, a dormir, o las normas b\u00e1sicas de convivencia, hemos de ir incorporando la necesidad de aprender a practicar silencio. Pero conscientes de que no es una ense\u00f1anza, sino una vivencia y ha de ser un aprendizaje com\u00fan de adultos y ni\u00f1os, donde unos aprendan de los otros. M\u00e1s bien es acompa\u00f1ar y vivenciar juntos.<\/p>\n<p>En la familia hay que buscar lugares y momentos para educar en la admiraci\u00f3n, para fomentar la escucha, sin m\u00f3vil ni tele. Tal vez haya que incorporar en la casa un espacio para poder disfrutar, aunque solo sea por unos minutos, de silencio. Hay que aprovechar encuentros en la naturaleza o en viajes para caer en la cuenta de lo que sucede y ayudar a conectar con uno mismo.<\/p>\n<p>Cam\u00ed endins (\u00abCamino adentro\u00bb) facilita encuentros de familias, en los que hay trabajo conjunto de adultos y ni\u00f1os. La experiencia siempre sorprende, porque tanto unos como otros se descubren experimentando juntos algo profundo.<\/p>\n","protected":false},"excerpt":{"rendered":"<p>(Marta Dig\u00f3n e Hilario Ib\u00e1\u00f1ez)\u00a0Cada d\u00eda se percibe m\u00e1s la necesidad de silencio. Va cayendo, poco a poco, la percepci\u00f3n del silencio como inacci\u00f3n y p\u00e9rdida de tiempo, y se empieza a sentir ese deseo profundo de detenerse, de mirar qu\u00e9 pasa y qu\u00e9 me pasa. A veces sucede que el exceso de ruido externo &hellip; <a href=\"https:\/\/www.cpl.es\/galilea\/2018\/11\/12\/educar-en-el-silencio\/\" class=\"more-link\">Continuar leyendo<span class=\"screen-reader-text\"> &#8220;Educar en el silencio&#8221;<\/span><\/a><\/p>\n","protected":false},"author":1,"featured_media":609,"comment_status":"open","ping_status":"open","sticky":false,"template":"","format":"standard","meta":{"footnotes":""},"categories":[24],"tags":[60,59,58,52],"class_list":["post-608","post","type-post","status-publish","format-standard","has-post-thumbnail","hentry","category-transmitir-el-gusto-por-la-liturgia","tag-familia","tag-nina","tag-nino","tag-silencio"],"yoast_head":"<!-- This site is optimized with the Yoast SEO plugin v23.5 - https:\/\/yoast.com\/wordpress\/plugins\/seo\/ -->\n<title>Educar en el silencio - Galilea.153<\/title>\n<meta name=\"robots\" content=\"index, follow, max-snippet:-1, max-image-preview:large, max-video-preview:-1\" \/>\n<link rel=\"canonical\" href=\"https:\/\/www.cpl.es\/galilea\/2018\/11\/12\/educar-en-el-silencio\/\" \/>\n<meta property=\"og:locale\" content=\"es_ES\" \/>\n<meta property=\"og:type\" content=\"article\" \/>\n<meta property=\"og:title\" content=\"Educar en el silencio - Galilea.153\" \/>\n<meta property=\"og:description\" content=\"(Marta Dig\u00f3n e Hilario Ib\u00e1\u00f1ez)\u00a0Cada d\u00eda se percibe m\u00e1s la necesidad de silencio. Va cayendo, poco a poco, la percepci\u00f3n del silencio como inacci\u00f3n y p\u00e9rdida de tiempo, y se empieza a sentir ese deseo profundo de detenerse, de mirar qu\u00e9 pasa y qu\u00e9 me pasa. A veces sucede que el exceso de ruido externo &hellip; Continuar leyendo &quot;Educar en el silencio&quot;\" \/>\n<meta property=\"og:url\" content=\"https:\/\/www.cpl.es\/galilea\/2018\/11\/12\/educar-en-el-silencio\/\" \/>\n<meta property=\"og:site_name\" content=\"Galilea.153\" \/>\n<meta property=\"article:publisher\" content=\"https:\/\/www.facebook.com\/CPLeditorial\" \/>\n<meta property=\"article:published_time\" content=\"2018-11-12T10:00:20+00:00\" \/>\n<meta property=\"article:modified_time\" content=\"2018-11-08T12:40:42+00:00\" \/>\n<meta property=\"og:image\" content=\"https:\/\/www.cpl.es\/galilea\/wp-content\/uploads\/2018\/11\/child-438373-1-1024x653.jpg\" \/>\n\t<meta property=\"og:image:width\" content=\"1024\" \/>\n\t<meta property=\"og:image:height\" content=\"653\" \/>\n\t<meta property=\"og:image:type\" content=\"image\/jpeg\" \/>\n<meta name=\"author\" content=\"Redacci\u00f3n\" \/>\n<meta name=\"twitter:card\" content=\"summary_large_image\" \/>\n<meta name=\"twitter:creator\" content=\"@CPLeditorial\" \/>\n<meta name=\"twitter:site\" content=\"@CPLeditorial\" \/>\n<meta name=\"twitter:label1\" content=\"Escrito por\" \/>\n\t<meta name=\"twitter:data1\" content=\"Redacci\u00f3n\" \/>\n\t<meta name=\"twitter:label2\" content=\"Tiempo de lectura\" \/>\n\t<meta name=\"twitter:data2\" content=\"2 minutos\" \/>\n<script type=\"application\/ld+json\" class=\"yoast-schema-graph\">{\"@context\":\"https:\/\/schema.org\",\"@graph\":[{\"@type\":\"Article\",\"@id\":\"https:\/\/www.cpl.es\/galilea\/2018\/11\/12\/educar-en-el-silencio\/#article\",\"isPartOf\":{\"@id\":\"https:\/\/www.cpl.es\/galilea\/2018\/11\/12\/educar-en-el-silencio\/\"},\"author\":{\"name\":\"Redacci\u00f3n\",\"@id\":\"https:\/\/www.cpl.es\/galilea\/#\/schema\/person\/2acf6b542dd68cf66dab8da157b62bcf\"},\"headline\":\"Educar en el silencio\",\"datePublished\":\"2018-11-12T10:00:20+00:00\",\"dateModified\":\"2018-11-08T12:40:42+00:00\",\"mainEntityOfPage\":{\"@id\":\"https:\/\/www.cpl.es\/galilea\/2018\/11\/12\/educar-en-el-silencio\/\"},\"wordCount\":439,\"commentCount\":0,\"publisher\":{\"@id\":\"https:\/\/www.cpl.es\/galilea\/#organization\"},\"image\":{\"@id\":\"https:\/\/www.cpl.es\/galilea\/2018\/11\/12\/educar-en-el-silencio\/#primaryimage\"},\"thumbnailUrl\":\"https:\/\/www.cpl.es\/galilea\/wp-content\/uploads\/2018\/11\/child-438373-1.jpg\",\"keywords\":[\"familia\",\"ni\u00f1a\",\"ni\u00f1o\",\"silencio\"],\"articleSection\":[\"Transmitir el gusto por la liturgia\"],\"inLanguage\":\"es\",\"potentialAction\":[{\"@type\":\"CommentAction\",\"name\":\"Comment\",\"target\":[\"https:\/\/www.cpl.es\/galilea\/2018\/11\/12\/educar-en-el-silencio\/#respond\"]}]},{\"@type\":\"WebPage\",\"@id\":\"https:\/\/www.cpl.es\/galilea\/2018\/11\/12\/educar-en-el-silencio\/\",\"url\":\"https:\/\/www.cpl.es\/galilea\/2018\/11\/12\/educar-en-el-silencio\/\",\"name\":\"Educar en el silencio - Galilea.153\",\"isPartOf\":{\"@id\":\"https:\/\/www.cpl.es\/galilea\/#website\"},\"primaryImageOfPage\":{\"@id\":\"https:\/\/www.cpl.es\/galilea\/2018\/11\/12\/educar-en-el-silencio\/#primaryimage\"},\"image\":{\"@id\":\"https:\/\/www.cpl.es\/galilea\/2018\/11\/12\/educar-en-el-silencio\/#primaryimage\"},\"thumbnailUrl\":\"https:\/\/www.cpl.es\/galilea\/wp-content\/uploads\/2018\/11\/child-438373-1.jpg\",\"datePublished\":\"2018-11-12T10:00:20+00:00\",\"dateModified\":\"2018-11-08T12:40:42+00:00\",\"breadcrumb\":{\"@id\":\"https:\/\/www.cpl.es\/galilea\/2018\/11\/12\/educar-en-el-silencio\/#breadcrumb\"},\"inLanguage\":\"es\",\"potentialAction\":[{\"@type\":\"ReadAction\",\"target\":[\"https:\/\/www.cpl.es\/galilea\/2018\/11\/12\/educar-en-el-silencio\/\"]}]},{\"@type\":\"ImageObject\",\"inLanguage\":\"es\",\"@id\":\"https:\/\/www.cpl.es\/galilea\/2018\/11\/12\/educar-en-el-silencio\/#primaryimage\",\"url\":\"https:\/\/www.cpl.es\/galilea\/wp-content\/uploads\/2018\/11\/child-438373-1.jpg\",\"contentUrl\":\"https:\/\/www.cpl.es\/galilea\/wp-content\/uploads\/2018\/11\/child-438373-1.jpg\",\"width\":5850,\"height\":3729},{\"@type\":\"BreadcrumbList\",\"@id\":\"https:\/\/www.cpl.es\/galilea\/2018\/11\/12\/educar-en-el-silencio\/#breadcrumb\",\"itemListElement\":[{\"@type\":\"ListItem\",\"position\":1,\"name\":\"Home\",\"item\":\"https:\/\/www.cpl.es\/galilea\/\"},{\"@type\":\"ListItem\",\"position\":2,\"name\":\"Educar en el silencio\"}]},{\"@type\":\"WebSite\",\"@id\":\"https:\/\/www.cpl.es\/galilea\/#website\",\"url\":\"https:\/\/www.cpl.es\/galilea\/\",\"name\":\"Galilea.153\",\"description\":\"Liturgia, pastoral, vida cristiana\",\"publisher\":{\"@id\":\"https:\/\/www.cpl.es\/galilea\/#organization\"},\"potentialAction\":[{\"@type\":\"SearchAction\",\"target\":{\"@type\":\"EntryPoint\",\"urlTemplate\":\"https:\/\/www.cpl.es\/galilea\/?s={search_term_string}\"},\"query-input\":{\"@type\":\"PropertyValueSpecification\",\"valueRequired\":true,\"valueName\":\"search_term_string\"}}],\"inLanguage\":\"es\"},{\"@type\":\"Organization\",\"@id\":\"https:\/\/www.cpl.es\/galilea\/#organization\",\"name\":\"Centre de Pastoral Lit\u00fargica\",\"url\":\"https:\/\/www.cpl.es\/galilea\/\",\"logo\":{\"@type\":\"ImageObject\",\"inLanguage\":\"es\",\"@id\":\"https:\/\/www.cpl.es\/galilea\/#\/schema\/logo\/image\/\",\"url\":\"https:\/\/i0.wp.com\/ivory-newt-719188.hostingersite.com\/wp-content\/uploads\/2022\/10\/perfil-xarxes-400x400-1.jpg?fit=400%2C400&ssl=1\",\"contentUrl\":\"https:\/\/i0.wp.com\/ivory-newt-719188.hostingersite.com\/wp-content\/uploads\/2022\/10\/perfil-xarxes-400x400-1.jpg?fit=400%2C400&ssl=1\",\"width\":400,\"height\":400,\"caption\":\"Centre de Pastoral Lit\u00fargica\"},\"image\":{\"@id\":\"https:\/\/www.cpl.es\/galilea\/#\/schema\/logo\/image\/\"},\"sameAs\":[\"https:\/\/www.facebook.com\/CPLeditorial\",\"https:\/\/x.com\/CPLeditorial\",\"https:\/\/www.instagram.com\/cpleditorial\/\",\"https:\/\/www.youtube.com\/c\/CentredePastoralLitrgicaCPL\"]},{\"@type\":\"Person\",\"@id\":\"https:\/\/www.cpl.es\/galilea\/#\/schema\/person\/2acf6b542dd68cf66dab8da157b62bcf\",\"name\":\"Redacci\u00f3n\",\"image\":{\"@type\":\"ImageObject\",\"inLanguage\":\"es\",\"@id\":\"https:\/\/www.cpl.es\/galilea\/#\/schema\/person\/image\/\",\"url\":\"https:\/\/secure.gravatar.com\/avatar\/a7d8eb81e61989a1685882d33a1b4116?s=96&d=mm&r=g\",\"contentUrl\":\"https:\/\/secure.gravatar.com\/avatar\/a7d8eb81e61989a1685882d33a1b4116?s=96&d=mm&r=g\",\"caption\":\"Redacci\u00f3n\"},\"url\":\"https:\/\/www.cpl.es\/galilea\/author\/pastoral_wp\/\"}]}<\/script>\n<!-- \/ Yoast SEO plugin. -->","yoast_head_json":{"title":"Educar en el silencio - Galilea.153","robots":{"index":"index","follow":"follow","max-snippet":"max-snippet:-1","max-image-preview":"max-image-preview:large","max-video-preview":"max-video-preview:-1"},"canonical":"https:\/\/www.cpl.es\/galilea\/2018\/11\/12\/educar-en-el-silencio\/","og_locale":"es_ES","og_type":"article","og_title":"Educar en el silencio - Galilea.153","og_description":"(Marta Dig\u00f3n e Hilario Ib\u00e1\u00f1ez)\u00a0Cada d\u00eda se percibe m\u00e1s la necesidad de silencio. Va cayendo, poco a poco, la percepci\u00f3n del silencio como inacci\u00f3n y p\u00e9rdida de tiempo, y se empieza a sentir ese deseo profundo de detenerse, de mirar qu\u00e9 pasa y qu\u00e9 me pasa. A veces sucede que el exceso de ruido externo &hellip; Continuar leyendo \"Educar en el silencio\"","og_url":"https:\/\/www.cpl.es\/galilea\/2018\/11\/12\/educar-en-el-silencio\/","og_site_name":"Galilea.153","article_publisher":"https:\/\/www.facebook.com\/CPLeditorial","article_published_time":"2018-11-12T10:00:20+00:00","article_modified_time":"2018-11-08T12:40:42+00:00","og_image":[{"width":1024,"height":653,"url":"https:\/\/www.cpl.es\/galilea\/wp-content\/uploads\/2018\/11\/child-438373-1-1024x653.jpg","type":"image\/jpeg"}],"author":"Redacci\u00f3n","twitter_card":"summary_large_image","twitter_creator":"@CPLeditorial","twitter_site":"@CPLeditorial","twitter_misc":{"Escrito por":"Redacci\u00f3n","Tiempo de lectura":"2 minutos"},"schema":{"@context":"https:\/\/schema.org","@graph":[{"@type":"Article","@id":"https:\/\/www.cpl.es\/galilea\/2018\/11\/12\/educar-en-el-silencio\/#article","isPartOf":{"@id":"https:\/\/www.cpl.es\/galilea\/2018\/11\/12\/educar-en-el-silencio\/"},"author":{"name":"Redacci\u00f3n","@id":"https:\/\/www.cpl.es\/galilea\/#\/schema\/person\/2acf6b542dd68cf66dab8da157b62bcf"},"headline":"Educar en el silencio","datePublished":"2018-11-12T10:00:20+00:00","dateModified":"2018-11-08T12:40:42+00:00","mainEntityOfPage":{"@id":"https:\/\/www.cpl.es\/galilea\/2018\/11\/12\/educar-en-el-silencio\/"},"wordCount":439,"commentCount":0,"publisher":{"@id":"https:\/\/www.cpl.es\/galilea\/#organization"},"image":{"@id":"https:\/\/www.cpl.es\/galilea\/2018\/11\/12\/educar-en-el-silencio\/#primaryimage"},"thumbnailUrl":"https:\/\/www.cpl.es\/galilea\/wp-content\/uploads\/2018\/11\/child-438373-1.jpg","keywords":["familia","ni\u00f1a","ni\u00f1o","silencio"],"articleSection":["Transmitir el gusto por la liturgia"],"inLanguage":"es","potentialAction":[{"@type":"CommentAction","name":"Comment","target":["https:\/\/www.cpl.es\/galilea\/2018\/11\/12\/educar-en-el-silencio\/#respond"]}]},{"@type":"WebPage","@id":"https:\/\/www.cpl.es\/galilea\/2018\/11\/12\/educar-en-el-silencio\/","url":"https:\/\/www.cpl.es\/galilea\/2018\/11\/12\/educar-en-el-silencio\/","name":"Educar en el silencio - Galilea.153","isPartOf":{"@id":"https:\/\/www.cpl.es\/galilea\/#website"},"primaryImageOfPage":{"@id":"https:\/\/www.cpl.es\/galilea\/2018\/11\/12\/educar-en-el-silencio\/#primaryimage"},"image":{"@id":"https:\/\/www.cpl.es\/galilea\/2018\/11\/12\/educar-en-el-silencio\/#primaryimage"},"thumbnailUrl":"https:\/\/www.cpl.es\/galilea\/wp-content\/uploads\/2018\/11\/child-438373-1.jpg","datePublished":"2018-11-12T10:00:20+00:00","dateModified":"2018-11-08T12:40:42+00:00","breadcrumb":{"@id":"https:\/\/www.cpl.es\/galilea\/2018\/11\/12\/educar-en-el-silencio\/#breadcrumb"},"inLanguage":"es","potentialAction":[{"@type":"ReadAction","target":["https:\/\/www.cpl.es\/galilea\/2018\/11\/12\/educar-en-el-silencio\/"]}]},{"@type":"ImageObject","inLanguage":"es","@id":"https:\/\/www.cpl.es\/galilea\/2018\/11\/12\/educar-en-el-silencio\/#primaryimage","url":"https:\/\/www.cpl.es\/galilea\/wp-content\/uploads\/2018\/11\/child-438373-1.jpg","contentUrl":"https:\/\/www.cpl.es\/galilea\/wp-content\/uploads\/2018\/11\/child-438373-1.jpg","width":5850,"height":3729},{"@type":"BreadcrumbList","@id":"https:\/\/www.cpl.es\/galilea\/2018\/11\/12\/educar-en-el-silencio\/#breadcrumb","itemListElement":[{"@type":"ListItem","position":1,"name":"Home","item":"https:\/\/www.cpl.es\/galilea\/"},{"@type":"ListItem","position":2,"name":"Educar en el silencio"}]},{"@type":"WebSite","@id":"https:\/\/www.cpl.es\/galilea\/#website","url":"https:\/\/www.cpl.es\/galilea\/","name":"Galilea.153","description":"Liturgia, pastoral, vida cristiana","publisher":{"@id":"https:\/\/www.cpl.es\/galilea\/#organization"},"potentialAction":[{"@type":"SearchAction","target":{"@type":"EntryPoint","urlTemplate":"https:\/\/www.cpl.es\/galilea\/?s={search_term_string}"},"query-input":{"@type":"PropertyValueSpecification","valueRequired":true,"valueName":"search_term_string"}}],"inLanguage":"es"},{"@type":"Organization","@id":"https:\/\/www.cpl.es\/galilea\/#organization","name":"Centre de Pastoral Lit\u00fargica","url":"https:\/\/www.cpl.es\/galilea\/","logo":{"@type":"ImageObject","inLanguage":"es","@id":"https:\/\/www.cpl.es\/galilea\/#\/schema\/logo\/image\/","url":"https:\/\/i0.wp.com\/ivory-newt-719188.hostingersite.com\/wp-content\/uploads\/2022\/10\/perfil-xarxes-400x400-1.jpg?fit=400%2C400&ssl=1","contentUrl":"https:\/\/i0.wp.com\/ivory-newt-719188.hostingersite.com\/wp-content\/uploads\/2022\/10\/perfil-xarxes-400x400-1.jpg?fit=400%2C400&ssl=1","width":400,"height":400,"caption":"Centre de Pastoral Lit\u00fargica"},"image":{"@id":"https:\/\/www.cpl.es\/galilea\/#\/schema\/logo\/image\/"},"sameAs":["https:\/\/www.facebook.com\/CPLeditorial","https:\/\/x.com\/CPLeditorial","https:\/\/www.instagram.com\/cpleditorial\/","https:\/\/www.youtube.com\/c\/CentredePastoralLitrgicaCPL"]},{"@type":"Person","@id":"https:\/\/www.cpl.es\/galilea\/#\/schema\/person\/2acf6b542dd68cf66dab8da157b62bcf","name":"Redacci\u00f3n","image":{"@type":"ImageObject","inLanguage":"es","@id":"https:\/\/www.cpl.es\/galilea\/#\/schema\/person\/image\/","url":"https:\/\/secure.gravatar.com\/avatar\/a7d8eb81e61989a1685882d33a1b4116?s=96&d=mm&r=g","contentUrl":"https:\/\/secure.gravatar.com\/avatar\/a7d8eb81e61989a1685882d33a1b4116?s=96&d=mm&r=g","caption":"Redacci\u00f3n"},"url":"https:\/\/www.cpl.es\/galilea\/author\/pastoral_wp\/"}]}},"_links":{"self":[{"href":"https:\/\/www.cpl.es\/galilea\/wp-json\/wp\/v2\/posts\/608"}],"collection":[{"href":"https:\/\/www.cpl.es\/galilea\/wp-json\/wp\/v2\/posts"}],"about":[{"href":"https:\/\/www.cpl.es\/galilea\/wp-json\/wp\/v2\/types\/post"}],"author":[{"embeddable":true,"href":"https:\/\/www.cpl.es\/galilea\/wp-json\/wp\/v2\/users\/1"}],"replies":[{"embeddable":true,"href":"https:\/\/www.cpl.es\/galilea\/wp-json\/wp\/v2\/comments?post=608"}],"version-history":[{"count":1,"href":"https:\/\/www.cpl.es\/galilea\/wp-json\/wp\/v2\/posts\/608\/revisions"}],"predecessor-version":[{"id":610,"href":"https:\/\/www.cpl.es\/galilea\/wp-json\/wp\/v2\/posts\/608\/revisions\/610"}],"wp:featuredmedia":[{"embeddable":true,"href":"https:\/\/www.cpl.es\/galilea\/wp-json\/wp\/v2\/media\/609"}],"wp:attachment":[{"href":"https:\/\/www.cpl.es\/galilea\/wp-json\/wp\/v2\/media?parent=608"}],"wp:term":[{"taxonomy":"category","embeddable":true,"href":"https:\/\/www.cpl.es\/galilea\/wp-json\/wp\/v2\/categories?post=608"},{"taxonomy":"post_tag","embeddable":true,"href":"https:\/\/www.cpl.es\/galilea\/wp-json\/wp\/v2\/tags?post=608"}],"curies":[{"name":"wp","href":"https:\/\/api.w.org\/{rel}","templated":true}]}}