{"id":2625,"date":"2023-07-14T10:51:25","date_gmt":"2023-07-14T08:51:25","guid":{"rendered":"http:\/\/ivory-newt-719188.hostingersite.com\/?p=2625"},"modified":"2023-09-19T12:35:03","modified_gmt":"2023-09-19T10:35:03","slug":"daniel-carvalho-rito-especial-para-la-amazonia","status":"publish","type":"post","link":"https:\/\/www.cpl.es\/galilea\/2023\/07\/14\/daniel-carvalho-rito-especial-para-la-amazonia\/","title":{"rendered":"Daniel Carvalho: rito especial para la Amazon\u00eda"},"content":{"rendered":"\n<p class=\"has-text-color\" style=\"color:#006eb6\"><strong>Carme Munt\u00e9 Margalef<\/strong> entrevista a Daniel Carvalho<\/p>\n\n\n\n<p class=\"has-text-color\" style=\"color:#006eb6\">Casi cuatro a\u00f1os despu\u00e9s de la celebraci\u00f3n del <a href=\"http:\/\/secretariat.synod.va\/content\/sinodoamazonico\/es.html\">S\u00ednodo para la Amazon\u00eda<\/a>, el fil\u00f3sofo y te\u00f3logo brasile\u00f1o Daniel Carvalho reconoce que la \u00abinstituci\u00f3n de la <a href=\"https:\/\/www.repam.net\/es\/tag\/ceama\/\">Conferencia Eclesial de la Amazon\u00eda<\/a>, por el papa Francisco en 2021, fue el principal legado del S\u00ednodo. A partir de este nuevo modelo de organizaci\u00f3n eclesial, la experiencia de la sinodalidad se puede realizar con un rostro propio en la regi\u00f3n amaz\u00f3nica\u00bb.<\/p>\n\n\n\n<p class=\"has-text-color\" style=\"color:#006eb6\">Carvalho, que trabaj\u00f3 con el obispo catal\u00e1n Pere Casald\u00e0liga, forma parte de la comisi\u00f3n para consolidar un rito especial para la Amazon\u00eda. \u00abPere es un intercesor en el cielo para que los actuales compromisos de preservaci\u00f3n y evangelizaci\u00f3n en la Amazon\u00eda tengan un \u00e9xito justo\u00bb, afirma.<\/p>\n\n\n\n<!--more-->\n\n\n\n<p class=\"has-text-color\" style=\"color:#006eb6\"><strong>En la Exhortaci\u00f3n postsinodal <em>Querida Amazon\u00eda<\/em> se habla de un rito especial para la Amazon\u00eda, que expresa el patrimonio lit\u00fargico, teol\u00f3gico, disciplinario y espiritual amaz\u00f3nico. \u00bfCu\u00e1l es la importancia de la inculturaci\u00f3n lit\u00fargica?<\/strong><\/p>\n\n\n\n<p>La inculturaci\u00f3n lit\u00fargica existe en funci\u00f3n de la inculturaci\u00f3n de la fe. Y tiene que ver con la fecundaci\u00f3n mutua entre el Evangelio y la cultura. Por eso, siguiendo el ejemplo de Jesucristo, que se encarn\u00f3 en Galilea, como jud\u00edo, hijo de un carpintero, dominado por el Imperio Romano, sus disc\u00edpulos-misioneros tambi\u00e9n se encarnaron en la cultura de los pueblos a los que quer\u00edan llevar el Evangelio. Para celebrar la vida del pueblo a la luz de la vida de Cristo, hay que hacerlo en la lengua de ese pueblo y en funci\u00f3n de los par\u00e1metros culturales locales. La importancia de la inculturaci\u00f3n lit\u00fargica reside, pues, en unir fe y vida para que los cristianos de todo el mundo puedan celebrar y vivir la fe en sus propias realidades culturales.<\/p>\n\n\n\n<p class=\"has-text-color\" style=\"color:#006eb6\"><strong>\u00bfCu\u00e1l es el fundamento te\u00f3rico y jur\u00eddico para la proposici\u00f3n de un nuevo rito cat\u00f3lico?<\/strong><\/p>\n\n\n\n<p>Actualmente, la Iglesia cat\u00f3lica est\u00e1 formada por 24 Iglesias (<em>sui iuris<\/em>) que tienen ritos propios. Adem\u00e1s, en el interior de la Iglesia latina, es decir, romana, hay una pluralidad de ritos. Espa\u00f1a tiene uno de los m\u00e1s conocidos, el moz\u00e1rabe. Otros ejemplos son el ambrosiano, en Mil\u00e1n, y el zairense, en el Congo. La diversidad de ritos no desvirt\u00faa la unidad de la Iglesia. Al contrario, revela su diversidad. La regi\u00f3n panamaz\u00f3nica, que engloba nueve pa\u00edses, la integran m\u00e1s de trescientos grupos \u00e9tnicos ind\u00edgenas distintos, cada uno con sus propias cosmovisiones y culturas. Sin embargo, la relaci\u00f3n arm\u00f3nica con la naturaleza es una caracter\u00edstica com\u00fan en todos. Es en esta perspectiva socioantropol\u00f3gica donde hay que basar el supuesto rito amaz\u00f3nico. Hay que recordar que fue el episcopado de la regi\u00f3n, reunido en el S\u00ednodo, quien hizo la petici\u00f3n de un rito propio. <\/p>\n\n\n\n<p>Por cierto, la propuesta de este nuevo rito deber\u00eda reemprender una tradici\u00f3n viva hasta el siglo IV del cristianismo. Este modelo misionero acab\u00f3 cuando la cultura romana y la filosof\u00eda griega se fusionaron dentro de la Iglesia latina. La autoafirmaci\u00f3n de Roma sobre las otras Iglesias y los esfuerzos para superar los supuestos abusos derivados, sobre todo, de la mala formaci\u00f3n de los ministros, colaboraron para unificar y endurecer las f\u00f3rmulas rituales. En este sentido, mantener la Tradici\u00f3n significa descubrir de nuevo la regla de la oraci\u00f3n de los Padres de la Iglesia, recuperar el contacto vivo con los pueblos, m\u00e1s que repetir mec\u00e1nicamente rituales poco capaces de dialogar con las culturas contactadas. La liturgia es la oraci\u00f3n de la Iglesia.<\/p>\n\n\n\n<figure class=\"wp-block-image size-large\"><img loading=\"lazy\" decoding=\"async\" width=\"1024\" height=\"653\" src=\"http:\/\/ivory-newt-719188.hostingersite.com\/wp-content\/uploads\/2023\/07\/Cardeal-Barreto-Ceama-1024x653.jpg\" alt=\"\" class=\"wp-image-2720\" srcset=\"https:\/\/www.cpl.es\/galilea\/wp-content\/uploads\/2023\/07\/Cardeal-Barreto-Ceama-1024x653.jpg 1024w, https:\/\/www.cpl.es\/galilea\/wp-content\/uploads\/2023\/07\/Cardeal-Barreto-Ceama-300x191.jpg 300w, https:\/\/www.cpl.es\/galilea\/wp-content\/uploads\/2023\/07\/Cardeal-Barreto-Ceama-768x490.jpg 768w, https:\/\/www.cpl.es\/galilea\/wp-content\/uploads\/2023\/07\/Cardeal-Barreto-Ceama-18x12.jpg 18w, https:\/\/www.cpl.es\/galilea\/wp-content\/uploads\/2023\/07\/Cardeal-Barreto-Ceama.jpg 1080w\" sizes=\"(max-width: 709px) 85vw, (max-width: 909px) 67vw, (max-width: 1362px) 62vw, 840px\" \/><figcaption class=\"wp-element-caption\">Daniel Carvalho y el cardenal Barreto Ceama.<\/figcaption><\/figure>\n\n\n\n<h3 class=\"wp-block-heading has-text-color\" style=\"color:#006eb6\">Un rito especial para la Amazon\u00eda<\/h3>\n\n\n\n<p class=\"has-text-color\" style=\"color:#006eb6\"><strong>\u00bfEn qu\u00e9 punto se encuentran los trabajos de la comisi\u00f3n para el rito amaz\u00f3nico?<\/strong><\/p>\n\n\n\n<p>La comisi\u00f3n para el rito amaz\u00f3nico est\u00e1 bajo el amparo de la Conferencia Eclesial de la Amazon\u00eda. Consta de cuatro grupos de trabajo que se centran en las dimensiones siguientes: 1) antropol\u00f3gica y sociol\u00f3gica; 2) hist\u00f3rica y cultural; 3) tecnol\u00f3gica, eclesiol\u00f3gica y espiritual; 4) ritual y jur\u00eddica. En estos momentos estamos haciendo un trabajo de campo entre distintos pueblos, as\u00ed como en fuentes bibliogr\u00e1ficas, para tejer los fundamentos necesarios para el rito, que hay que evidenciar en el futuro. No hay ninguna previsi\u00f3n en cuanto a su aprobaci\u00f3n. Lo que estamos haciendo es un intento de responder a la llamada del S\u00ednodo para la Amazon\u00eda. Sin embargo, la complejidad que conlleva el rito como fen\u00f3meno religioso requiere de un proceso ordenado y s\u00f3lido.<\/p>\n\n\n\n<p class=\"has-text-color\" style=\"color:#006eb6\"><strong>\u00abEl grito de la Amazon\u00eda no brota solamente del coraz\u00f3n de las selvas, sino tambi\u00e9n desde el interior de sus ciudades\u00bb, leemos en <em>Querida Amazon\u00eda.<\/em> \u00bfLas amenazas contra la Amazon\u00eda c\u00f3mo afectan al conjunto de la humanidad?<\/strong><\/p>\n\n\n\n<p>Esta frase hace referencia al intenso movimiento migratorio que ha marcado la regi\u00f3n amaz\u00f3nica. Los pueblos originarios, antes de la colonizaci\u00f3n, viv\u00edan a orillas de los r\u00edos, pero tuvieron que entrar gradualmente en el bosque para huir de los invasores. En las d\u00e9cadas de 1970 y 1980, el gobierno militar anim\u00f3 a la migraci\u00f3n de sud y nordeste del pa\u00eds hacia la regi\u00f3n amaz\u00f3nica, bajo el enga\u00f1oso argumento de que, si los brasile\u00f1os no la ocupaban, otras naciones lo har\u00edan. Repartieron indistintamente tierras habitadas desde tiempos inmemoriales y expulsaron a los pueblos ind\u00edgenas. <\/p>\n\n\n\n<p>\u00daltimamente, con el avance desenfrenado de la frontera agr\u00edcola y el aumento de las actividades mineras en la regi\u00f3n, muchos pueblos ind\u00edgenas se han visto obligados a emigrar a n\u00facleos urbanos. De este modo, los individuos sobreviven, pero sus culturas son asesinadas. La desforestaci\u00f3n no se detiene. Los incendios delictivos consumen ingentes hect\u00e1reas de bosque cada a\u00f1o. El resultado es que el bosque, que antes absorb\u00eda el CO<sub>2<\/sub>, ahora tambi\u00e9n lo produce, a la par que el calentamiento global desencadena acontecimientos meteorol\u00f3gicos extremos (sequ\u00edas, calor, fr\u00edo, lluvia\u2026) para los cuales no estamos preparados. El grito prof\u00e9tico que viene desde la ciudad y el campo nos tiene que advertir globalmente, hasta que las situaciones de muerte que se imponen en la Amazon\u00eda encuentren la resurrecci\u00f3n.<\/p>\n\n\n\n<figure class=\"wp-block-image size-large\"><img loading=\"lazy\" decoding=\"async\" width=\"1024\" height=\"768\" src=\"http:\/\/ivory-newt-719188.hostingersite.com\/wp-content\/uploads\/2023\/07\/Xingu-Kuarup-1024x768.jpg\" alt=\"J\u00f3venes Kalapalo en la celebraci\u00f3n \u00abKuarup\u00bb por la muerte de una persona importante para la gente del parque Xingugena.\" class=\"wp-image-2634\" srcset=\"https:\/\/www.cpl.es\/galilea\/wp-content\/uploads\/2023\/07\/Xingu-Kuarup-1024x768.jpg 1024w, https:\/\/www.cpl.es\/galilea\/wp-content\/uploads\/2023\/07\/Xingu-Kuarup-300x225.jpg 300w, https:\/\/www.cpl.es\/galilea\/wp-content\/uploads\/2023\/07\/Xingu-Kuarup-768x576.jpg 768w, https:\/\/www.cpl.es\/galilea\/wp-content\/uploads\/2023\/07\/Xingu-Kuarup-16x12.jpg 16w, https:\/\/www.cpl.es\/galilea\/wp-content\/uploads\/2023\/07\/Xingu-Kuarup-1200x900.jpg 1200w, https:\/\/www.cpl.es\/galilea\/wp-content\/uploads\/2023\/07\/Xingu-Kuarup.jpg 1280w\" sizes=\"(max-width: 709px) 85vw, (max-width: 909px) 67vw, (max-width: 1362px) 62vw, 840px\" \/><figcaption class=\"wp-element-caption\"><strong>J\u00f3venes Kalapalo en la celebraci\u00f3n \u00abKuarup\u00bb por la muerte de una persona importante para la gente del parque Xingugena.<\/strong><\/figcaption><\/figure>\n\n\n\n<h3 class=\"wp-block-heading has-text-color\" style=\"color:#006eb6\">Las religiosidades ind\u00edgenas<\/h3>\n\n\n\n<p class=\"has-text-color\" style=\"color:#006eb6\"><strong>\u00bfQu\u00e9 aprendizajes nos ofrecen las poblaciones ind\u00edgenas?<\/strong><\/p>\n\n\n\n<p>En cuanto a la relaci\u00f3n con la naturaleza, seguramente la lecci\u00f3n m\u00e1s importante es cultivarla con prudencia para garantizar el equilibrio del ecosistema. No basta con no degradarse. Debe cultivarse. Mientras nuestra tradici\u00f3n se alejaba del jard\u00edn que el Creador nos ofreci\u00f3 como casa (cf. <em>G\u00e9nesis <\/em>1\u20133), los pueblos ind\u00edgenas hicieron lo contrario. En el fondo, la lecci\u00f3n que nos ofrecen tiene que ver con la necesidad de reinventar la concepci\u00f3n del progreso y del desarrollo, y de crear una nueva visi\u00f3n del mundo que rechace el consumismo desenfrenado y la depredaci\u00f3n. Sobre la trascendencia, hay que decir que se revela en la inmanencia. Las religiosidades ind\u00edgenas veneran los esp\u00edritus del bosque, de los r\u00edos, de los antepasados\u2026 y todos est\u00e1n, de alguna manera, integrados en la naturaleza que, por ende, es sagrada.<\/p>\n\n\n\n<p class=\"has-text-color\" style=\"color:#006eb6\"><strong>\u00bfC\u00f3mo se plasma en la liturgia la vivencia del don de la Creaci\u00f3n?<\/strong><\/p>\n\n\n\n<p>El papa Francisco ha insistido en destacar el hecho de que nuestro encuentro sacramental con Dios tiene lugar a trav\u00e9s de la naturaleza, la materia (<a href=\"http:\/\/ivory-newt-719188.hostingersite.com\/wp-content\/uploads\/2019\/05\/Hoja-laudato-si.pdf\"><em>Laudato si\u2019 <\/em>235-236<\/a>; <em>Desiderio desideravi <\/em>13, 42, 46). El lugar privilegiado de este encuentro es la liturgia. Hace unos meses escrib\u00ed un art\u00edculo para <em>Revista de Liturgia 295 \u2013 A liturgia que faz renascer a Igreja<\/em> acerca del trigo que se utiliza para hacer el pan de la Eucarist\u00eda que, en buena parte, es transg\u00e9nico y contiene trazas de pesticidas. Si los dones presentados en el altar son s\u00edmbolo del pan que alimenta a la humanidad y s\u00edmbolo de toda la Creaci\u00f3n, vale la pena plantearse si nuestras Eucarist\u00edas legitiman el modelo hegem\u00f3nico de la producci\u00f3n de alimentos. La liturgia cristiana se realiza por, para y con nuestros cuerpos, que son nutridos, ungidos, lavados, perfumados\u2026 con materia. La liturgia cristiana no est\u00e1 constituida por abstracciones espirituales, sino por vivencias corporales. <\/p>\n\n\n\n<p>La experiencia del don de la Creaci\u00f3n se refleja bien cuando, por ejemplo, tenemos iluminaci\u00f3n natural en espacios de celebraci\u00f3n que nos hacen sentir integrados en el cosmos. Y se refleja mal cuando empleamos oro extra\u00eddo ilegalmente con el mercurio que contamina los r\u00edos, mata a los peces y envenena a poblaciones ind\u00edgenas, como es el caso de los ianomamis, para hacer c\u00e1lices y patenas \u00abnobles\u00bb.<\/p>\n\n\n\n<figure class=\"wp-block-image size-full\"><img loading=\"lazy\" decoding=\"async\" width=\"960\" height=\"640\" src=\"http:\/\/ivory-newt-719188.hostingersite.com\/wp-content\/uploads\/2023\/07\/Calices-de-madeira-na-romaria-dos-martires.jpg\" alt=\"Los c\u00e1lices y patenas de \u00e1rbol Pau Brasil utilizados en la misa de la Romer\u00eda de los M\u00e1rtires.\" class=\"wp-image-2627\" srcset=\"https:\/\/www.cpl.es\/galilea\/wp-content\/uploads\/2023\/07\/Calices-de-madeira-na-romaria-dos-martires.jpg 960w, https:\/\/www.cpl.es\/galilea\/wp-content\/uploads\/2023\/07\/Calices-de-madeira-na-romaria-dos-martires-300x200.jpg 300w, https:\/\/www.cpl.es\/galilea\/wp-content\/uploads\/2023\/07\/Calices-de-madeira-na-romaria-dos-martires-768x512.jpg 768w, https:\/\/www.cpl.es\/galilea\/wp-content\/uploads\/2023\/07\/Calices-de-madeira-na-romaria-dos-martires-18x12.jpg 18w\" sizes=\"(max-width: 709px) 85vw, (max-width: 909px) 67vw, (max-width: 1362px) 62vw, 840px\" \/><figcaption class=\"wp-element-caption\"><strong>Los c\u00e1lices y patenas de \u00e1rbol &#8220;Pau Brasil&#8221; utilizados en la misa de la Romer\u00eda de los M\u00e1rtires.<\/strong><\/figcaption><\/figure>\n","protected":false},"excerpt":{"rendered":"<p>Carme Munt\u00e9 Margalef entrevista a Daniel Carvalho Casi cuatro a\u00f1os despu\u00e9s de la celebraci\u00f3n del S\u00ednodo para la Amazon\u00eda, el fil\u00f3sofo y te\u00f3logo brasile\u00f1o Daniel Carvalho reconoce que la \u00abinstituci\u00f3n de la Conferencia Eclesial de la Amazon\u00eda, por el papa Francisco en 2021, fue el principal legado del S\u00ednodo. A partir de este nuevo modelo &hellip; <a href=\"https:\/\/www.cpl.es\/galilea\/2023\/07\/14\/daniel-carvalho-rito-especial-para-la-amazonia\/\" class=\"more-link\">Continuar leyendo<span class=\"screen-reader-text\"> &#8220;Daniel Carvalho: rito especial para la Amazon\u00eda&#8221;<\/span><\/a><\/p>\n","protected":false},"author":1,"featured_media":2626,"comment_status":"closed","ping_status":"closed","sticky":false,"template":"","format":"standard","meta":{"footnotes":""},"categories":[1],"tags":[],"class_list":["post-2625","post","type-post","status-publish","format-standard","has-post-thumbnail","hentry","category-general"],"yoast_head":"<!-- This site is optimized with the Yoast SEO plugin v23.5 - https:\/\/yoast.com\/wordpress\/plugins\/seo\/ -->\n<title>Daniel Carvalho: rito especial para la Amazon\u00eda - Galilea.153<\/title>\n<meta name=\"description\" content=\"Carvalho, que trabaj\u00f3 con el obispo catal\u00e1n Pere Casald\u00e0liga, forma parte de la comisi\u00f3n para consolidar un rito especial para la Amazon\u00eda. \u00abPere es un intercesor en el cielo para que los actuales compromisos de preservaci\u00f3n y evangelizaci\u00f3n en la Amazon\u00eda tengan un \u00e9xito justo\u00bb, afirma.\" \/>\n<meta name=\"robots\" content=\"index, follow, max-snippet:-1, max-image-preview:large, max-video-preview:-1\" \/>\n<link rel=\"canonical\" href=\"https:\/\/www.cpl.es\/galilea\/2023\/07\/14\/daniel-carvalho-rito-especial-para-la-amazonia\/\" \/>\n<meta property=\"og:locale\" content=\"es_ES\" \/>\n<meta property=\"og:type\" content=\"article\" \/>\n<meta property=\"og:title\" content=\"Daniel Carvalho: rito especial para la Amazon\u00eda\" \/>\n<meta property=\"og:description\" content=\"Carvalho, que trabaj\u00f3 con el obispo catal\u00e1n Pere Casald\u00e0liga, forma parte de la comisi\u00f3n para consolidar un rito especial para la Amazon\u00eda. \u00abPere es un intercesor en el cielo para que los actuales compromisos de preservaci\u00f3n y evangelizaci\u00f3n en la Amazon\u00eda tengan un \u00e9xito justo\u00bb, afirma.\" \/>\n<meta property=\"og:url\" content=\"https:\/\/www.cpl.es\/galilea\/2023\/07\/14\/daniel-carvalho-rito-especial-para-la-amazonia\/\" \/>\n<meta property=\"og:site_name\" content=\"Galilea.153\" \/>\n<meta property=\"article:publisher\" content=\"https:\/\/www.facebook.com\/CPLeditorial\" \/>\n<meta property=\"article:published_time\" content=\"2023-07-14T08:51:25+00:00\" \/>\n<meta property=\"article:modified_time\" content=\"2023-09-19T10:35:03+00:00\" \/>\n<meta property=\"og:image\" content=\"https:\/\/www.cpl.es\/galilea\/wp-content\/uploads\/2023\/07\/1-dom-pedro.jpg\" \/>\n\t<meta property=\"og:image:width\" content=\"960\" \/>\n\t<meta property=\"og:image:height\" content=\"638\" \/>\n\t<meta property=\"og:image:type\" content=\"image\/jpeg\" \/>\n<meta name=\"author\" content=\"Redacci\u00f3n\" \/>\n<meta name=\"twitter:card\" content=\"summary_large_image\" \/>\n<meta name=\"twitter:title\" content=\"Daniel Carvalho: rito especial para la Amazon\u00eda\" \/>\n<meta name=\"twitter:description\" content=\"Entrevista de Carme Munt\u00e9 a Daniel Carvalho, te\u00f3logo y fil\u00f3sofo.\" \/>\n<meta name=\"twitter:image\" content=\"https:\/\/www.cpl.es\/galilea\/wp-content\/uploads\/2023\/07\/1-dom-pedro.jpg\" \/>\n<meta name=\"twitter:creator\" content=\"@CPLeditorial\" \/>\n<meta name=\"twitter:site\" content=\"@CPLeditorial\" \/>\n<meta name=\"twitter:label1\" content=\"Escrito por\" \/>\n\t<meta name=\"twitter:data1\" content=\"Redacci\u00f3n\" \/>\n\t<meta name=\"twitter:label2\" content=\"Tiempo de lectura\" \/>\n\t<meta name=\"twitter:data2\" content=\"7 minutos\" \/>\n<script type=\"application\/ld+json\" class=\"yoast-schema-graph\">{\"@context\":\"https:\/\/schema.org\",\"@graph\":[{\"@type\":\"Article\",\"@id\":\"https:\/\/www.cpl.es\/galilea\/2023\/07\/14\/daniel-carvalho-rito-especial-para-la-amazonia\/#article\",\"isPartOf\":{\"@id\":\"https:\/\/www.cpl.es\/galilea\/2023\/07\/14\/daniel-carvalho-rito-especial-para-la-amazonia\/\"},\"author\":{\"name\":\"Redacci\u00f3n\",\"@id\":\"https:\/\/www.cpl.es\/galilea\/#\/schema\/person\/2acf6b542dd68cf66dab8da157b62bcf\"},\"headline\":\"Daniel Carvalho: rito especial para la Amazon\u00eda\",\"datePublished\":\"2023-07-14T08:51:25+00:00\",\"dateModified\":\"2023-09-19T10:35:03+00:00\",\"mainEntityOfPage\":{\"@id\":\"https:\/\/www.cpl.es\/galilea\/2023\/07\/14\/daniel-carvalho-rito-especial-para-la-amazonia\/\"},\"wordCount\":1548,\"publisher\":{\"@id\":\"https:\/\/www.cpl.es\/galilea\/#organization\"},\"image\":{\"@id\":\"https:\/\/www.cpl.es\/galilea\/2023\/07\/14\/daniel-carvalho-rito-especial-para-la-amazonia\/#primaryimage\"},\"thumbnailUrl\":\"https:\/\/www.cpl.es\/galilea\/wp-content\/uploads\/2023\/07\/1-dom-pedro.jpg\",\"articleSection\":[\"General\"],\"inLanguage\":\"es\"},{\"@type\":[\"WebPage\",\"ItemPage\"],\"@id\":\"https:\/\/www.cpl.es\/galilea\/2023\/07\/14\/daniel-carvalho-rito-especial-para-la-amazonia\/\",\"url\":\"https:\/\/www.cpl.es\/galilea\/2023\/07\/14\/daniel-carvalho-rito-especial-para-la-amazonia\/\",\"name\":\"Daniel Carvalho: rito especial para la Amazon\u00eda - Galilea.153\",\"isPartOf\":{\"@id\":\"https:\/\/www.cpl.es\/galilea\/#website\"},\"primaryImageOfPage\":{\"@id\":\"https:\/\/www.cpl.es\/galilea\/2023\/07\/14\/daniel-carvalho-rito-especial-para-la-amazonia\/#primaryimage\"},\"image\":{\"@id\":\"https:\/\/www.cpl.es\/galilea\/2023\/07\/14\/daniel-carvalho-rito-especial-para-la-amazonia\/#primaryimage\"},\"thumbnailUrl\":\"https:\/\/www.cpl.es\/galilea\/wp-content\/uploads\/2023\/07\/1-dom-pedro.jpg\",\"datePublished\":\"2023-07-14T08:51:25+00:00\",\"dateModified\":\"2023-09-19T10:35:03+00:00\",\"description\":\"Carvalho, que trabaj\u00f3 con el obispo catal\u00e1n Pere Casald\u00e0liga, forma parte de la comisi\u00f3n para consolidar un rito especial para la Amazon\u00eda. \u00abPere es un intercesor en el cielo para que los actuales compromisos de preservaci\u00f3n y evangelizaci\u00f3n en la Amazon\u00eda tengan un \u00e9xito justo\u00bb, afirma.\",\"breadcrumb\":{\"@id\":\"https:\/\/www.cpl.es\/galilea\/2023\/07\/14\/daniel-carvalho-rito-especial-para-la-amazonia\/#breadcrumb\"},\"inLanguage\":\"es\",\"potentialAction\":[{\"@type\":\"ReadAction\",\"target\":[\"https:\/\/www.cpl.es\/galilea\/2023\/07\/14\/daniel-carvalho-rito-especial-para-la-amazonia\/\"]}]},{\"@type\":\"ImageObject\",\"inLanguage\":\"es\",\"@id\":\"https:\/\/www.cpl.es\/galilea\/2023\/07\/14\/daniel-carvalho-rito-especial-para-la-amazonia\/#primaryimage\",\"url\":\"https:\/\/www.cpl.es\/galilea\/wp-content\/uploads\/2023\/07\/1-dom-pedro.jpg\",\"contentUrl\":\"https:\/\/www.cpl.es\/galilea\/wp-content\/uploads\/2023\/07\/1-dom-pedro.jpg\",\"width\":960,\"height\":638,\"caption\":\"edre Casald\u00e0liga y Daniel Carvalho en casa del \u00abobispo de los pobres\u00bb, en S\u00e3o F\u00e9lix do Araguaia.\"},{\"@type\":\"BreadcrumbList\",\"@id\":\"https:\/\/www.cpl.es\/galilea\/2023\/07\/14\/daniel-carvalho-rito-especial-para-la-amazonia\/#breadcrumb\",\"itemListElement\":[{\"@type\":\"ListItem\",\"position\":1,\"name\":\"Home\",\"item\":\"https:\/\/www.cpl.es\/galilea\/\"},{\"@type\":\"ListItem\",\"position\":2,\"name\":\"Daniel Carvalho: rito especial para la Amazon\u00eda\"}]},{\"@type\":\"WebSite\",\"@id\":\"https:\/\/www.cpl.es\/galilea\/#website\",\"url\":\"https:\/\/www.cpl.es\/galilea\/\",\"name\":\"Galilea.153\",\"description\":\"Liturgia, pastoral, vida cristiana\",\"publisher\":{\"@id\":\"https:\/\/www.cpl.es\/galilea\/#organization\"},\"potentialAction\":[{\"@type\":\"SearchAction\",\"target\":{\"@type\":\"EntryPoint\",\"urlTemplate\":\"https:\/\/www.cpl.es\/galilea\/?s={search_term_string}\"},\"query-input\":{\"@type\":\"PropertyValueSpecification\",\"valueRequired\":true,\"valueName\":\"search_term_string\"}}],\"inLanguage\":\"es\"},{\"@type\":\"Organization\",\"@id\":\"https:\/\/www.cpl.es\/galilea\/#organization\",\"name\":\"Centre de Pastoral Lit\u00fargica\",\"url\":\"https:\/\/www.cpl.es\/galilea\/\",\"logo\":{\"@type\":\"ImageObject\",\"inLanguage\":\"es\",\"@id\":\"https:\/\/www.cpl.es\/galilea\/#\/schema\/logo\/image\/\",\"url\":\"https:\/\/i0.wp.com\/ivory-newt-719188.hostingersite.com\/wp-content\/uploads\/2022\/10\/perfil-xarxes-400x400-1.jpg?fit=400%2C400&ssl=1\",\"contentUrl\":\"https:\/\/i0.wp.com\/ivory-newt-719188.hostingersite.com\/wp-content\/uploads\/2022\/10\/perfil-xarxes-400x400-1.jpg?fit=400%2C400&ssl=1\",\"width\":400,\"height\":400,\"caption\":\"Centre de Pastoral Lit\u00fargica\"},\"image\":{\"@id\":\"https:\/\/www.cpl.es\/galilea\/#\/schema\/logo\/image\/\"},\"sameAs\":[\"https:\/\/www.facebook.com\/CPLeditorial\",\"https:\/\/x.com\/CPLeditorial\",\"https:\/\/www.instagram.com\/cpleditorial\/\",\"https:\/\/www.youtube.com\/c\/CentredePastoralLitrgicaCPL\"]},{\"@type\":\"Person\",\"@id\":\"https:\/\/www.cpl.es\/galilea\/#\/schema\/person\/2acf6b542dd68cf66dab8da157b62bcf\",\"name\":\"Redacci\u00f3n\",\"image\":{\"@type\":\"ImageObject\",\"inLanguage\":\"es\",\"@id\":\"https:\/\/www.cpl.es\/galilea\/#\/schema\/person\/image\/\",\"url\":\"https:\/\/secure.gravatar.com\/avatar\/a7d8eb81e61989a1685882d33a1b4116?s=96&d=mm&r=g\",\"contentUrl\":\"https:\/\/secure.gravatar.com\/avatar\/a7d8eb81e61989a1685882d33a1b4116?s=96&d=mm&r=g\",\"caption\":\"Redacci\u00f3n\"},\"url\":\"https:\/\/www.cpl.es\/galilea\/author\/pastoral_wp\/\"}]}<\/script>\n<!-- \/ Yoast SEO plugin. -->","yoast_head_json":{"title":"Daniel Carvalho: rito especial para la Amazon\u00eda - Galilea.153","description":"Carvalho, que trabaj\u00f3 con el obispo catal\u00e1n Pere Casald\u00e0liga, forma parte de la comisi\u00f3n para consolidar un rito especial para la Amazon\u00eda. \u00abPere es un intercesor en el cielo para que los actuales compromisos de preservaci\u00f3n y evangelizaci\u00f3n en la Amazon\u00eda tengan un \u00e9xito justo\u00bb, afirma.","robots":{"index":"index","follow":"follow","max-snippet":"max-snippet:-1","max-image-preview":"max-image-preview:large","max-video-preview":"max-video-preview:-1"},"canonical":"https:\/\/www.cpl.es\/galilea\/2023\/07\/14\/daniel-carvalho-rito-especial-para-la-amazonia\/","og_locale":"es_ES","og_type":"article","og_title":"Daniel Carvalho: rito especial para la Amazon\u00eda","og_description":"Carvalho, que trabaj\u00f3 con el obispo catal\u00e1n Pere Casald\u00e0liga, forma parte de la comisi\u00f3n para consolidar un rito especial para la Amazon\u00eda. \u00abPere es un intercesor en el cielo para que los actuales compromisos de preservaci\u00f3n y evangelizaci\u00f3n en la Amazon\u00eda tengan un \u00e9xito justo\u00bb, afirma.","og_url":"https:\/\/www.cpl.es\/galilea\/2023\/07\/14\/daniel-carvalho-rito-especial-para-la-amazonia\/","og_site_name":"Galilea.153","article_publisher":"https:\/\/www.facebook.com\/CPLeditorial","article_published_time":"2023-07-14T08:51:25+00:00","article_modified_time":"2023-09-19T10:35:03+00:00","og_image":[{"width":960,"height":638,"url":"https:\/\/www.cpl.es\/galilea\/wp-content\/uploads\/2023\/07\/1-dom-pedro.jpg","type":"image\/jpeg"}],"author":"Redacci\u00f3n","twitter_card":"summary_large_image","twitter_title":"Daniel Carvalho: rito especial para la Amazon\u00eda","twitter_description":"Entrevista de Carme Munt\u00e9 a Daniel Carvalho, te\u00f3logo y fil\u00f3sofo.","twitter_image":"https:\/\/www.cpl.es\/galilea\/wp-content\/uploads\/2023\/07\/1-dom-pedro.jpg","twitter_creator":"@CPLeditorial","twitter_site":"@CPLeditorial","twitter_misc":{"Escrito por":"Redacci\u00f3n","Tiempo de lectura":"7 minutos"},"schema":{"@context":"https:\/\/schema.org","@graph":[{"@type":"Article","@id":"https:\/\/www.cpl.es\/galilea\/2023\/07\/14\/daniel-carvalho-rito-especial-para-la-amazonia\/#article","isPartOf":{"@id":"https:\/\/www.cpl.es\/galilea\/2023\/07\/14\/daniel-carvalho-rito-especial-para-la-amazonia\/"},"author":{"name":"Redacci\u00f3n","@id":"https:\/\/www.cpl.es\/galilea\/#\/schema\/person\/2acf6b542dd68cf66dab8da157b62bcf"},"headline":"Daniel Carvalho: rito especial para la Amazon\u00eda","datePublished":"2023-07-14T08:51:25+00:00","dateModified":"2023-09-19T10:35:03+00:00","mainEntityOfPage":{"@id":"https:\/\/www.cpl.es\/galilea\/2023\/07\/14\/daniel-carvalho-rito-especial-para-la-amazonia\/"},"wordCount":1548,"publisher":{"@id":"https:\/\/www.cpl.es\/galilea\/#organization"},"image":{"@id":"https:\/\/www.cpl.es\/galilea\/2023\/07\/14\/daniel-carvalho-rito-especial-para-la-amazonia\/#primaryimage"},"thumbnailUrl":"https:\/\/www.cpl.es\/galilea\/wp-content\/uploads\/2023\/07\/1-dom-pedro.jpg","articleSection":["General"],"inLanguage":"es"},{"@type":["WebPage","ItemPage"],"@id":"https:\/\/www.cpl.es\/galilea\/2023\/07\/14\/daniel-carvalho-rito-especial-para-la-amazonia\/","url":"https:\/\/www.cpl.es\/galilea\/2023\/07\/14\/daniel-carvalho-rito-especial-para-la-amazonia\/","name":"Daniel Carvalho: rito especial para la Amazon\u00eda - Galilea.153","isPartOf":{"@id":"https:\/\/www.cpl.es\/galilea\/#website"},"primaryImageOfPage":{"@id":"https:\/\/www.cpl.es\/galilea\/2023\/07\/14\/daniel-carvalho-rito-especial-para-la-amazonia\/#primaryimage"},"image":{"@id":"https:\/\/www.cpl.es\/galilea\/2023\/07\/14\/daniel-carvalho-rito-especial-para-la-amazonia\/#primaryimage"},"thumbnailUrl":"https:\/\/www.cpl.es\/galilea\/wp-content\/uploads\/2023\/07\/1-dom-pedro.jpg","datePublished":"2023-07-14T08:51:25+00:00","dateModified":"2023-09-19T10:35:03+00:00","description":"Carvalho, que trabaj\u00f3 con el obispo catal\u00e1n Pere Casald\u00e0liga, forma parte de la comisi\u00f3n para consolidar un rito especial para la Amazon\u00eda. \u00abPere es un intercesor en el cielo para que los actuales compromisos de preservaci\u00f3n y evangelizaci\u00f3n en la Amazon\u00eda tengan un \u00e9xito justo\u00bb, afirma.","breadcrumb":{"@id":"https:\/\/www.cpl.es\/galilea\/2023\/07\/14\/daniel-carvalho-rito-especial-para-la-amazonia\/#breadcrumb"},"inLanguage":"es","potentialAction":[{"@type":"ReadAction","target":["https:\/\/www.cpl.es\/galilea\/2023\/07\/14\/daniel-carvalho-rito-especial-para-la-amazonia\/"]}]},{"@type":"ImageObject","inLanguage":"es","@id":"https:\/\/www.cpl.es\/galilea\/2023\/07\/14\/daniel-carvalho-rito-especial-para-la-amazonia\/#primaryimage","url":"https:\/\/www.cpl.es\/galilea\/wp-content\/uploads\/2023\/07\/1-dom-pedro.jpg","contentUrl":"https:\/\/www.cpl.es\/galilea\/wp-content\/uploads\/2023\/07\/1-dom-pedro.jpg","width":960,"height":638,"caption":"edre Casald\u00e0liga y Daniel Carvalho en casa del \u00abobispo de los pobres\u00bb, en S\u00e3o F\u00e9lix do Araguaia."},{"@type":"BreadcrumbList","@id":"https:\/\/www.cpl.es\/galilea\/2023\/07\/14\/daniel-carvalho-rito-especial-para-la-amazonia\/#breadcrumb","itemListElement":[{"@type":"ListItem","position":1,"name":"Home","item":"https:\/\/www.cpl.es\/galilea\/"},{"@type":"ListItem","position":2,"name":"Daniel Carvalho: rito especial para la Amazon\u00eda"}]},{"@type":"WebSite","@id":"https:\/\/www.cpl.es\/galilea\/#website","url":"https:\/\/www.cpl.es\/galilea\/","name":"Galilea.153","description":"Liturgia, pastoral, vida cristiana","publisher":{"@id":"https:\/\/www.cpl.es\/galilea\/#organization"},"potentialAction":[{"@type":"SearchAction","target":{"@type":"EntryPoint","urlTemplate":"https:\/\/www.cpl.es\/galilea\/?s={search_term_string}"},"query-input":{"@type":"PropertyValueSpecification","valueRequired":true,"valueName":"search_term_string"}}],"inLanguage":"es"},{"@type":"Organization","@id":"https:\/\/www.cpl.es\/galilea\/#organization","name":"Centre de Pastoral Lit\u00fargica","url":"https:\/\/www.cpl.es\/galilea\/","logo":{"@type":"ImageObject","inLanguage":"es","@id":"https:\/\/www.cpl.es\/galilea\/#\/schema\/logo\/image\/","url":"https:\/\/i0.wp.com\/ivory-newt-719188.hostingersite.com\/wp-content\/uploads\/2022\/10\/perfil-xarxes-400x400-1.jpg?fit=400%2C400&ssl=1","contentUrl":"https:\/\/i0.wp.com\/ivory-newt-719188.hostingersite.com\/wp-content\/uploads\/2022\/10\/perfil-xarxes-400x400-1.jpg?fit=400%2C400&ssl=1","width":400,"height":400,"caption":"Centre de Pastoral Lit\u00fargica"},"image":{"@id":"https:\/\/www.cpl.es\/galilea\/#\/schema\/logo\/image\/"},"sameAs":["https:\/\/www.facebook.com\/CPLeditorial","https:\/\/x.com\/CPLeditorial","https:\/\/www.instagram.com\/cpleditorial\/","https:\/\/www.youtube.com\/c\/CentredePastoralLitrgicaCPL"]},{"@type":"Person","@id":"https:\/\/www.cpl.es\/galilea\/#\/schema\/person\/2acf6b542dd68cf66dab8da157b62bcf","name":"Redacci\u00f3n","image":{"@type":"ImageObject","inLanguage":"es","@id":"https:\/\/www.cpl.es\/galilea\/#\/schema\/person\/image\/","url":"https:\/\/secure.gravatar.com\/avatar\/a7d8eb81e61989a1685882d33a1b4116?s=96&d=mm&r=g","contentUrl":"https:\/\/secure.gravatar.com\/avatar\/a7d8eb81e61989a1685882d33a1b4116?s=96&d=mm&r=g","caption":"Redacci\u00f3n"},"url":"https:\/\/www.cpl.es\/galilea\/author\/pastoral_wp\/"}]}},"_links":{"self":[{"href":"https:\/\/www.cpl.es\/galilea\/wp-json\/wp\/v2\/posts\/2625"}],"collection":[{"href":"https:\/\/www.cpl.es\/galilea\/wp-json\/wp\/v2\/posts"}],"about":[{"href":"https:\/\/www.cpl.es\/galilea\/wp-json\/wp\/v2\/types\/post"}],"author":[{"embeddable":true,"href":"https:\/\/www.cpl.es\/galilea\/wp-json\/wp\/v2\/users\/1"}],"replies":[{"embeddable":true,"href":"https:\/\/www.cpl.es\/galilea\/wp-json\/wp\/v2\/comments?post=2625"}],"version-history":[{"count":8,"href":"https:\/\/www.cpl.es\/galilea\/wp-json\/wp\/v2\/posts\/2625\/revisions"}],"predecessor-version":[{"id":2722,"href":"https:\/\/www.cpl.es\/galilea\/wp-json\/wp\/v2\/posts\/2625\/revisions\/2722"}],"wp:featuredmedia":[{"embeddable":true,"href":"https:\/\/www.cpl.es\/galilea\/wp-json\/wp\/v2\/media\/2626"}],"wp:attachment":[{"href":"https:\/\/www.cpl.es\/galilea\/wp-json\/wp\/v2\/media?parent=2625"}],"wp:term":[{"taxonomy":"category","embeddable":true,"href":"https:\/\/www.cpl.es\/galilea\/wp-json\/wp\/v2\/categories?post=2625"},{"taxonomy":"post_tag","embeddable":true,"href":"https:\/\/www.cpl.es\/galilea\/wp-json\/wp\/v2\/tags?post=2625"}],"curies":[{"name":"wp","href":"https:\/\/api.w.org\/{rel}","templated":true}]}}