{"id":1491,"date":"2020-07-17T14:00:00","date_gmt":"2020-07-17T12:00:00","guid":{"rendered":"http:\/\/ivory-newt-719188.hostingersite.com\/?p=1491"},"modified":"2022-06-27T11:49:06","modified_gmt":"2022-06-27T09:49:06","slug":"liturgia-y-sentidos","status":"publish","type":"post","link":"https:\/\/www.cpl.es\/galilea\/2020\/07\/17\/liturgia-y-sentidos\/","title":{"rendered":"Liturgia y sentidos"},"content":{"rendered":"\n<p class=\"has-text-color\" style=\"color:#0071a1\"><strong>M. \u00c0ngels Termes, editorial del n\u00fam. 14 de Galilea.153 \u00abDios en los sentidos\u00bb<\/strong><\/p>\n\n\n\n<blockquote class=\"wp-block-quote is-layout-flow wp-block-quote-is-layout-flow\"><p>Amar\u00e1s al Se\u00f1or, tu Dios, <br>con todo tu coraz\u00f3n, con toda tu alma, <br>y con toda tu mente <\/p><cite>(Mateo 22,37)<\/cite><\/blockquote>\n\n\n\n<p>El padre <strong>Jos\u00e9 Aldaz\u00e1bal<\/strong> dec\u00eda que la liturgia deber\u00eda distinguirse por un lenguaje expresivo, no solo de ideas y palabras y cantos, sino tambi\u00e9n de lo que no es verbal. E invitaba a celebrar una liturgia en la que los cinco sentidos tuvieran un papel, donde entrara de lleno la corporeidad.<\/p>\n\n\n\n<p>Este n\u00famero de Galilea.153 lo dedicamos precisamente a Dios en relaci\u00f3n con ellos, los cinco sentidos\u2026 y entraremos en la contradicci\u00f3n de explicar en palabras lo que es experiencia\u2026 porque los sentidos, por definici\u00f3n, solo pueden experimentarse.<\/p>\n\n\n\n<!--more-->\n\n\n\n<p><strong><a href=\"https:\/\/www.josecarlosbermejo.es\/\">Jos\u00e9 Carlos Bermejo<\/a><\/strong> reflexiona sobre el tocar (y no tocar) en la fragilidad, tema que a\u00fan vivimos de lleno por la pandemia de la <strong>Covid-19<\/strong>.<\/p>\n\n\n\n<p>La vista que nos abre a la belleza es lo que nos explica el escultor <strong><a href=\"https:\/\/granitsbarbany.com\/es\/lau-feliu\/\">Lau Feliu<\/a><\/strong> a partir de su experiencia al pensar su obra art\u00edstica.<\/p>\n\n\n\n<p>El o\u00eddo es el sentido que desgrana <strong>Marta Aymerich<\/strong> respondiendo a las preguntas de la entrevista que le hace <strong><a href=\"http:\/\/mosquiticamell.blogspot.com\/\">Merc\u00e8 Sol\u00e9<\/a><\/strong>.<\/p>\n\n\n\n<p>Las hermanas clarisas de Vilov\u00ed d\u2019Onyar, una de las comunidades que elaboran las formas que distribuye el CPL, relacionan gusto y celebraci\u00f3n lit\u00fargica.<\/p>\n\n\n\n<p>Mientras que <strong><a href=\"https:\/\/www.youtube.com\/user\/webservidores2002\">Mar\u00eda Esther Palma<\/a><\/strong>, desde la lejana Corea, nos habla del olfato y la oraci\u00f3n.<\/p>\n\n\n\n<p>A modo de recopilaci\u00f3n,<strong> <a href=\"https:\/\/www.cpl.es\/autores\/detalle\/41?lang=spa\">Lino Emilio D\u00edez<\/a><\/strong> nos explica que, en la liturgia, los ritos y los signos son posibles mediante la sensorialidad con la que el ser humano experimenta el mundo y las relaciones.<\/p>\n\n\n\n<p>Y como conclusi\u00f3n<a href=\"https:\/\/www.rscj.es\/dolores-aleixandre-rscj\/\"> <strong>Dolores Aleixandre<\/strong><\/a> nos evoca la recuperaci\u00f3n de los sentidos en la liturgia que en alg\u00fan momento, quiz\u00e1 para contrarrestar el exceso, se hab\u00edan perdido.<\/p>\n\n\n\n<p>Termino con una reflexi\u00f3n personal. Al volver a las celebraciones presenciales, despu\u00e9s de m\u00e1s de dos meses de confinamiento, me planteaba ir m\u00e1s all\u00e1 de recuperar una rutina entre las muchas que han estado suspendidas este tiempo.<\/p>\n\n\n\n<p>Y lo que me sale es que no puedo dejar de pedir a<strong> Cristo <\/strong>que me abra el o\u00eddo para acoger el regalo de la Palabra que escucho cada domingo. Y que me abra los ojos para descubrirlo en el don del pan partido, pero tambi\u00e9n, y sobre todo, en el hambriento, el forastero, el enfermo, el preso, el desnudo\u2026 cuyo n\u00famero, por desgracia, cada d\u00eda aumenta.<\/p>\n\n\n\n<figure class=\"wp-block-gallery has-nested-images columns-default is-cropped wp-block-gallery-1 is-layout-flex wp-block-gallery-is-layout-flex\">\n<figure class=\"wp-block-image size-large\"><img loading=\"lazy\" decoding=\"async\" width=\"1024\" height=\"532\" data-id=\"1488\" src=\"http:\/\/ivory-newt-719188.hostingersite.com\/wp-content\/uploads\/2020\/07\/sumario-GL14-1024x532.jpg\" alt=\"\" class=\"wp-image-1488\" srcset=\"https:\/\/www.cpl.es\/galilea\/wp-content\/uploads\/2020\/07\/sumario-GL14-1024x532.jpg 1024w, https:\/\/www.cpl.es\/galilea\/wp-content\/uploads\/2020\/07\/sumario-GL14-300x156.jpg 300w, https:\/\/www.cpl.es\/galilea\/wp-content\/uploads\/2020\/07\/sumario-GL14-768x399.jpg 768w, https:\/\/www.cpl.es\/galilea\/wp-content\/uploads\/2020\/07\/sumario-GL14-1536x798.jpg 1536w, https:\/\/www.cpl.es\/galilea\/wp-content\/uploads\/2020\/07\/sumario-GL14-2048x1064.jpg 2048w, https:\/\/www.cpl.es\/galilea\/wp-content\/uploads\/2020\/07\/sumario-GL14-1200x624.jpg 1200w\" sizes=\"(max-width: 709px) 85vw, (max-width: 909px) 67vw, (max-width: 1362px) 62vw, 840px\" \/><\/figure>\n<\/figure>\n","protected":false},"excerpt":{"rendered":"<p>En este n\u00famero de Galilea.153  entraremos en la contradicci\u00f3n de explicar en palabras lo que es experiencia\u2026 porque los sentidos, por definici\u00f3n, solo pueden experimentarse.<\/p>\n","protected":false},"author":1,"featured_media":1483,"comment_status":"open","ping_status":"open","sticky":false,"template":"","format":"standard","meta":{"footnotes":""},"categories":[14],"tags":[183,184,185,188],"class_list":["post-1491","post","type-post","status-publish","format-standard","has-post-thumbnail","hentry","category-el-porque-de-las-cosas","tag-jose-carlos-bermejo","tag-lau-feliu","tag-marta-aymerich","tag-sentidos"],"yoast_head":"<!-- This site is optimized with the Yoast SEO plugin v23.5 - https:\/\/yoast.com\/wordpress\/plugins\/seo\/ -->\n<title>Liturgia y sentidos - Galilea.153<\/title>\n<meta name=\"description\" content=\"La editorial de M. \u00c0ngels Termes para el n\u00fam. 14 de Galilea.153 &quot;Dios en los sentidos&quot;. Una revista para ayudar a reflexionar.\" \/>\n<meta name=\"robots\" content=\"index, follow, max-snippet:-1, max-image-preview:large, max-video-preview:-1\" \/>\n<link rel=\"canonical\" href=\"https:\/\/www.cpl.es\/galilea\/2020\/07\/17\/liturgia-y-sentidos\/\" \/>\n<meta property=\"og:locale\" content=\"es_ES\" \/>\n<meta property=\"og:type\" content=\"article\" \/>\n<meta property=\"og:title\" content=\"Liturgia y sentidos - Galilea.153\" \/>\n<meta property=\"og:description\" content=\"La editorial de M. \u00c0ngels Termes para el n\u00fam. 14 de Galilea.153 &quot;Dios en los sentidos&quot;. Una revista para ayudar a reflexionar.\" \/>\n<meta property=\"og:url\" content=\"https:\/\/www.cpl.es\/galilea\/2020\/07\/17\/liturgia-y-sentidos\/\" \/>\n<meta property=\"og:site_name\" content=\"Galilea.153\" \/>\n<meta property=\"article:publisher\" content=\"https:\/\/www.facebook.com\/CPLeditorial\" \/>\n<meta property=\"article:published_time\" content=\"2020-07-17T12:00:00+00:00\" \/>\n<meta property=\"article:modified_time\" content=\"2022-06-27T09:49:06+00:00\" \/>\n<meta property=\"og:image\" content=\"https:\/\/www.cpl.es\/galilea\/wp-content\/uploads\/2020\/07\/Editorial-Galilea-14.jpg\" \/>\n\t<meta property=\"og:image:width\" content=\"1280\" \/>\n\t<meta property=\"og:image:height\" content=\"720\" \/>\n\t<meta property=\"og:image:type\" content=\"image\/jpeg\" \/>\n<meta name=\"author\" content=\"Redacci\u00f3n\" \/>\n<meta name=\"twitter:card\" content=\"summary_large_image\" \/>\n<meta name=\"twitter:creator\" content=\"@CPLeditorial\" \/>\n<meta name=\"twitter:site\" content=\"@CPLeditorial\" \/>\n<meta name=\"twitter:label1\" content=\"Escrito por\" \/>\n\t<meta name=\"twitter:data1\" content=\"Redacci\u00f3n\" \/>\n\t<meta name=\"twitter:label2\" content=\"Tiempo de lectura\" \/>\n\t<meta name=\"twitter:data2\" content=\"3 minutos\" \/>\n<script type=\"application\/ld+json\" class=\"yoast-schema-graph\">{\"@context\":\"https:\/\/schema.org\",\"@graph\":[{\"@type\":\"Article\",\"@id\":\"https:\/\/www.cpl.es\/galilea\/2020\/07\/17\/liturgia-y-sentidos\/#article\",\"isPartOf\":{\"@id\":\"https:\/\/www.cpl.es\/galilea\/2020\/07\/17\/liturgia-y-sentidos\/\"},\"author\":{\"name\":\"Redacci\u00f3n\",\"@id\":\"https:\/\/www.cpl.es\/galilea\/#\/schema\/person\/2acf6b542dd68cf66dab8da157b62bcf\"},\"headline\":\"Liturgia y sentidos\",\"datePublished\":\"2020-07-17T12:00:00+00:00\",\"dateModified\":\"2022-06-27T09:49:06+00:00\",\"mainEntityOfPage\":{\"@id\":\"https:\/\/www.cpl.es\/galilea\/2020\/07\/17\/liturgia-y-sentidos\/\"},\"wordCount\":434,\"commentCount\":0,\"publisher\":{\"@id\":\"https:\/\/www.cpl.es\/galilea\/#organization\"},\"image\":{\"@id\":\"https:\/\/www.cpl.es\/galilea\/2020\/07\/17\/liturgia-y-sentidos\/#primaryimage\"},\"thumbnailUrl\":\"https:\/\/www.cpl.es\/galilea\/wp-content\/uploads\/2020\/07\/Editorial-Galilea-14.jpg\",\"keywords\":[\"Jos\u00e9 Carlos Bermejo\",\"Lau Feliu\",\"Marta Aymerich\",\"sentidos\"],\"articleSection\":[\"El porqu\u00e9 de las cosas\"],\"inLanguage\":\"es\",\"potentialAction\":[{\"@type\":\"CommentAction\",\"name\":\"Comment\",\"target\":[\"https:\/\/www.cpl.es\/galilea\/2020\/07\/17\/liturgia-y-sentidos\/#respond\"]}]},{\"@type\":\"WebPage\",\"@id\":\"https:\/\/www.cpl.es\/galilea\/2020\/07\/17\/liturgia-y-sentidos\/\",\"url\":\"https:\/\/www.cpl.es\/galilea\/2020\/07\/17\/liturgia-y-sentidos\/\",\"name\":\"Liturgia y sentidos - Galilea.153\",\"isPartOf\":{\"@id\":\"https:\/\/www.cpl.es\/galilea\/#website\"},\"primaryImageOfPage\":{\"@id\":\"https:\/\/www.cpl.es\/galilea\/2020\/07\/17\/liturgia-y-sentidos\/#primaryimage\"},\"image\":{\"@id\":\"https:\/\/www.cpl.es\/galilea\/2020\/07\/17\/liturgia-y-sentidos\/#primaryimage\"},\"thumbnailUrl\":\"https:\/\/www.cpl.es\/galilea\/wp-content\/uploads\/2020\/07\/Editorial-Galilea-14.jpg\",\"datePublished\":\"2020-07-17T12:00:00+00:00\",\"dateModified\":\"2022-06-27T09:49:06+00:00\",\"description\":\"La editorial de M. \u00c0ngels Termes para el n\u00fam. 14 de Galilea.153 \\\"Dios en los sentidos\\\". Una revista para ayudar a reflexionar.\",\"breadcrumb\":{\"@id\":\"https:\/\/www.cpl.es\/galilea\/2020\/07\/17\/liturgia-y-sentidos\/#breadcrumb\"},\"inLanguage\":\"es\",\"potentialAction\":[{\"@type\":\"ReadAction\",\"target\":[\"https:\/\/www.cpl.es\/galilea\/2020\/07\/17\/liturgia-y-sentidos\/\"]}]},{\"@type\":\"ImageObject\",\"inLanguage\":\"es\",\"@id\":\"https:\/\/www.cpl.es\/galilea\/2020\/07\/17\/liturgia-y-sentidos\/#primaryimage\",\"url\":\"https:\/\/www.cpl.es\/galilea\/wp-content\/uploads\/2020\/07\/Editorial-Galilea-14.jpg\",\"contentUrl\":\"https:\/\/www.cpl.es\/galilea\/wp-content\/uploads\/2020\/07\/Editorial-Galilea-14.jpg\",\"width\":1280,\"height\":720,\"caption\":\"Dios en los sentidos\"},{\"@type\":\"BreadcrumbList\",\"@id\":\"https:\/\/www.cpl.es\/galilea\/2020\/07\/17\/liturgia-y-sentidos\/#breadcrumb\",\"itemListElement\":[{\"@type\":\"ListItem\",\"position\":1,\"name\":\"Home\",\"item\":\"https:\/\/www.cpl.es\/galilea\/\"},{\"@type\":\"ListItem\",\"position\":2,\"name\":\"Liturgia y sentidos\"}]},{\"@type\":\"WebSite\",\"@id\":\"https:\/\/www.cpl.es\/galilea\/#website\",\"url\":\"https:\/\/www.cpl.es\/galilea\/\",\"name\":\"Galilea.153\",\"description\":\"Liturgia, pastoral, vida cristiana\",\"publisher\":{\"@id\":\"https:\/\/www.cpl.es\/galilea\/#organization\"},\"potentialAction\":[{\"@type\":\"SearchAction\",\"target\":{\"@type\":\"EntryPoint\",\"urlTemplate\":\"https:\/\/www.cpl.es\/galilea\/?s={search_term_string}\"},\"query-input\":{\"@type\":\"PropertyValueSpecification\",\"valueRequired\":true,\"valueName\":\"search_term_string\"}}],\"inLanguage\":\"es\"},{\"@type\":\"Organization\",\"@id\":\"https:\/\/www.cpl.es\/galilea\/#organization\",\"name\":\"Centre de Pastoral Lit\u00fargica\",\"url\":\"https:\/\/www.cpl.es\/galilea\/\",\"logo\":{\"@type\":\"ImageObject\",\"inLanguage\":\"es\",\"@id\":\"https:\/\/www.cpl.es\/galilea\/#\/schema\/logo\/image\/\",\"url\":\"https:\/\/i0.wp.com\/ivory-newt-719188.hostingersite.com\/wp-content\/uploads\/2022\/10\/perfil-xarxes-400x400-1.jpg?fit=400%2C400&ssl=1\",\"contentUrl\":\"https:\/\/i0.wp.com\/ivory-newt-719188.hostingersite.com\/wp-content\/uploads\/2022\/10\/perfil-xarxes-400x400-1.jpg?fit=400%2C400&ssl=1\",\"width\":400,\"height\":400,\"caption\":\"Centre de Pastoral Lit\u00fargica\"},\"image\":{\"@id\":\"https:\/\/www.cpl.es\/galilea\/#\/schema\/logo\/image\/\"},\"sameAs\":[\"https:\/\/www.facebook.com\/CPLeditorial\",\"https:\/\/x.com\/CPLeditorial\",\"https:\/\/www.instagram.com\/cpleditorial\/\",\"https:\/\/www.youtube.com\/c\/CentredePastoralLitrgicaCPL\"]},{\"@type\":\"Person\",\"@id\":\"https:\/\/www.cpl.es\/galilea\/#\/schema\/person\/2acf6b542dd68cf66dab8da157b62bcf\",\"name\":\"Redacci\u00f3n\",\"image\":{\"@type\":\"ImageObject\",\"inLanguage\":\"es\",\"@id\":\"https:\/\/www.cpl.es\/galilea\/#\/schema\/person\/image\/\",\"url\":\"https:\/\/secure.gravatar.com\/avatar\/a7d8eb81e61989a1685882d33a1b4116?s=96&d=mm&r=g\",\"contentUrl\":\"https:\/\/secure.gravatar.com\/avatar\/a7d8eb81e61989a1685882d33a1b4116?s=96&d=mm&r=g\",\"caption\":\"Redacci\u00f3n\"},\"url\":\"https:\/\/www.cpl.es\/galilea\/author\/pastoral_wp\/\"}]}<\/script>\n<!-- \/ Yoast SEO plugin. -->","yoast_head_json":{"title":"Liturgia y sentidos - Galilea.153","description":"La editorial de M. \u00c0ngels Termes para el n\u00fam. 14 de Galilea.153 \"Dios en los sentidos\". Una revista para ayudar a reflexionar.","robots":{"index":"index","follow":"follow","max-snippet":"max-snippet:-1","max-image-preview":"max-image-preview:large","max-video-preview":"max-video-preview:-1"},"canonical":"https:\/\/www.cpl.es\/galilea\/2020\/07\/17\/liturgia-y-sentidos\/","og_locale":"es_ES","og_type":"article","og_title":"Liturgia y sentidos - Galilea.153","og_description":"La editorial de M. \u00c0ngels Termes para el n\u00fam. 14 de Galilea.153 \"Dios en los sentidos\". Una revista para ayudar a reflexionar.","og_url":"https:\/\/www.cpl.es\/galilea\/2020\/07\/17\/liturgia-y-sentidos\/","og_site_name":"Galilea.153","article_publisher":"https:\/\/www.facebook.com\/CPLeditorial","article_published_time":"2020-07-17T12:00:00+00:00","article_modified_time":"2022-06-27T09:49:06+00:00","og_image":[{"width":1280,"height":720,"url":"https:\/\/www.cpl.es\/galilea\/wp-content\/uploads\/2020\/07\/Editorial-Galilea-14.jpg","type":"image\/jpeg"}],"author":"Redacci\u00f3n","twitter_card":"summary_large_image","twitter_creator":"@CPLeditorial","twitter_site":"@CPLeditorial","twitter_misc":{"Escrito por":"Redacci\u00f3n","Tiempo de lectura":"3 minutos"},"schema":{"@context":"https:\/\/schema.org","@graph":[{"@type":"Article","@id":"https:\/\/www.cpl.es\/galilea\/2020\/07\/17\/liturgia-y-sentidos\/#article","isPartOf":{"@id":"https:\/\/www.cpl.es\/galilea\/2020\/07\/17\/liturgia-y-sentidos\/"},"author":{"name":"Redacci\u00f3n","@id":"https:\/\/www.cpl.es\/galilea\/#\/schema\/person\/2acf6b542dd68cf66dab8da157b62bcf"},"headline":"Liturgia y sentidos","datePublished":"2020-07-17T12:00:00+00:00","dateModified":"2022-06-27T09:49:06+00:00","mainEntityOfPage":{"@id":"https:\/\/www.cpl.es\/galilea\/2020\/07\/17\/liturgia-y-sentidos\/"},"wordCount":434,"commentCount":0,"publisher":{"@id":"https:\/\/www.cpl.es\/galilea\/#organization"},"image":{"@id":"https:\/\/www.cpl.es\/galilea\/2020\/07\/17\/liturgia-y-sentidos\/#primaryimage"},"thumbnailUrl":"https:\/\/www.cpl.es\/galilea\/wp-content\/uploads\/2020\/07\/Editorial-Galilea-14.jpg","keywords":["Jos\u00e9 Carlos Bermejo","Lau Feliu","Marta Aymerich","sentidos"],"articleSection":["El porqu\u00e9 de las cosas"],"inLanguage":"es","potentialAction":[{"@type":"CommentAction","name":"Comment","target":["https:\/\/www.cpl.es\/galilea\/2020\/07\/17\/liturgia-y-sentidos\/#respond"]}]},{"@type":"WebPage","@id":"https:\/\/www.cpl.es\/galilea\/2020\/07\/17\/liturgia-y-sentidos\/","url":"https:\/\/www.cpl.es\/galilea\/2020\/07\/17\/liturgia-y-sentidos\/","name":"Liturgia y sentidos - Galilea.153","isPartOf":{"@id":"https:\/\/www.cpl.es\/galilea\/#website"},"primaryImageOfPage":{"@id":"https:\/\/www.cpl.es\/galilea\/2020\/07\/17\/liturgia-y-sentidos\/#primaryimage"},"image":{"@id":"https:\/\/www.cpl.es\/galilea\/2020\/07\/17\/liturgia-y-sentidos\/#primaryimage"},"thumbnailUrl":"https:\/\/www.cpl.es\/galilea\/wp-content\/uploads\/2020\/07\/Editorial-Galilea-14.jpg","datePublished":"2020-07-17T12:00:00+00:00","dateModified":"2022-06-27T09:49:06+00:00","description":"La editorial de M. \u00c0ngels Termes para el n\u00fam. 14 de Galilea.153 \"Dios en los sentidos\". Una revista para ayudar a reflexionar.","breadcrumb":{"@id":"https:\/\/www.cpl.es\/galilea\/2020\/07\/17\/liturgia-y-sentidos\/#breadcrumb"},"inLanguage":"es","potentialAction":[{"@type":"ReadAction","target":["https:\/\/www.cpl.es\/galilea\/2020\/07\/17\/liturgia-y-sentidos\/"]}]},{"@type":"ImageObject","inLanguage":"es","@id":"https:\/\/www.cpl.es\/galilea\/2020\/07\/17\/liturgia-y-sentidos\/#primaryimage","url":"https:\/\/www.cpl.es\/galilea\/wp-content\/uploads\/2020\/07\/Editorial-Galilea-14.jpg","contentUrl":"https:\/\/www.cpl.es\/galilea\/wp-content\/uploads\/2020\/07\/Editorial-Galilea-14.jpg","width":1280,"height":720,"caption":"Dios en los sentidos"},{"@type":"BreadcrumbList","@id":"https:\/\/www.cpl.es\/galilea\/2020\/07\/17\/liturgia-y-sentidos\/#breadcrumb","itemListElement":[{"@type":"ListItem","position":1,"name":"Home","item":"https:\/\/www.cpl.es\/galilea\/"},{"@type":"ListItem","position":2,"name":"Liturgia y sentidos"}]},{"@type":"WebSite","@id":"https:\/\/www.cpl.es\/galilea\/#website","url":"https:\/\/www.cpl.es\/galilea\/","name":"Galilea.153","description":"Liturgia, pastoral, vida cristiana","publisher":{"@id":"https:\/\/www.cpl.es\/galilea\/#organization"},"potentialAction":[{"@type":"SearchAction","target":{"@type":"EntryPoint","urlTemplate":"https:\/\/www.cpl.es\/galilea\/?s={search_term_string}"},"query-input":{"@type":"PropertyValueSpecification","valueRequired":true,"valueName":"search_term_string"}}],"inLanguage":"es"},{"@type":"Organization","@id":"https:\/\/www.cpl.es\/galilea\/#organization","name":"Centre de Pastoral Lit\u00fargica","url":"https:\/\/www.cpl.es\/galilea\/","logo":{"@type":"ImageObject","inLanguage":"es","@id":"https:\/\/www.cpl.es\/galilea\/#\/schema\/logo\/image\/","url":"https:\/\/i0.wp.com\/ivory-newt-719188.hostingersite.com\/wp-content\/uploads\/2022\/10\/perfil-xarxes-400x400-1.jpg?fit=400%2C400&ssl=1","contentUrl":"https:\/\/i0.wp.com\/ivory-newt-719188.hostingersite.com\/wp-content\/uploads\/2022\/10\/perfil-xarxes-400x400-1.jpg?fit=400%2C400&ssl=1","width":400,"height":400,"caption":"Centre de Pastoral Lit\u00fargica"},"image":{"@id":"https:\/\/www.cpl.es\/galilea\/#\/schema\/logo\/image\/"},"sameAs":["https:\/\/www.facebook.com\/CPLeditorial","https:\/\/x.com\/CPLeditorial","https:\/\/www.instagram.com\/cpleditorial\/","https:\/\/www.youtube.com\/c\/CentredePastoralLitrgicaCPL"]},{"@type":"Person","@id":"https:\/\/www.cpl.es\/galilea\/#\/schema\/person\/2acf6b542dd68cf66dab8da157b62bcf","name":"Redacci\u00f3n","image":{"@type":"ImageObject","inLanguage":"es","@id":"https:\/\/www.cpl.es\/galilea\/#\/schema\/person\/image\/","url":"https:\/\/secure.gravatar.com\/avatar\/a7d8eb81e61989a1685882d33a1b4116?s=96&d=mm&r=g","contentUrl":"https:\/\/secure.gravatar.com\/avatar\/a7d8eb81e61989a1685882d33a1b4116?s=96&d=mm&r=g","caption":"Redacci\u00f3n"},"url":"https:\/\/www.cpl.es\/galilea\/author\/pastoral_wp\/"}]}},"_links":{"self":[{"href":"https:\/\/www.cpl.es\/galilea\/wp-json\/wp\/v2\/posts\/1491"}],"collection":[{"href":"https:\/\/www.cpl.es\/galilea\/wp-json\/wp\/v2\/posts"}],"about":[{"href":"https:\/\/www.cpl.es\/galilea\/wp-json\/wp\/v2\/types\/post"}],"author":[{"embeddable":true,"href":"https:\/\/www.cpl.es\/galilea\/wp-json\/wp\/v2\/users\/1"}],"replies":[{"embeddable":true,"href":"https:\/\/www.cpl.es\/galilea\/wp-json\/wp\/v2\/comments?post=1491"}],"version-history":[{"count":5,"href":"https:\/\/www.cpl.es\/galilea\/wp-json\/wp\/v2\/posts\/1491\/revisions"}],"predecessor-version":[{"id":2210,"href":"https:\/\/www.cpl.es\/galilea\/wp-json\/wp\/v2\/posts\/1491\/revisions\/2210"}],"wp:featuredmedia":[{"embeddable":true,"href":"https:\/\/www.cpl.es\/galilea\/wp-json\/wp\/v2\/media\/1483"}],"wp:attachment":[{"href":"https:\/\/www.cpl.es\/galilea\/wp-json\/wp\/v2\/media?parent=1491"}],"wp:term":[{"taxonomy":"category","embeddable":true,"href":"https:\/\/www.cpl.es\/galilea\/wp-json\/wp\/v2\/categories?post=1491"},{"taxonomy":"post_tag","embeddable":true,"href":"https:\/\/www.cpl.es\/galilea\/wp-json\/wp\/v2\/tags?post=1491"}],"curies":[{"name":"wp","href":"https:\/\/api.w.org\/{rel}","templated":true}]}}