{"id":96,"date":"2018-03-07T11:32:56","date_gmt":"2018-03-07T09:32:56","guid":{"rendered":"http:\/\/ivory-newt-719188.hostingersite.com\/?p=96"},"modified":"2022-06-27T11:45:48","modified_gmt":"2022-06-27T09:45:48","slug":"para-empezar","status":"publish","type":"post","link":"https:\/\/www.cpl.es\/galilea\/ca\/2018\/03\/07\/para-empezar\/","title":{"rendered":"Para empezar"},"content":{"rendered":"<p><em>(M. \u00c0ngels Termes, editorial n\u00fam. 1)\u00a0<\/em>Querido lector o lectora que acabas de abrir el primer n\u00famero de <em><span style=\"color: #006eb7;\"><strong>Galilea.153<\/strong><\/span><\/em><span style=\"color: #000000;\">.<\/span><\/p>\n<p>Es posible que haya llegado a tus manos porque ya le\u00edas el <em>Bloc MD<\/em> que sal\u00eda cada tres meses con <em>Missa Dominical<\/em>. Queremos darte la bienvenida a estas p\u00e1ginas, a este nuevo proyecto, que tiene la intenci\u00f3n de dar continuidad al <em>Bloc MD<\/em>, pero al mismo tiempo quiere llegar a un p\u00fablico m\u00e1s amplio que el de los equipos de liturgia.<br \/>Tambi\u00e9n queremos dar la bienvenida a los que hasta hoy no conoc\u00edais ninguna publicaci\u00f3n del <a href=\"https:\/\/www.cpl.es\/galilea\/ca\/?lang=spa\" target=\"_blank\" rel=\"noopener\" data-wplink-url-error=\"true\">Centre de Pastoral Lit\u00fargica de Barcelona<\/a>.<br \/>A unos y otros os explicamos qu\u00e9 pretendemos con <em><span style=\"color: #006eb7;\"><strong>Galilea.153<\/strong><\/span><\/em><span style=\"color: #000000;\"><strong>.<\/strong><\/span><!--more--><br \/>Primero debemos explicar el nombre, que pretende reflejar el deseo de que la revista llegue a un p\u00fablico muy amplio.<\/p>\n<h1><span style=\"color: #006eb7;\">Galilea<\/span><\/h1>\n<p><span style=\"color: #006eb7;\"><strong>Galilea<\/strong><\/span> nos remite a la regi\u00f3n en donde transcurre la mayor parte de la vida p\u00fablica de Jes\u00fas, y adem\u00e1s es el lugar en donde los disc\u00edpulos ver\u00e1n a Jes\u00fas, tal como se les dice a las mujeres que regresan del sepulcro (Mateo 28,10; Marcos 16,7).<br \/>De alg\u00fan modo queremos indicar que la liturgia, que es celebraci\u00f3n del Misterio Pascual \u2013pasi\u00f3n, muerte y resurrecci\u00f3n del Se\u00f1or\u2013, y como tal \u00absu lugar\u00bb es Jerusal\u00e9n, viene de la vida cotidiana y vuelve a la vida cotidiana&#8230; nuestra Galilea.<\/p>\n<h1><span style=\"color: #006eb7;\">. <\/span><\/h1>\n<p><span style=\"color: #006eb7;\"><strong>El punto<\/strong><\/span> es un gui\u00f1o al mundo de internet, donde todo est\u00e1 en constante cambio. Tienes en tus manos la primera versi\u00f3n, el primer n\u00famero de Galilea.153. \u00a1Ojal\u00e1 cada versi\u00f3n sea una actualizaci\u00f3n renovada!<\/p>\n<h1><span style=\"color: #006eb7;\">153<\/span><\/h1>\n<p><span style=\"color: #006eb7;\">153<\/span> remite a Juan 21,11. Es el n\u00famero de peces que pescan los disc\u00edpulos en la aparici\u00f3n del resucitado en el lago. 153 es el n\u00famero triangular de 17, n\u00famero de belleza geom\u00e9trica para los griegos. Los entendidos nos explican que esto significa que el texto habla veladamente de los griegos&#8230; que los destinatarios de la Buena Noticia tambi\u00e9n son los gentiles, los alejados.<\/p>\n<p>El subt\u00edtulo de la revista \u2013Liturgia, pastoral, vida cristiana\u2013 explica su contenido.<\/p>\n<h1><span style=\"color: #006eb7;\">Liturgia<\/span><\/h1>\n<p>En la p\u00e1gina 6 de la revista en papel encontrar\u00e9is un art\u00edculo que explica qu\u00e9 significa liturgia. Se afirma que es un trabajo del pueblo. El Papa nos dice que todos estamos convocados. Y esto es lo que querr\u00edamos que se reflejara en estas p\u00e1ginas: explicar la liturgia teniendo en cuenta a cada uno de los que participan en ella. Sin olvidar \u2013y esto es esencial\u2013 que la liturgia es un don, un regalo de Dios, tal como explica Josep M. Romaguera en la entrevista.<\/p>\n<h1><span style=\"color: #006eb7;\">Pastoral<\/span><\/h1>\n<p>Queremos dar materiales para ayudar a vivir lo que la celebraci\u00f3n lit\u00fargica es y comporta para la comunidad cristiana en conjunto y para la vida de cada creyente en particular: materiales para la preparaci\u00f3n de las celebraciones, formaci\u00f3n lit\u00fargica, b\u00edblica y teol\u00f3gica; a\u00f1o y tiempos lit\u00fargicos; explicaci\u00f3n de los diversos ministerios, etc.<\/p>\n<h1><strong><span style=\"color: #006eb7;\">Vida cristiana<\/span><\/strong><\/h1>\n<p>El Concilio Vaticano II dijo que la liturgia es la cumbre y la fuente de la vida cristiana. Queremos reflejar en estas p\u00e1ginas esta vida. Queremos establecer puentes entre la comunidad que celebra y todas las realidades donde se manifiesta la vida cristiana: catequesis, c\u00e1ritas, ayuda fraterna, pastoral de j\u00f3venes, enfermos, ancianos&#8230; Y tambi\u00e9n queremos acercarnos a realidades que aparentemente est\u00e1n alejadas de nuestros templos, pero que son donde se hace presente el propio Cristo (Mateo 25): prisiones, sin techo, inmigrantes&#8230;<br \/>La revista es posible gracias al trabajo y la ilusi\u00f3n de un equipo responsable formado por trabajadores y miembros del CPL, y de un Consejo Asesor plural que nos ayuda a encontrar el tono y nos supervisa con mirada cr\u00edtica.<br \/>Somos conscientes de que el proyecto es ambicioso. Confiamos en la ayuda de todos los lectores y lectoras que nos ir\u00e9is indicando cuando la acertamos y cuando nos equivocamos. Esperamos vuestras sugerencias. \u00a1Muchas gracias por acompa\u00f1arnos!<\/p>\n<p style=\"text-align: right;\"><em>M. \u00c0ngels Termes<\/em><br \/><em> matermes@cpl.es<\/em><\/p>\n\n\n<p><\/p>","protected":false},"excerpt":{"rendered":"<p>(M. \u00c0ngels Termes, editorial n\u00fam. 1)\u00a0Querido lector o lectora que acabas de abrir el primer n\u00famero de Galilea.153. Es posible que haya llegado a tus manos porque ya le\u00edas el Bloc MD que sal\u00eda cada tres meses con Misa Dominical. Queremos darte la bienvenida a estas p\u00e1ginas, a este nuevo proyecto, que tiene la intenci\u00f3n &hellip; <a href=\"https:\/\/www.cpl.es\/galilea\/ca\/2018\/03\/07\/para-empezar\/\" class=\"more-link\">Continua llegint <span class=\"screen-reader-text\">\u00abPara empezar\u00bb<\/span><\/a><\/p>","protected":false},"author":1,"featured_media":79,"comment_status":"open","ping_status":"open","sticky":false,"template":"","format":"standard","meta":{"footnotes":""},"categories":[14,28],"tags":[68,36,4,32,5,8,6,37,9,38,7],"class_list":["post-96","post","type-post","status-publish","format-standard","has-post-thumbnail","hentry","category-el-porque-de-las-cosas","category-portada","tag-buena-noticia","tag-catequesis","tag-cpl","tag-eucaristia","tag-galilea-153","tag-liturgia","tag-misa-dominical","tag-parroquia","tag-pastoral","tag-sacramentos","tag-vida-cristiana"],"yoast_head":"<!-- This site is optimized with the Yoast SEO plugin v23.5 - https:\/\/yoast.com\/wordpress\/plugins\/seo\/ -->\n<title>Para empezar - Galilea.153<\/title>\n<meta name=\"robots\" content=\"index, follow, max-snippet:-1, max-image-preview:large, max-video-preview:-1\" \/>\n<link rel=\"canonical\" href=\"https:\/\/www.cpl.es\/galilea\/ca\/2018\/03\/07\/para-empezar\/\" \/>\n<meta property=\"og:locale\" content=\"ca_ES\" \/>\n<meta property=\"og:type\" content=\"article\" \/>\n<meta property=\"og:title\" content=\"Para empezar - Galilea.153\" \/>\n<meta property=\"og:description\" content=\"(M. \u00c0ngels Termes, editorial n\u00fam. 1)\u00a0Querido lector o lectora que acabas de abrir el primer n\u00famero de Galilea.153. Es posible que haya llegado a tus manos porque ya le\u00edas el Bloc MD que sal\u00eda cada tres meses con Misa Dominical. Queremos darte la bienvenida a estas p\u00e1ginas, a este nuevo proyecto, que tiene la intenci\u00f3n &hellip; Continua llegint \u00abPara empezar\u00bb\" \/>\n<meta property=\"og:url\" content=\"https:\/\/www.cpl.es\/galilea\/ca\/2018\/03\/07\/para-empezar\/\" \/>\n<meta property=\"og:site_name\" content=\"Galilea.153\" \/>\n<meta property=\"article:publisher\" content=\"https:\/\/www.facebook.com\/CPLeditorial\" \/>\n<meta property=\"article:published_time\" content=\"2018-03-07T09:32:56+00:00\" \/>\n<meta property=\"article:modified_time\" content=\"2022-06-27T09:45:48+00:00\" \/>\n<meta property=\"og:image\" content=\"https:\/\/www.cpl.es\/galilea\/wp-content\/uploads\/2018\/03\/DSC_0022-1024x680.jpg\" \/>\n\t<meta property=\"og:image:width\" content=\"1024\" \/>\n\t<meta property=\"og:image:height\" content=\"680\" \/>\n\t<meta property=\"og:image:type\" content=\"image\/jpeg\" \/>\n<meta name=\"author\" content=\"Redacci\u00f3n\" \/>\n<meta name=\"twitter:card\" content=\"summary_large_image\" \/>\n<meta name=\"twitter:creator\" content=\"@CPLeditorial\" \/>\n<meta name=\"twitter:site\" content=\"@CPLeditorial\" \/>\n<meta name=\"twitter:label1\" content=\"Escrit per\" \/>\n\t<meta name=\"twitter:data1\" content=\"Redacci\u00f3n\" \/>\n\t<meta name=\"twitter:label2\" content=\"Temps estimat de lectura\" \/>\n\t<meta name=\"twitter:data2\" content=\"3 minuts\" \/>\n<script type=\"application\/ld+json\" class=\"yoast-schema-graph\">{\"@context\":\"https:\/\/schema.org\",\"@graph\":[{\"@type\":\"Article\",\"@id\":\"https:\/\/www.cpl.es\/galilea\/2018\/03\/07\/para-empezar\/#article\",\"isPartOf\":{\"@id\":\"https:\/\/www.cpl.es\/galilea\/2018\/03\/07\/para-empezar\/\"},\"author\":{\"name\":\"Redacci\u00f3n\",\"@id\":\"https:\/\/www.cpl.es\/galilea\/#\/schema\/person\/2acf6b542dd68cf66dab8da157b62bcf\"},\"headline\":\"Para empezar\",\"datePublished\":\"2018-03-07T09:32:56+00:00\",\"dateModified\":\"2022-06-27T09:45:48+00:00\",\"mainEntityOfPage\":{\"@id\":\"https:\/\/www.cpl.es\/galilea\/2018\/03\/07\/para-empezar\/\"},\"wordCount\":688,\"commentCount\":0,\"publisher\":{\"@id\":\"https:\/\/www.cpl.es\/galilea\/#organization\"},\"image\":{\"@id\":\"https:\/\/www.cpl.es\/galilea\/2018\/03\/07\/para-empezar\/#primaryimage\"},\"thumbnailUrl\":\"https:\/\/www.cpl.es\/galilea\/wp-content\/uploads\/2018\/03\/DSC_0022.jpg\",\"keywords\":[\"Buena Noticia\",\"catequesis\",\"CPL\",\"Eucarist\u00eda\",\"Galilea.153\",\"liturgia\",\"Misa Dominical\",\"parroquia\",\"pastoral\",\"sacramentos\",\"vida cristiana\"],\"articleSection\":[\"El porqu\u00e9 de las cosas\",\"Portada\"],\"inLanguage\":\"ca\",\"potentialAction\":[{\"@type\":\"CommentAction\",\"name\":\"Comment\",\"target\":[\"https:\/\/www.cpl.es\/galilea\/2018\/03\/07\/para-empezar\/#respond\"]}]},{\"@type\":\"WebPage\",\"@id\":\"https:\/\/www.cpl.es\/galilea\/2018\/03\/07\/para-empezar\/\",\"url\":\"https:\/\/www.cpl.es\/galilea\/2018\/03\/07\/para-empezar\/\",\"name\":\"Para empezar - Galilea.153\",\"isPartOf\":{\"@id\":\"https:\/\/www.cpl.es\/galilea\/#website\"},\"primaryImageOfPage\":{\"@id\":\"https:\/\/www.cpl.es\/galilea\/2018\/03\/07\/para-empezar\/#primaryimage\"},\"image\":{\"@id\":\"https:\/\/www.cpl.es\/galilea\/2018\/03\/07\/para-empezar\/#primaryimage\"},\"thumbnailUrl\":\"https:\/\/www.cpl.es\/galilea\/wp-content\/uploads\/2018\/03\/DSC_0022.jpg\",\"datePublished\":\"2018-03-07T09:32:56+00:00\",\"dateModified\":\"2022-06-27T09:45:48+00:00\",\"breadcrumb\":{\"@id\":\"https:\/\/www.cpl.es\/galilea\/2018\/03\/07\/para-empezar\/#breadcrumb\"},\"inLanguage\":\"ca\",\"potentialAction\":[{\"@type\":\"ReadAction\",\"target\":[\"https:\/\/www.cpl.es\/galilea\/2018\/03\/07\/para-empezar\/\"]}]},{\"@type\":\"ImageObject\",\"inLanguage\":\"ca\",\"@id\":\"https:\/\/www.cpl.es\/galilea\/2018\/03\/07\/para-empezar\/#primaryimage\",\"url\":\"https:\/\/www.cpl.es\/galilea\/wp-content\/uploads\/2018\/03\/DSC_0022.jpg\",\"contentUrl\":\"https:\/\/www.cpl.es\/galilea\/wp-content\/uploads\/2018\/03\/DSC_0022.jpg\",\"width\":4288,\"height\":2848,\"caption\":\"Equip responsable de Galilea.153\"},{\"@type\":\"BreadcrumbList\",\"@id\":\"https:\/\/www.cpl.es\/galilea\/2018\/03\/07\/para-empezar\/#breadcrumb\",\"itemListElement\":[{\"@type\":\"ListItem\",\"position\":1,\"name\":\"Home\",\"item\":\"https:\/\/www.cpl.es\/galilea\/\"},{\"@type\":\"ListItem\",\"position\":2,\"name\":\"Para empezar\"}]},{\"@type\":\"WebSite\",\"@id\":\"https:\/\/www.cpl.es\/galilea\/#website\",\"url\":\"https:\/\/www.cpl.es\/galilea\/\",\"name\":\"Galilea.153\",\"description\":\"Liturgia, pastoral, vida cristiana\",\"publisher\":{\"@id\":\"https:\/\/www.cpl.es\/galilea\/#organization\"},\"potentialAction\":[{\"@type\":\"SearchAction\",\"target\":{\"@type\":\"EntryPoint\",\"urlTemplate\":\"https:\/\/www.cpl.es\/galilea\/?s={search_term_string}\"},\"query-input\":{\"@type\":\"PropertyValueSpecification\",\"valueRequired\":true,\"valueName\":\"search_term_string\"}}],\"inLanguage\":\"ca\"},{\"@type\":\"Organization\",\"@id\":\"https:\/\/www.cpl.es\/galilea\/#organization\",\"name\":\"Centre de Pastoral Lit\u00fargica\",\"url\":\"https:\/\/www.cpl.es\/galilea\/\",\"logo\":{\"@type\":\"ImageObject\",\"inLanguage\":\"ca\",\"@id\":\"https:\/\/www.cpl.es\/galilea\/#\/schema\/logo\/image\/\",\"url\":\"https:\/\/i0.wp.com\/ivory-newt-719188.hostingersite.com\/wp-content\/uploads\/2022\/10\/perfil-xarxes-400x400-1.jpg?fit=400%2C400&ssl=1\",\"contentUrl\":\"https:\/\/i0.wp.com\/ivory-newt-719188.hostingersite.com\/wp-content\/uploads\/2022\/10\/perfil-xarxes-400x400-1.jpg?fit=400%2C400&ssl=1\",\"width\":400,\"height\":400,\"caption\":\"Centre de Pastoral Lit\u00fargica\"},\"image\":{\"@id\":\"https:\/\/www.cpl.es\/galilea\/#\/schema\/logo\/image\/\"},\"sameAs\":[\"https:\/\/www.facebook.com\/CPLeditorial\",\"https:\/\/x.com\/CPLeditorial\",\"https:\/\/www.instagram.com\/cpleditorial\/\",\"https:\/\/www.youtube.com\/c\/CentredePastoralLitrgicaCPL\"]},{\"@type\":\"Person\",\"@id\":\"https:\/\/www.cpl.es\/galilea\/#\/schema\/person\/2acf6b542dd68cf66dab8da157b62bcf\",\"name\":\"Redacci\u00f3n\",\"image\":{\"@type\":\"ImageObject\",\"inLanguage\":\"ca\",\"@id\":\"https:\/\/www.cpl.es\/galilea\/#\/schema\/person\/image\/\",\"url\":\"https:\/\/secure.gravatar.com\/avatar\/a7d8eb81e61989a1685882d33a1b4116?s=96&d=mm&r=g\",\"contentUrl\":\"https:\/\/secure.gravatar.com\/avatar\/a7d8eb81e61989a1685882d33a1b4116?s=96&d=mm&r=g\",\"caption\":\"Redacci\u00f3n\"},\"url\":\"https:\/\/www.cpl.es\/galilea\/ca\/author\/pastoral_wp\/\"}]}<\/script>\n<!-- \/ Yoast SEO plugin. -->","yoast_head_json":{"title":"Para empezar - Galilea.153","robots":{"index":"index","follow":"follow","max-snippet":"max-snippet:-1","max-image-preview":"max-image-preview:large","max-video-preview":"max-video-preview:-1"},"canonical":"https:\/\/www.cpl.es\/galilea\/ca\/2018\/03\/07\/para-empezar\/","og_locale":"ca_ES","og_type":"article","og_title":"Para empezar - Galilea.153","og_description":"(M. \u00c0ngels Termes, editorial n\u00fam. 1)\u00a0Querido lector o lectora que acabas de abrir el primer n\u00famero de Galilea.153. Es posible que haya llegado a tus manos porque ya le\u00edas el Bloc MD que sal\u00eda cada tres meses con Misa Dominical. Queremos darte la bienvenida a estas p\u00e1ginas, a este nuevo proyecto, que tiene la intenci\u00f3n &hellip; Continua llegint \u00abPara empezar\u00bb","og_url":"https:\/\/www.cpl.es\/galilea\/ca\/2018\/03\/07\/para-empezar\/","og_site_name":"Galilea.153","article_publisher":"https:\/\/www.facebook.com\/CPLeditorial","article_published_time":"2018-03-07T09:32:56+00:00","article_modified_time":"2022-06-27T09:45:48+00:00","og_image":[{"width":1024,"height":680,"url":"https:\/\/www.cpl.es\/galilea\/wp-content\/uploads\/2018\/03\/DSC_0022-1024x680.jpg","type":"image\/jpeg"}],"author":"Redacci\u00f3n","twitter_card":"summary_large_image","twitter_creator":"@CPLeditorial","twitter_site":"@CPLeditorial","twitter_misc":{"Escrit per":"Redacci\u00f3n","Temps estimat de lectura":"3 minuts"},"schema":{"@context":"https:\/\/schema.org","@graph":[{"@type":"Article","@id":"https:\/\/www.cpl.es\/galilea\/2018\/03\/07\/para-empezar\/#article","isPartOf":{"@id":"https:\/\/www.cpl.es\/galilea\/2018\/03\/07\/para-empezar\/"},"author":{"name":"Redacci\u00f3n","@id":"https:\/\/www.cpl.es\/galilea\/#\/schema\/person\/2acf6b542dd68cf66dab8da157b62bcf"},"headline":"Para empezar","datePublished":"2018-03-07T09:32:56+00:00","dateModified":"2022-06-27T09:45:48+00:00","mainEntityOfPage":{"@id":"https:\/\/www.cpl.es\/galilea\/2018\/03\/07\/para-empezar\/"},"wordCount":688,"commentCount":0,"publisher":{"@id":"https:\/\/www.cpl.es\/galilea\/#organization"},"image":{"@id":"https:\/\/www.cpl.es\/galilea\/2018\/03\/07\/para-empezar\/#primaryimage"},"thumbnailUrl":"https:\/\/www.cpl.es\/galilea\/wp-content\/uploads\/2018\/03\/DSC_0022.jpg","keywords":["Buena Noticia","catequesis","CPL","Eucarist\u00eda","Galilea.153","liturgia","Misa Dominical","parroquia","pastoral","sacramentos","vida cristiana"],"articleSection":["El porqu\u00e9 de las cosas","Portada"],"inLanguage":"ca","potentialAction":[{"@type":"CommentAction","name":"Comment","target":["https:\/\/www.cpl.es\/galilea\/2018\/03\/07\/para-empezar\/#respond"]}]},{"@type":"WebPage","@id":"https:\/\/www.cpl.es\/galilea\/2018\/03\/07\/para-empezar\/","url":"https:\/\/www.cpl.es\/galilea\/2018\/03\/07\/para-empezar\/","name":"Para empezar - Galilea.153","isPartOf":{"@id":"https:\/\/www.cpl.es\/galilea\/#website"},"primaryImageOfPage":{"@id":"https:\/\/www.cpl.es\/galilea\/2018\/03\/07\/para-empezar\/#primaryimage"},"image":{"@id":"https:\/\/www.cpl.es\/galilea\/2018\/03\/07\/para-empezar\/#primaryimage"},"thumbnailUrl":"https:\/\/www.cpl.es\/galilea\/wp-content\/uploads\/2018\/03\/DSC_0022.jpg","datePublished":"2018-03-07T09:32:56+00:00","dateModified":"2022-06-27T09:45:48+00:00","breadcrumb":{"@id":"https:\/\/www.cpl.es\/galilea\/2018\/03\/07\/para-empezar\/#breadcrumb"},"inLanguage":"ca","potentialAction":[{"@type":"ReadAction","target":["https:\/\/www.cpl.es\/galilea\/2018\/03\/07\/para-empezar\/"]}]},{"@type":"ImageObject","inLanguage":"ca","@id":"https:\/\/www.cpl.es\/galilea\/2018\/03\/07\/para-empezar\/#primaryimage","url":"https:\/\/www.cpl.es\/galilea\/wp-content\/uploads\/2018\/03\/DSC_0022.jpg","contentUrl":"https:\/\/www.cpl.es\/galilea\/wp-content\/uploads\/2018\/03\/DSC_0022.jpg","width":4288,"height":2848,"caption":"Equip responsable de Galilea.153"},{"@type":"BreadcrumbList","@id":"https:\/\/www.cpl.es\/galilea\/2018\/03\/07\/para-empezar\/#breadcrumb","itemListElement":[{"@type":"ListItem","position":1,"name":"Home","item":"https:\/\/www.cpl.es\/galilea\/"},{"@type":"ListItem","position":2,"name":"Para empezar"}]},{"@type":"WebSite","@id":"https:\/\/www.cpl.es\/galilea\/#website","url":"https:\/\/www.cpl.es\/galilea\/","name":"Galilea.153","description":"Liturgia, pastoral, vida cristiana","publisher":{"@id":"https:\/\/www.cpl.es\/galilea\/#organization"},"potentialAction":[{"@type":"SearchAction","target":{"@type":"EntryPoint","urlTemplate":"https:\/\/www.cpl.es\/galilea\/?s={search_term_string}"},"query-input":{"@type":"PropertyValueSpecification","valueRequired":true,"valueName":"search_term_string"}}],"inLanguage":"ca"},{"@type":"Organization","@id":"https:\/\/www.cpl.es\/galilea\/#organization","name":"Centre de Pastoral Lit\u00fargica","url":"https:\/\/www.cpl.es\/galilea\/","logo":{"@type":"ImageObject","inLanguage":"ca","@id":"https:\/\/www.cpl.es\/galilea\/#\/schema\/logo\/image\/","url":"https:\/\/i0.wp.com\/ivory-newt-719188.hostingersite.com\/wp-content\/uploads\/2022\/10\/perfil-xarxes-400x400-1.jpg?fit=400%2C400&ssl=1","contentUrl":"https:\/\/i0.wp.com\/ivory-newt-719188.hostingersite.com\/wp-content\/uploads\/2022\/10\/perfil-xarxes-400x400-1.jpg?fit=400%2C400&ssl=1","width":400,"height":400,"caption":"Centre de Pastoral Lit\u00fargica"},"image":{"@id":"https:\/\/www.cpl.es\/galilea\/#\/schema\/logo\/image\/"},"sameAs":["https:\/\/www.facebook.com\/CPLeditorial","https:\/\/x.com\/CPLeditorial","https:\/\/www.instagram.com\/cpleditorial\/","https:\/\/www.youtube.com\/c\/CentredePastoralLitrgicaCPL"]},{"@type":"Person","@id":"https:\/\/www.cpl.es\/galilea\/#\/schema\/person\/2acf6b542dd68cf66dab8da157b62bcf","name":"Redacci\u00f3n","image":{"@type":"ImageObject","inLanguage":"ca","@id":"https:\/\/www.cpl.es\/galilea\/#\/schema\/person\/image\/","url":"https:\/\/secure.gravatar.com\/avatar\/a7d8eb81e61989a1685882d33a1b4116?s=96&d=mm&r=g","contentUrl":"https:\/\/secure.gravatar.com\/avatar\/a7d8eb81e61989a1685882d33a1b4116?s=96&d=mm&r=g","caption":"Redacci\u00f3n"},"url":"https:\/\/www.cpl.es\/galilea\/ca\/author\/pastoral_wp\/"}]}},"_links":{"self":[{"href":"https:\/\/www.cpl.es\/galilea\/ca\/wp-json\/wp\/v2\/posts\/96"}],"collection":[{"href":"https:\/\/www.cpl.es\/galilea\/ca\/wp-json\/wp\/v2\/posts"}],"about":[{"href":"https:\/\/www.cpl.es\/galilea\/ca\/wp-json\/wp\/v2\/types\/post"}],"author":[{"embeddable":true,"href":"https:\/\/www.cpl.es\/galilea\/ca\/wp-json\/wp\/v2\/users\/1"}],"replies":[{"embeddable":true,"href":"https:\/\/www.cpl.es\/galilea\/ca\/wp-json\/wp\/v2\/comments?post=96"}],"version-history":[{"count":12,"href":"https:\/\/www.cpl.es\/galilea\/ca\/wp-json\/wp\/v2\/posts\/96\/revisions"}],"predecessor-version":[{"id":2209,"href":"https:\/\/www.cpl.es\/galilea\/ca\/wp-json\/wp\/v2\/posts\/96\/revisions\/2209"}],"wp:featuredmedia":[{"embeddable":true,"href":"https:\/\/www.cpl.es\/galilea\/ca\/wp-json\/wp\/v2\/media\/79"}],"wp:attachment":[{"href":"https:\/\/www.cpl.es\/galilea\/ca\/wp-json\/wp\/v2\/media?parent=96"}],"wp:term":[{"taxonomy":"category","embeddable":true,"href":"https:\/\/www.cpl.es\/galilea\/ca\/wp-json\/wp\/v2\/categories?post=96"},{"taxonomy":"post_tag","embeddable":true,"href":"https:\/\/www.cpl.es\/galilea\/ca\/wp-json\/wp\/v2\/tags?post=96"}],"curies":[{"name":"wp","href":"https:\/\/api.w.org\/{rel}","templated":true}]}}