{"id":800,"date":"2019-03-10T12:02:49","date_gmt":"2019-03-10T10:02:49","guid":{"rendered":"http:\/\/ivory-newt-719188.hostingersite.com\/?p=800"},"modified":"2019-03-07T12:11:13","modified_gmt":"2019-03-07T10:11:13","slug":"mujeres-libres-y-felices","status":"publish","type":"post","link":"https:\/\/www.cpl.es\/galilea\/ca\/2019\/03\/10\/mujeres-libres-y-felices\/","title":{"rendered":"Mujeres libres y felices"},"content":{"rendered":"<p><em>(Equipo de redacci\u00f3n de la revista Galilea.153)<\/em><\/p>\n\n\n\n<p>No nos enga\u00f1emos. Este es un tema delicado para tratar hoy dentro de la Iglesia. Delicado porque una de las transformaciones sociales m\u00e1s profundas del pasado siglo ha sido el protagonismo creciente de las mujeres, ganado a pulso en el d\u00eda a d\u00eda, mientras que el discurso oficial de nuestra instituci\u00f3n eclesial en relaci\u00f3n al papel de las mujeres apenas se ha movido de donde estaba, incluso despu\u00e9s del Concilio. Y delicado tambi\u00e9n porque algunas de las reivindicaciones feministas m\u00e1s emblem\u00e1ticas, sobre la sexualidad, el divorcio y el aborto han entrado en conflicto directo con el fondo de la doctrina cat\u00f3lica, al menos tal como est\u00e1 formulada.<br> Como la redacci\u00f3n del CPL (M. \u00c0ngels, Toni, Quiteria, Maria y yo misma) somos as\u00ed de atrevidos, hemos pensado que en este n\u00famero, en lugar de entrevistar a alguna persona relevante, nos ir\u00eda muy bien compartir reflexiones y propuestas, que aqu\u00ed transmitimos.<\/p>\n\n\n\n<!--more-->\n\n\n\n<p><strong>\u00bfEn la Iglesia hay hombres que no aman a las mujeres?<\/strong><br>Bien, adem\u00e1s de su parecido con el del t\u00edtulo de alguna novela negra de \u00e9xito, estamos seguros de que merecer\u00eda la pena que toda la Iglesia proyectara una mirada limpia y amorosa sobre los roles sociales de hombres y mujeres, intentando entender las razones de fondo de la lucha. \u00bfPor qu\u00e9 no valorar en positivo, por ejemplo, los indudables avances de los hombres en la atenci\u00f3n y cuidado de las personas? En un mundo que solo valora el \u00e9xito social y econ\u00f3mico, ocuparse de los vulnerables de casa es visto como una carga, como  una p\u00e9rdida. Podemos ayudar a entender que acompa\u00f1ar a las personas es un bien evang\u00e9lico: hace crecer en comunicaci\u00f3n, en amor, en valoraci\u00f3n de la fragilidad, en espiritualidad. Y que liberar a las mujeres de un rol de sumisi\u00f3n es tambi\u00e9n liberar a los hombres del rol de \u00abmacho alfa\u00bb, con perd\u00f3n de la expresi\u00f3n.<br>Ser\u00eda una manera tambi\u00e9n de salir al paso de esta percepci\u00f3n, muy extendida, que entiende que en la vida de una persona laica Dios no est\u00e1 presente con tanta intensidad como en otras formas de vida. Sale en nuestra conversaci\u00f3n la situaci\u00f3n muy real de una vecina que cuida a una hija discapacitada, a un marido con Alzheimer y a una suegra muy anciana. Realizar estas tareas es sin duda vivir intensamente el amor de Dios, pero es visto por muchos como un \u00abdedicarse al mundo\u00bb un poco devaluado y acompa\u00f1ado de la palabra \u00ababnegaci\u00f3n\u00bb, que sigue considerando la atenci\u00f3n a las personas como una pesada carga.<br>Conseguir algo m\u00e1s de empat\u00eda de la instituci\u00f3n con las mujeres sin duda aportar\u00eda m\u00e1s credibilidad a la Iglesia y facilitar\u00eda un mejor di\u00e1logo en los temas m\u00e1s conflictivos.<br> <strong>\u00abLas chicas buenas van al cielo\u2026 \u00a1y las malas a todas partes!\u00bb<\/strong><br>Pues s\u00ed, tal como dice este eslogan feminista, debemos de ser m\u00e1s bien malas, porque constatamos que hay una gran presencia femenina en espacios p\u00fablicos muy diversos: desde las entidades a la misma Iglesia. Otra cosa es el papel que las mujeres desempe\u00f1amos. Con todo, la visibilidad de la mujer y la progresiva distribuci\u00f3n equitativa del poder nos ha cambiado la mirada, que autom\u00e1ticamente cuenta la proporci\u00f3n existente entre el n\u00famero de hombres y de mujeres. Por eso los espacios donde una mayor\u00eda de miembros, o sencillamente un grupo de poder, mantiene un rostro \u00fanicamente masculino ya nos resultan chocantes y no nos comunican nada positivo.<br>Dentro de la Iglesia esto es muy notorio, porque los espacios donde se toman decisiones van asociados a tres \u00e1mbitos en los que las mujeres no estamos demasiado (o nada) presentes. En primer lugar, el conocimiento intelectual. \u00abDoctores tiene la Iglesia\u00bb, dicen. Pero de \u00abdoctoras mujeres\u00bb no hay muchas. En segundo lugar, la misma liturgia. Los ministros ordenados son hombres y la puerta para cuestionar esta limitaci\u00f3n est\u00e1 cerrada. Y en tercer lugar, las decisiones \u00faltimas en materia pastoral, econ\u00f3mica, comunitaria, etc. quedan depositadas en presb\u00edteros y obispos.<br><strong>\u00bfHay propuestas?<\/strong><br>Tal vez no costar\u00eda demasiado, solo la voluntad de compensar una historia sesgada, que las facultades de teolog\u00eda hicieran el esfuerzo de facilitar el acceso a los estudios reglados de alto nivel a los laicos y laicas y de becarlos cuando convenga. Si los obispados becan a algunos sacerdotes para doctorarse en Roma, \u00bfno se podr\u00eda hacer lo mismo con laicos y laicas? En cualquier caso, la formaci\u00f3n a todos los niveles para hombres y mujeres deber\u00eda ser un objetivo prioritario.<br>La actual situaci\u00f3n de falta de sacerdotes, de dificultad para dar respuesta a las necesidades de las comunidades, tal vez justificar\u00eda una revisi\u00f3n del papel que tradicionalmente se ha reservado a presb\u00edteros y di\u00e1conos, a partir de la eclesiolog\u00eda que propone el Concilio Vaticano II. Simplificar algunas estructuras, distribuir responsabilidades \u2013a hombres y mujeres laicos\u2013 dentro de la comunidad podr\u00eda favorecer que los ministros ordenados priorizaran con tranquilidad las tareas propias de su ministerio. Todo ello, no para dar \u00abpoder\u00bb a las mujeres, sino para garantizar calidad lit\u00fargica, salida evangelizadora, atenci\u00f3n a las periferias. Catequesis, grupos de C\u00e1ritas y de solidaridad, movimientos diversos, pastoral de la salud, equipos de liturgia, educaci\u00f3n cristiana, son realidades eclesiales llenas de mujeres. \u00bfPor qu\u00e9 no contar con ellas a la hora de asumir delegaciones y responsabilidades diocesanas?<br>Y sobre las grandes decisiones en relaci\u00f3n a la ordenaci\u00f3n de presb\u00edteros y di\u00e1conos, nuestra aportaci\u00f3n solo pasa por pedir que se abra el abanico de reflexiones y discernimientos al conjunto del Pueblo de Dios y que se tengan en cuenta, junto a todas las consideraciones b\u00edblicas, evang\u00e9licas, patr\u00edsticas y de la tradici\u00f3n, las consideraciones de la vida, de la antropolog\u00eda, de la historia y de las necesidades actuales. Para avanzar en la fraternidad y en la comuni\u00f3n que nos pide la misma fe.<br>Trabajemos, en definitiva, por una Iglesia donde las mujeres se sientan acogidas, queridas, valoradas, libres y felices.<\/p>","protected":false},"excerpt":{"rendered":"<p>(Equipo de redacci\u00f3n de la revista Galilea.153) No nos enga\u00f1emos. Este es un tema delicado para tratar hoy dentro de la Iglesia. Delicado porque una de las transformaciones sociales m\u00e1s profundas del pasado siglo ha sido el protagonismo creciente de las mujeres, ganado a pulso en el d\u00eda a d\u00eda, mientras que el discurso oficial &hellip; <a href=\"https:\/\/www.cpl.es\/galilea\/ca\/2019\/03\/10\/mujeres-libres-y-felices\/\" class=\"more-link\">Continua llegint <span class=\"screen-reader-text\">\u00abMujeres libres y felices\u00bb<\/span><\/a><\/p>","protected":false},"author":1,"featured_media":780,"comment_status":"open","ping_status":"open","sticky":false,"template":"","format":"standard","meta":{"footnotes":""},"categories":[19],"tags":[48,91,80,92],"class_list":["post-800","post","type-post","status-publish","format-standard","has-post-thumbnail","hentry","category-dialoguemos","tag-maria-guarch","tag-merce-sole","tag-mujer","tag-mujeres"],"yoast_head":"<!-- This site is optimized with the Yoast SEO plugin v23.5 - https:\/\/yoast.com\/wordpress\/plugins\/seo\/ -->\n<title>Mujeres libres y felices - Galilea.153<\/title>\n<meta name=\"robots\" content=\"index, follow, max-snippet:-1, max-image-preview:large, max-video-preview:-1\" \/>\n<link rel=\"canonical\" href=\"https:\/\/www.cpl.es\/galilea\/ca\/2019\/03\/10\/mujeres-libres-y-felices\/\" \/>\n<meta property=\"og:locale\" content=\"ca_ES\" \/>\n<meta property=\"og:type\" content=\"article\" \/>\n<meta property=\"og:title\" content=\"Mujeres libres y felices - Galilea.153\" \/>\n<meta property=\"og:description\" content=\"(Equipo de redacci\u00f3n de la revista Galilea.153) No nos enga\u00f1emos. Este es un tema delicado para tratar hoy dentro de la Iglesia. Delicado porque una de las transformaciones sociales m\u00e1s profundas del pasado siglo ha sido el protagonismo creciente de las mujeres, ganado a pulso en el d\u00eda a d\u00eda, mientras que el discurso oficial &hellip; Continua llegint \u00abMujeres libres y felices\u00bb\" \/>\n<meta property=\"og:url\" content=\"https:\/\/www.cpl.es\/galilea\/ca\/2019\/03\/10\/mujeres-libres-y-felices\/\" \/>\n<meta property=\"og:site_name\" content=\"Galilea.153\" \/>\n<meta property=\"article:publisher\" content=\"https:\/\/www.facebook.com\/CPLeditorial\" \/>\n<meta property=\"article:published_time\" content=\"2019-03-10T10:02:49+00:00\" \/>\n<meta property=\"article:modified_time\" content=\"2019-03-07T10:11:13+00:00\" \/>\n<meta property=\"og:image\" content=\"https:\/\/www.cpl.es\/galilea\/wp-content\/uploads\/2019\/03\/Mujeres-libres-felices-1024x683.jpg\" \/>\n\t<meta property=\"og:image:width\" content=\"1024\" \/>\n\t<meta property=\"og:image:height\" content=\"683\" \/>\n\t<meta property=\"og:image:type\" content=\"image\/jpeg\" \/>\n<meta name=\"author\" content=\"Redacci\u00f3n\" \/>\n<meta name=\"twitter:card\" content=\"summary_large_image\" \/>\n<meta name=\"twitter:creator\" content=\"@CPLeditorial\" \/>\n<meta name=\"twitter:site\" content=\"@CPLeditorial\" \/>\n<meta name=\"twitter:label1\" content=\"Escrit per\" \/>\n\t<meta name=\"twitter:data1\" content=\"Redacci\u00f3n\" \/>\n\t<meta name=\"twitter:label2\" content=\"Temps estimat de lectura\" \/>\n\t<meta name=\"twitter:data2\" content=\"5 minuts\" \/>\n<script type=\"application\/ld+json\" class=\"yoast-schema-graph\">{\"@context\":\"https:\/\/schema.org\",\"@graph\":[{\"@type\":\"Article\",\"@id\":\"https:\/\/www.cpl.es\/galilea\/2019\/03\/10\/mujeres-libres-y-felices\/#article\",\"isPartOf\":{\"@id\":\"https:\/\/www.cpl.es\/galilea\/2019\/03\/10\/mujeres-libres-y-felices\/\"},\"author\":{\"name\":\"Redacci\u00f3n\",\"@id\":\"https:\/\/www.cpl.es\/galilea\/#\/schema\/person\/2acf6b542dd68cf66dab8da157b62bcf\"},\"headline\":\"Mujeres libres y felices\",\"datePublished\":\"2019-03-10T10:02:49+00:00\",\"dateModified\":\"2019-03-07T10:11:13+00:00\",\"mainEntityOfPage\":{\"@id\":\"https:\/\/www.cpl.es\/galilea\/2019\/03\/10\/mujeres-libres-y-felices\/\"},\"wordCount\":1062,\"commentCount\":0,\"publisher\":{\"@id\":\"https:\/\/www.cpl.es\/galilea\/#organization\"},\"image\":{\"@id\":\"https:\/\/www.cpl.es\/galilea\/2019\/03\/10\/mujeres-libres-y-felices\/#primaryimage\"},\"thumbnailUrl\":\"https:\/\/www.cpl.es\/galilea\/wp-content\/uploads\/2019\/03\/Mujeres-libres-felices.jpg\",\"keywords\":[\"Maria Guarch\",\"Merc\u00e8 Sol\u00e9\",\"mujer\",\"mujeres\"],\"articleSection\":[\"Dialoguemos\"],\"inLanguage\":\"ca\",\"potentialAction\":[{\"@type\":\"CommentAction\",\"name\":\"Comment\",\"target\":[\"https:\/\/www.cpl.es\/galilea\/2019\/03\/10\/mujeres-libres-y-felices\/#respond\"]}]},{\"@type\":\"WebPage\",\"@id\":\"https:\/\/www.cpl.es\/galilea\/2019\/03\/10\/mujeres-libres-y-felices\/\",\"url\":\"https:\/\/www.cpl.es\/galilea\/2019\/03\/10\/mujeres-libres-y-felices\/\",\"name\":\"Mujeres libres y felices - Galilea.153\",\"isPartOf\":{\"@id\":\"https:\/\/www.cpl.es\/galilea\/#website\"},\"primaryImageOfPage\":{\"@id\":\"https:\/\/www.cpl.es\/galilea\/2019\/03\/10\/mujeres-libres-y-felices\/#primaryimage\"},\"image\":{\"@id\":\"https:\/\/www.cpl.es\/galilea\/2019\/03\/10\/mujeres-libres-y-felices\/#primaryimage\"},\"thumbnailUrl\":\"https:\/\/www.cpl.es\/galilea\/wp-content\/uploads\/2019\/03\/Mujeres-libres-felices.jpg\",\"datePublished\":\"2019-03-10T10:02:49+00:00\",\"dateModified\":\"2019-03-07T10:11:13+00:00\",\"breadcrumb\":{\"@id\":\"https:\/\/www.cpl.es\/galilea\/2019\/03\/10\/mujeres-libres-y-felices\/#breadcrumb\"},\"inLanguage\":\"ca\",\"potentialAction\":[{\"@type\":\"ReadAction\",\"target\":[\"https:\/\/www.cpl.es\/galilea\/2019\/03\/10\/mujeres-libres-y-felices\/\"]}]},{\"@type\":\"ImageObject\",\"inLanguage\":\"ca\",\"@id\":\"https:\/\/www.cpl.es\/galilea\/2019\/03\/10\/mujeres-libres-y-felices\/#primaryimage\",\"url\":\"https:\/\/www.cpl.es\/galilea\/wp-content\/uploads\/2019\/03\/Mujeres-libres-felices.jpg\",\"contentUrl\":\"https:\/\/www.cpl.es\/galilea\/wp-content\/uploads\/2019\/03\/Mujeres-libres-felices.jpg\",\"width\":1920,\"height\":1280},{\"@type\":\"BreadcrumbList\",\"@id\":\"https:\/\/www.cpl.es\/galilea\/2019\/03\/10\/mujeres-libres-y-felices\/#breadcrumb\",\"itemListElement\":[{\"@type\":\"ListItem\",\"position\":1,\"name\":\"Home\",\"item\":\"https:\/\/www.cpl.es\/galilea\/\"},{\"@type\":\"ListItem\",\"position\":2,\"name\":\"Mujeres libres y felices\"}]},{\"@type\":\"WebSite\",\"@id\":\"https:\/\/www.cpl.es\/galilea\/#website\",\"url\":\"https:\/\/www.cpl.es\/galilea\/\",\"name\":\"Galilea.153\",\"description\":\"Liturgia, pastoral, vida cristiana\",\"publisher\":{\"@id\":\"https:\/\/www.cpl.es\/galilea\/#organization\"},\"potentialAction\":[{\"@type\":\"SearchAction\",\"target\":{\"@type\":\"EntryPoint\",\"urlTemplate\":\"https:\/\/www.cpl.es\/galilea\/?s={search_term_string}\"},\"query-input\":{\"@type\":\"PropertyValueSpecification\",\"valueRequired\":true,\"valueName\":\"search_term_string\"}}],\"inLanguage\":\"ca\"},{\"@type\":\"Organization\",\"@id\":\"https:\/\/www.cpl.es\/galilea\/#organization\",\"name\":\"Centre de Pastoral Lit\u00fargica\",\"url\":\"https:\/\/www.cpl.es\/galilea\/\",\"logo\":{\"@type\":\"ImageObject\",\"inLanguage\":\"ca\",\"@id\":\"https:\/\/www.cpl.es\/galilea\/#\/schema\/logo\/image\/\",\"url\":\"https:\/\/i0.wp.com\/ivory-newt-719188.hostingersite.com\/wp-content\/uploads\/2022\/10\/perfil-xarxes-400x400-1.jpg?fit=400%2C400&ssl=1\",\"contentUrl\":\"https:\/\/i0.wp.com\/ivory-newt-719188.hostingersite.com\/wp-content\/uploads\/2022\/10\/perfil-xarxes-400x400-1.jpg?fit=400%2C400&ssl=1\",\"width\":400,\"height\":400,\"caption\":\"Centre de Pastoral Lit\u00fargica\"},\"image\":{\"@id\":\"https:\/\/www.cpl.es\/galilea\/#\/schema\/logo\/image\/\"},\"sameAs\":[\"https:\/\/www.facebook.com\/CPLeditorial\",\"https:\/\/x.com\/CPLeditorial\",\"https:\/\/www.instagram.com\/cpleditorial\/\",\"https:\/\/www.youtube.com\/c\/CentredePastoralLitrgicaCPL\"]},{\"@type\":\"Person\",\"@id\":\"https:\/\/www.cpl.es\/galilea\/#\/schema\/person\/2acf6b542dd68cf66dab8da157b62bcf\",\"name\":\"Redacci\u00f3n\",\"image\":{\"@type\":\"ImageObject\",\"inLanguage\":\"ca\",\"@id\":\"https:\/\/www.cpl.es\/galilea\/#\/schema\/person\/image\/\",\"url\":\"https:\/\/secure.gravatar.com\/avatar\/a7d8eb81e61989a1685882d33a1b4116?s=96&d=mm&r=g\",\"contentUrl\":\"https:\/\/secure.gravatar.com\/avatar\/a7d8eb81e61989a1685882d33a1b4116?s=96&d=mm&r=g\",\"caption\":\"Redacci\u00f3n\"},\"url\":\"https:\/\/www.cpl.es\/galilea\/ca\/author\/pastoral_wp\/\"}]}<\/script>\n<!-- \/ Yoast SEO plugin. -->","yoast_head_json":{"title":"Mujeres libres y felices - Galilea.153","robots":{"index":"index","follow":"follow","max-snippet":"max-snippet:-1","max-image-preview":"max-image-preview:large","max-video-preview":"max-video-preview:-1"},"canonical":"https:\/\/www.cpl.es\/galilea\/ca\/2019\/03\/10\/mujeres-libres-y-felices\/","og_locale":"ca_ES","og_type":"article","og_title":"Mujeres libres y felices - Galilea.153","og_description":"(Equipo de redacci\u00f3n de la revista Galilea.153) No nos enga\u00f1emos. Este es un tema delicado para tratar hoy dentro de la Iglesia. Delicado porque una de las transformaciones sociales m\u00e1s profundas del pasado siglo ha sido el protagonismo creciente de las mujeres, ganado a pulso en el d\u00eda a d\u00eda, mientras que el discurso oficial &hellip; Continua llegint \u00abMujeres libres y felices\u00bb","og_url":"https:\/\/www.cpl.es\/galilea\/ca\/2019\/03\/10\/mujeres-libres-y-felices\/","og_site_name":"Galilea.153","article_publisher":"https:\/\/www.facebook.com\/CPLeditorial","article_published_time":"2019-03-10T10:02:49+00:00","article_modified_time":"2019-03-07T10:11:13+00:00","og_image":[{"width":1024,"height":683,"url":"https:\/\/www.cpl.es\/galilea\/wp-content\/uploads\/2019\/03\/Mujeres-libres-felices-1024x683.jpg","type":"image\/jpeg"}],"author":"Redacci\u00f3n","twitter_card":"summary_large_image","twitter_creator":"@CPLeditorial","twitter_site":"@CPLeditorial","twitter_misc":{"Escrit per":"Redacci\u00f3n","Temps estimat de lectura":"5 minuts"},"schema":{"@context":"https:\/\/schema.org","@graph":[{"@type":"Article","@id":"https:\/\/www.cpl.es\/galilea\/2019\/03\/10\/mujeres-libres-y-felices\/#article","isPartOf":{"@id":"https:\/\/www.cpl.es\/galilea\/2019\/03\/10\/mujeres-libres-y-felices\/"},"author":{"name":"Redacci\u00f3n","@id":"https:\/\/www.cpl.es\/galilea\/#\/schema\/person\/2acf6b542dd68cf66dab8da157b62bcf"},"headline":"Mujeres libres y felices","datePublished":"2019-03-10T10:02:49+00:00","dateModified":"2019-03-07T10:11:13+00:00","mainEntityOfPage":{"@id":"https:\/\/www.cpl.es\/galilea\/2019\/03\/10\/mujeres-libres-y-felices\/"},"wordCount":1062,"commentCount":0,"publisher":{"@id":"https:\/\/www.cpl.es\/galilea\/#organization"},"image":{"@id":"https:\/\/www.cpl.es\/galilea\/2019\/03\/10\/mujeres-libres-y-felices\/#primaryimage"},"thumbnailUrl":"https:\/\/www.cpl.es\/galilea\/wp-content\/uploads\/2019\/03\/Mujeres-libres-felices.jpg","keywords":["Maria Guarch","Merc\u00e8 Sol\u00e9","mujer","mujeres"],"articleSection":["Dialoguemos"],"inLanguage":"ca","potentialAction":[{"@type":"CommentAction","name":"Comment","target":["https:\/\/www.cpl.es\/galilea\/2019\/03\/10\/mujeres-libres-y-felices\/#respond"]}]},{"@type":"WebPage","@id":"https:\/\/www.cpl.es\/galilea\/2019\/03\/10\/mujeres-libres-y-felices\/","url":"https:\/\/www.cpl.es\/galilea\/2019\/03\/10\/mujeres-libres-y-felices\/","name":"Mujeres libres y felices - Galilea.153","isPartOf":{"@id":"https:\/\/www.cpl.es\/galilea\/#website"},"primaryImageOfPage":{"@id":"https:\/\/www.cpl.es\/galilea\/2019\/03\/10\/mujeres-libres-y-felices\/#primaryimage"},"image":{"@id":"https:\/\/www.cpl.es\/galilea\/2019\/03\/10\/mujeres-libres-y-felices\/#primaryimage"},"thumbnailUrl":"https:\/\/www.cpl.es\/galilea\/wp-content\/uploads\/2019\/03\/Mujeres-libres-felices.jpg","datePublished":"2019-03-10T10:02:49+00:00","dateModified":"2019-03-07T10:11:13+00:00","breadcrumb":{"@id":"https:\/\/www.cpl.es\/galilea\/2019\/03\/10\/mujeres-libres-y-felices\/#breadcrumb"},"inLanguage":"ca","potentialAction":[{"@type":"ReadAction","target":["https:\/\/www.cpl.es\/galilea\/2019\/03\/10\/mujeres-libres-y-felices\/"]}]},{"@type":"ImageObject","inLanguage":"ca","@id":"https:\/\/www.cpl.es\/galilea\/2019\/03\/10\/mujeres-libres-y-felices\/#primaryimage","url":"https:\/\/www.cpl.es\/galilea\/wp-content\/uploads\/2019\/03\/Mujeres-libres-felices.jpg","contentUrl":"https:\/\/www.cpl.es\/galilea\/wp-content\/uploads\/2019\/03\/Mujeres-libres-felices.jpg","width":1920,"height":1280},{"@type":"BreadcrumbList","@id":"https:\/\/www.cpl.es\/galilea\/2019\/03\/10\/mujeres-libres-y-felices\/#breadcrumb","itemListElement":[{"@type":"ListItem","position":1,"name":"Home","item":"https:\/\/www.cpl.es\/galilea\/"},{"@type":"ListItem","position":2,"name":"Mujeres libres y felices"}]},{"@type":"WebSite","@id":"https:\/\/www.cpl.es\/galilea\/#website","url":"https:\/\/www.cpl.es\/galilea\/","name":"Galilea.153","description":"Liturgia, pastoral, vida cristiana","publisher":{"@id":"https:\/\/www.cpl.es\/galilea\/#organization"},"potentialAction":[{"@type":"SearchAction","target":{"@type":"EntryPoint","urlTemplate":"https:\/\/www.cpl.es\/galilea\/?s={search_term_string}"},"query-input":{"@type":"PropertyValueSpecification","valueRequired":true,"valueName":"search_term_string"}}],"inLanguage":"ca"},{"@type":"Organization","@id":"https:\/\/www.cpl.es\/galilea\/#organization","name":"Centre de Pastoral Lit\u00fargica","url":"https:\/\/www.cpl.es\/galilea\/","logo":{"@type":"ImageObject","inLanguage":"ca","@id":"https:\/\/www.cpl.es\/galilea\/#\/schema\/logo\/image\/","url":"https:\/\/i0.wp.com\/ivory-newt-719188.hostingersite.com\/wp-content\/uploads\/2022\/10\/perfil-xarxes-400x400-1.jpg?fit=400%2C400&ssl=1","contentUrl":"https:\/\/i0.wp.com\/ivory-newt-719188.hostingersite.com\/wp-content\/uploads\/2022\/10\/perfil-xarxes-400x400-1.jpg?fit=400%2C400&ssl=1","width":400,"height":400,"caption":"Centre de Pastoral Lit\u00fargica"},"image":{"@id":"https:\/\/www.cpl.es\/galilea\/#\/schema\/logo\/image\/"},"sameAs":["https:\/\/www.facebook.com\/CPLeditorial","https:\/\/x.com\/CPLeditorial","https:\/\/www.instagram.com\/cpleditorial\/","https:\/\/www.youtube.com\/c\/CentredePastoralLitrgicaCPL"]},{"@type":"Person","@id":"https:\/\/www.cpl.es\/galilea\/#\/schema\/person\/2acf6b542dd68cf66dab8da157b62bcf","name":"Redacci\u00f3n","image":{"@type":"ImageObject","inLanguage":"ca","@id":"https:\/\/www.cpl.es\/galilea\/#\/schema\/person\/image\/","url":"https:\/\/secure.gravatar.com\/avatar\/a7d8eb81e61989a1685882d33a1b4116?s=96&d=mm&r=g","contentUrl":"https:\/\/secure.gravatar.com\/avatar\/a7d8eb81e61989a1685882d33a1b4116?s=96&d=mm&r=g","caption":"Redacci\u00f3n"},"url":"https:\/\/www.cpl.es\/galilea\/ca\/author\/pastoral_wp\/"}]}},"_links":{"self":[{"href":"https:\/\/www.cpl.es\/galilea\/ca\/wp-json\/wp\/v2\/posts\/800"}],"collection":[{"href":"https:\/\/www.cpl.es\/galilea\/ca\/wp-json\/wp\/v2\/posts"}],"about":[{"href":"https:\/\/www.cpl.es\/galilea\/ca\/wp-json\/wp\/v2\/types\/post"}],"author":[{"embeddable":true,"href":"https:\/\/www.cpl.es\/galilea\/ca\/wp-json\/wp\/v2\/users\/1"}],"replies":[{"embeddable":true,"href":"https:\/\/www.cpl.es\/galilea\/ca\/wp-json\/wp\/v2\/comments?post=800"}],"version-history":[{"count":2,"href":"https:\/\/www.cpl.es\/galilea\/ca\/wp-json\/wp\/v2\/posts\/800\/revisions"}],"predecessor-version":[{"id":802,"href":"https:\/\/www.cpl.es\/galilea\/ca\/wp-json\/wp\/v2\/posts\/800\/revisions\/802"}],"wp:featuredmedia":[{"embeddable":true,"href":"https:\/\/www.cpl.es\/galilea\/ca\/wp-json\/wp\/v2\/media\/780"}],"wp:attachment":[{"href":"https:\/\/www.cpl.es\/galilea\/ca\/wp-json\/wp\/v2\/media?parent=800"}],"wp:term":[{"taxonomy":"category","embeddable":true,"href":"https:\/\/www.cpl.es\/galilea\/ca\/wp-json\/wp\/v2\/categories?post=800"},{"taxonomy":"post_tag","embeddable":true,"href":"https:\/\/www.cpl.es\/galilea\/ca\/wp-json\/wp\/v2\/tags?post=800"}],"curies":[{"name":"wp","href":"https:\/\/api.w.org\/{rel}","templated":true}]}}