{"id":357,"date":"2018-06-22T12:36:35","date_gmt":"2018-06-22T10:36:35","guid":{"rendered":"http:\/\/ivory-newt-719188.hostingersite.com\/?p=357"},"modified":"2018-06-26T13:43:32","modified_gmt":"2018-06-26T11:43:32","slug":"aprender-a-ser-agradecido","status":"publish","type":"post","link":"https:\/\/www.cpl.es\/galilea\/ca\/2018\/06\/22\/aprender-a-ser-agradecido\/","title":{"rendered":"Aprender a ser agradecido"},"content":{"rendered":"<figure id=\"attachment_353\" aria-describedby=\"caption-attachment-353\" style=\"width: 596px\" class=\"wp-caption alignleft\"><img loading=\"lazy\" decoding=\"async\" class=\"wp-image-353\" src=\"http:\/\/ivory-newt-719188.hostingersite.com\/wp-content\/uploads\/2018\/06\/Donar-gracias-e1529663744836.jpg\" alt=\"\" width=\"596\" height=\"398\" \/><figcaption id=\"caption-attachment-353\" class=\"wp-caption-text\">Foto: Lilia Mac\u00edas (Cathopic)<\/figcaption><\/figure>\n<p><em>(Anna-Bel Carbonell, Sant Cugat del Vall\u00e8s)<\/em>\u00a0Los que somos madres y padres sabemos lo importante que es establecer rutinas desde muy peque\u00f1os con nuestros hijos e hijas. Es algo parecido a establecer peque\u00f1as liturgias, que si se transmiten amorosa y pacientemente, no producir\u00e1n alergias y, en cambio, contribuir\u00e1n positivamente a forjar su car\u00e1cter, los guiar\u00e1n hacia un cierto orden, crecer\u00e1n en valores y les ayudar\u00e1n a discernir m\u00e1s adelante con un cierto criterio. Ense\u00f1arles a \u00abdar las gracias\u00bb es una de estas rutinas, y no solo por una cuesti\u00f3n de amabilidad y buena educaci\u00f3n.<!--more--><br \/>\nUna vez, hace muchos a\u00f1os, alguien me dijo que dar las gracias por obviedades, por acciones habituales y casi de obligado cumplimiento, no hac\u00eda falta porque se daban por supuestas y se desvirtuaba la acci\u00f3n y el sentido del t\u00e9rmino. En aquel momento, reconozco que no entend\u00ed el significado real de lo que me dec\u00edan&#8230; pero con el transcurrir del tiempo he descubierto el verdadero sentido. No es que dar las gracias por todo desgaste la palabra, sino que estamos hablando de una dimensi\u00f3n humana que debemos convertir de forma natural en el tronco central para acabar transformando todo nuestro ser en un canto de acci\u00f3n de gracias.<br \/>\nSer agradecido no es un puro formalismo, antes al contrario, ser agradecido dice mucho de c\u00f3mo somos, del verdadero sentido de nuestras vidas y del valor que damos a quienes nos acompa\u00f1an en nuestra trayectoria vital.<br \/>\nSer agradecido es un reconocimiento afectuoso, es una manera de ir por la vida, un actuar m\u00e1s desde el coraz\u00f3n que desde nuestro, a veces, fr\u00edo intelecto.<br \/>\nRecuerdo que, en una visita, un monje de Poblet nos dijo: la esencia de la persona humana y de todo cristiano debe ser \u00abRespirar y dar gracias\u00bb.<br \/>\nPero, \u00bfqu\u00e9 clase de gracias debemos dar? No sirven las gracias protocolarias, ni las obligadas, sino que hablamos de las gracias sinceras, de las que nacen del coraz\u00f3n y nos surgen desde dentro. A menudo tendemos a dar por hecho algunas cosas, y a olvidarnos de agradecerlas: la generosidad de nuestros progenitores al desearnos y querernos; cada segundo de nuestra existencia: fr\u00e1gil, gratuita, irrepetible; cada nuevo d\u00eda luminoso o lluvioso; por cada persona que nos escucha, acompa\u00f1a, ama&#8230; todos estos y muchos otros actos son deudores de nuestro mayor agradecimiento. Y, a Dios Padre y Madre, \u00bfno debemos darle gracias?<br \/>\nLa liturgia, de manera sencilla y natural, deber\u00eda invitarnos m\u00e1s a menudo a adoptar esta actitud de agradecimiento por la vida, por sentirnos amados antes de nacer, por un Dios que nos ofreci\u00f3 a su Hijo por amor, por el don de la fe. Esta ser\u00eda una \u00abrutina\u00bb que con el tiempo los ni\u00f1os, de manera natural, deber\u00edan integrar en su oraci\u00f3n y convertir en \u00abacci\u00f3n de gracias\u00bb de su vida. El agradecimiento debe tomar cuerpo en las celebraciones lit\u00fargicas comunitarias y tambi\u00e9n en nuestra vida interior.<br \/>\nGracias, una palabra que se convierte en oraci\u00f3n, plegaria en s\u00ed misma cuando la transformamos en una actitud de vida.<\/p>","protected":false},"excerpt":{"rendered":"<p>(Anna-Bel Carbonell, Sant Cugat del Vall\u00e8s)\u00a0Los que somos madres y padres sabemos lo importante que es establecer rutinas desde muy peque\u00f1os con nuestros hijos e hijas. Es algo parecido a establecer peque\u00f1as liturgias, que si se transmiten amorosa y pacientemente, no producir\u00e1n alergias y, en cambio, contribuir\u00e1n positivamente a forjar su car\u00e1cter, los guiar\u00e1n hacia &hellip; <a href=\"https:\/\/www.cpl.es\/galilea\/ca\/2018\/06\/22\/aprender-a-ser-agradecido\/\" class=\"more-link\">Continua llegint <span class=\"screen-reader-text\">\u00abAprender a ser agradecido\u00bb<\/span><\/a><\/p>","protected":false},"author":1,"featured_media":0,"comment_status":"open","ping_status":"open","sticky":false,"template":"","format":"standard","meta":{"footnotes":""},"categories":[1],"tags":[],"class_list":["post-357","post","type-post","status-publish","format-standard","hentry","category-general"],"yoast_head":"<!-- This site is optimized with the Yoast SEO plugin v23.5 - https:\/\/yoast.com\/wordpress\/plugins\/seo\/ -->\n<title>Aprender a ser agradecido - Galilea.153<\/title>\n<meta name=\"robots\" content=\"index, follow, max-snippet:-1, max-image-preview:large, max-video-preview:-1\" \/>\n<link rel=\"canonical\" href=\"https:\/\/www.cpl.es\/galilea\/ca\/2018\/06\/22\/aprender-a-ser-agradecido\/\" \/>\n<meta property=\"og:locale\" content=\"ca_ES\" \/>\n<meta property=\"og:type\" content=\"article\" \/>\n<meta property=\"og:title\" content=\"Aprender a ser agradecido - Galilea.153\" \/>\n<meta property=\"og:description\" content=\"(Anna-Bel Carbonell, Sant Cugat del Vall\u00e8s)\u00a0Los que somos madres y padres sabemos lo importante que es establecer rutinas desde muy peque\u00f1os con nuestros hijos e hijas. Es algo parecido a establecer peque\u00f1as liturgias, que si se transmiten amorosa y pacientemente, no producir\u00e1n alergias y, en cambio, contribuir\u00e1n positivamente a forjar su car\u00e1cter, los guiar\u00e1n hacia &hellip; Continua llegint \u00abAprender a ser agradecido\u00bb\" \/>\n<meta property=\"og:url\" content=\"https:\/\/www.cpl.es\/galilea\/ca\/2018\/06\/22\/aprender-a-ser-agradecido\/\" \/>\n<meta property=\"og:site_name\" content=\"Galilea.153\" \/>\n<meta property=\"article:publisher\" content=\"https:\/\/www.facebook.com\/CPLeditorial\" \/>\n<meta property=\"article:published_time\" content=\"2018-06-22T10:36:35+00:00\" \/>\n<meta property=\"article:modified_time\" content=\"2018-06-26T11:43:32+00:00\" \/>\n<meta property=\"og:image\" content=\"http:\/\/ivory-newt-719188.hostingersite.com\/wp-content\/uploads\/2018\/06\/Donar-gracias-e1529663744836.jpg\" \/>\n<meta name=\"author\" content=\"Redacci\u00f3n\" \/>\n<meta name=\"twitter:card\" content=\"summary_large_image\" \/>\n<meta name=\"twitter:creator\" content=\"@CPLeditorial\" \/>\n<meta name=\"twitter:site\" content=\"@CPLeditorial\" \/>\n<meta name=\"twitter:label1\" content=\"Escrit per\" \/>\n\t<meta name=\"twitter:data1\" content=\"Redacci\u00f3n\" \/>\n\t<meta name=\"twitter:label2\" content=\"Temps estimat de lectura\" \/>\n\t<meta name=\"twitter:data2\" content=\"3 minuts\" \/>\n<script type=\"application\/ld+json\" class=\"yoast-schema-graph\">{\"@context\":\"https:\/\/schema.org\",\"@graph\":[{\"@type\":\"Article\",\"@id\":\"https:\/\/www.cpl.es\/galilea\/2018\/06\/22\/aprender-a-ser-agradecido\/#article\",\"isPartOf\":{\"@id\":\"https:\/\/www.cpl.es\/galilea\/2018\/06\/22\/aprender-a-ser-agradecido\/\"},\"author\":{\"name\":\"Redacci\u00f3n\",\"@id\":\"https:\/\/www.cpl.es\/galilea\/#\/schema\/person\/2acf6b542dd68cf66dab8da157b62bcf\"},\"headline\":\"Aprender a ser agradecido\",\"datePublished\":\"2018-06-22T10:36:35+00:00\",\"dateModified\":\"2018-06-26T11:43:32+00:00\",\"mainEntityOfPage\":{\"@id\":\"https:\/\/www.cpl.es\/galilea\/2018\/06\/22\/aprender-a-ser-agradecido\/\"},\"wordCount\":554,\"commentCount\":0,\"publisher\":{\"@id\":\"https:\/\/www.cpl.es\/galilea\/#organization\"},\"image\":{\"@id\":\"https:\/\/www.cpl.es\/galilea\/2018\/06\/22\/aprender-a-ser-agradecido\/#primaryimage\"},\"thumbnailUrl\":\"http:\/\/ivory-newt-719188.hostingersite.com\/wp-content\/uploads\/2018\/06\/Donar-gracias-e1529663744836.jpg\",\"articleSection\":[\"General\"],\"inLanguage\":\"ca\",\"potentialAction\":[{\"@type\":\"CommentAction\",\"name\":\"Comment\",\"target\":[\"https:\/\/www.cpl.es\/galilea\/2018\/06\/22\/aprender-a-ser-agradecido\/#respond\"]}]},{\"@type\":\"WebPage\",\"@id\":\"https:\/\/www.cpl.es\/galilea\/2018\/06\/22\/aprender-a-ser-agradecido\/\",\"url\":\"https:\/\/www.cpl.es\/galilea\/2018\/06\/22\/aprender-a-ser-agradecido\/\",\"name\":\"Aprender a ser agradecido - Galilea.153\",\"isPartOf\":{\"@id\":\"https:\/\/www.cpl.es\/galilea\/#website\"},\"primaryImageOfPage\":{\"@id\":\"https:\/\/www.cpl.es\/galilea\/2018\/06\/22\/aprender-a-ser-agradecido\/#primaryimage\"},\"image\":{\"@id\":\"https:\/\/www.cpl.es\/galilea\/2018\/06\/22\/aprender-a-ser-agradecido\/#primaryimage\"},\"thumbnailUrl\":\"http:\/\/ivory-newt-719188.hostingersite.com\/wp-content\/uploads\/2018\/06\/Donar-gracias-e1529663744836.jpg\",\"datePublished\":\"2018-06-22T10:36:35+00:00\",\"dateModified\":\"2018-06-26T11:43:32+00:00\",\"breadcrumb\":{\"@id\":\"https:\/\/www.cpl.es\/galilea\/2018\/06\/22\/aprender-a-ser-agradecido\/#breadcrumb\"},\"inLanguage\":\"ca\",\"potentialAction\":[{\"@type\":\"ReadAction\",\"target\":[\"https:\/\/www.cpl.es\/galilea\/2018\/06\/22\/aprender-a-ser-agradecido\/\"]}]},{\"@type\":\"ImageObject\",\"inLanguage\":\"ca\",\"@id\":\"https:\/\/www.cpl.es\/galilea\/2018\/06\/22\/aprender-a-ser-agradecido\/#primaryimage\",\"url\":\"http:\/\/ivory-newt-719188.hostingersite.com\/wp-content\/uploads\/2018\/06\/Donar-gracias-e1529663744836.jpg\",\"contentUrl\":\"http:\/\/ivory-newt-719188.hostingersite.com\/wp-content\/uploads\/2018\/06\/Donar-gracias-e1529663744836.jpg\"},{\"@type\":\"BreadcrumbList\",\"@id\":\"https:\/\/www.cpl.es\/galilea\/2018\/06\/22\/aprender-a-ser-agradecido\/#breadcrumb\",\"itemListElement\":[{\"@type\":\"ListItem\",\"position\":1,\"name\":\"Home\",\"item\":\"https:\/\/www.cpl.es\/galilea\/\"},{\"@type\":\"ListItem\",\"position\":2,\"name\":\"Aprender a ser agradecido\"}]},{\"@type\":\"WebSite\",\"@id\":\"https:\/\/www.cpl.es\/galilea\/#website\",\"url\":\"https:\/\/www.cpl.es\/galilea\/\",\"name\":\"Galilea.153\",\"description\":\"Liturgia, pastoral, vida cristiana\",\"publisher\":{\"@id\":\"https:\/\/www.cpl.es\/galilea\/#organization\"},\"potentialAction\":[{\"@type\":\"SearchAction\",\"target\":{\"@type\":\"EntryPoint\",\"urlTemplate\":\"https:\/\/www.cpl.es\/galilea\/?s={search_term_string}\"},\"query-input\":{\"@type\":\"PropertyValueSpecification\",\"valueRequired\":true,\"valueName\":\"search_term_string\"}}],\"inLanguage\":\"ca\"},{\"@type\":\"Organization\",\"@id\":\"https:\/\/www.cpl.es\/galilea\/#organization\",\"name\":\"Centre de Pastoral Lit\u00fargica\",\"url\":\"https:\/\/www.cpl.es\/galilea\/\",\"logo\":{\"@type\":\"ImageObject\",\"inLanguage\":\"ca\",\"@id\":\"https:\/\/www.cpl.es\/galilea\/#\/schema\/logo\/image\/\",\"url\":\"https:\/\/i0.wp.com\/ivory-newt-719188.hostingersite.com\/wp-content\/uploads\/2022\/10\/perfil-xarxes-400x400-1.jpg?fit=400%2C400&ssl=1\",\"contentUrl\":\"https:\/\/i0.wp.com\/ivory-newt-719188.hostingersite.com\/wp-content\/uploads\/2022\/10\/perfil-xarxes-400x400-1.jpg?fit=400%2C400&ssl=1\",\"width\":400,\"height\":400,\"caption\":\"Centre de Pastoral Lit\u00fargica\"},\"image\":{\"@id\":\"https:\/\/www.cpl.es\/galilea\/#\/schema\/logo\/image\/\"},\"sameAs\":[\"https:\/\/www.facebook.com\/CPLeditorial\",\"https:\/\/x.com\/CPLeditorial\",\"https:\/\/www.instagram.com\/cpleditorial\/\",\"https:\/\/www.youtube.com\/c\/CentredePastoralLitrgicaCPL\"]},{\"@type\":\"Person\",\"@id\":\"https:\/\/www.cpl.es\/galilea\/#\/schema\/person\/2acf6b542dd68cf66dab8da157b62bcf\",\"name\":\"Redacci\u00f3n\",\"image\":{\"@type\":\"ImageObject\",\"inLanguage\":\"ca\",\"@id\":\"https:\/\/www.cpl.es\/galilea\/#\/schema\/person\/image\/\",\"url\":\"https:\/\/secure.gravatar.com\/avatar\/a7d8eb81e61989a1685882d33a1b4116?s=96&d=mm&r=g\",\"contentUrl\":\"https:\/\/secure.gravatar.com\/avatar\/a7d8eb81e61989a1685882d33a1b4116?s=96&d=mm&r=g\",\"caption\":\"Redacci\u00f3n\"},\"url\":\"https:\/\/www.cpl.es\/galilea\/ca\/author\/pastoral_wp\/\"}]}<\/script>\n<!-- \/ Yoast SEO plugin. -->","yoast_head_json":{"title":"Aprender a ser agradecido - Galilea.153","robots":{"index":"index","follow":"follow","max-snippet":"max-snippet:-1","max-image-preview":"max-image-preview:large","max-video-preview":"max-video-preview:-1"},"canonical":"https:\/\/www.cpl.es\/galilea\/ca\/2018\/06\/22\/aprender-a-ser-agradecido\/","og_locale":"ca_ES","og_type":"article","og_title":"Aprender a ser agradecido - Galilea.153","og_description":"(Anna-Bel Carbonell, Sant Cugat del Vall\u00e8s)\u00a0Los que somos madres y padres sabemos lo importante que es establecer rutinas desde muy peque\u00f1os con nuestros hijos e hijas. Es algo parecido a establecer peque\u00f1as liturgias, que si se transmiten amorosa y pacientemente, no producir\u00e1n alergias y, en cambio, contribuir\u00e1n positivamente a forjar su car\u00e1cter, los guiar\u00e1n hacia &hellip; Continua llegint \u00abAprender a ser agradecido\u00bb","og_url":"https:\/\/www.cpl.es\/galilea\/ca\/2018\/06\/22\/aprender-a-ser-agradecido\/","og_site_name":"Galilea.153","article_publisher":"https:\/\/www.facebook.com\/CPLeditorial","article_published_time":"2018-06-22T10:36:35+00:00","article_modified_time":"2018-06-26T11:43:32+00:00","og_image":[{"url":"http:\/\/ivory-newt-719188.hostingersite.com\/wp-content\/uploads\/2018\/06\/Donar-gracias-e1529663744836.jpg"}],"author":"Redacci\u00f3n","twitter_card":"summary_large_image","twitter_creator":"@CPLeditorial","twitter_site":"@CPLeditorial","twitter_misc":{"Escrit per":"Redacci\u00f3n","Temps estimat de lectura":"3 minuts"},"schema":{"@context":"https:\/\/schema.org","@graph":[{"@type":"Article","@id":"https:\/\/www.cpl.es\/galilea\/2018\/06\/22\/aprender-a-ser-agradecido\/#article","isPartOf":{"@id":"https:\/\/www.cpl.es\/galilea\/2018\/06\/22\/aprender-a-ser-agradecido\/"},"author":{"name":"Redacci\u00f3n","@id":"https:\/\/www.cpl.es\/galilea\/#\/schema\/person\/2acf6b542dd68cf66dab8da157b62bcf"},"headline":"Aprender a ser agradecido","datePublished":"2018-06-22T10:36:35+00:00","dateModified":"2018-06-26T11:43:32+00:00","mainEntityOfPage":{"@id":"https:\/\/www.cpl.es\/galilea\/2018\/06\/22\/aprender-a-ser-agradecido\/"},"wordCount":554,"commentCount":0,"publisher":{"@id":"https:\/\/www.cpl.es\/galilea\/#organization"},"image":{"@id":"https:\/\/www.cpl.es\/galilea\/2018\/06\/22\/aprender-a-ser-agradecido\/#primaryimage"},"thumbnailUrl":"http:\/\/ivory-newt-719188.hostingersite.com\/wp-content\/uploads\/2018\/06\/Donar-gracias-e1529663744836.jpg","articleSection":["General"],"inLanguage":"ca","potentialAction":[{"@type":"CommentAction","name":"Comment","target":["https:\/\/www.cpl.es\/galilea\/2018\/06\/22\/aprender-a-ser-agradecido\/#respond"]}]},{"@type":"WebPage","@id":"https:\/\/www.cpl.es\/galilea\/2018\/06\/22\/aprender-a-ser-agradecido\/","url":"https:\/\/www.cpl.es\/galilea\/2018\/06\/22\/aprender-a-ser-agradecido\/","name":"Aprender a ser agradecido - Galilea.153","isPartOf":{"@id":"https:\/\/www.cpl.es\/galilea\/#website"},"primaryImageOfPage":{"@id":"https:\/\/www.cpl.es\/galilea\/2018\/06\/22\/aprender-a-ser-agradecido\/#primaryimage"},"image":{"@id":"https:\/\/www.cpl.es\/galilea\/2018\/06\/22\/aprender-a-ser-agradecido\/#primaryimage"},"thumbnailUrl":"http:\/\/ivory-newt-719188.hostingersite.com\/wp-content\/uploads\/2018\/06\/Donar-gracias-e1529663744836.jpg","datePublished":"2018-06-22T10:36:35+00:00","dateModified":"2018-06-26T11:43:32+00:00","breadcrumb":{"@id":"https:\/\/www.cpl.es\/galilea\/2018\/06\/22\/aprender-a-ser-agradecido\/#breadcrumb"},"inLanguage":"ca","potentialAction":[{"@type":"ReadAction","target":["https:\/\/www.cpl.es\/galilea\/2018\/06\/22\/aprender-a-ser-agradecido\/"]}]},{"@type":"ImageObject","inLanguage":"ca","@id":"https:\/\/www.cpl.es\/galilea\/2018\/06\/22\/aprender-a-ser-agradecido\/#primaryimage","url":"http:\/\/ivory-newt-719188.hostingersite.com\/wp-content\/uploads\/2018\/06\/Donar-gracias-e1529663744836.jpg","contentUrl":"http:\/\/ivory-newt-719188.hostingersite.com\/wp-content\/uploads\/2018\/06\/Donar-gracias-e1529663744836.jpg"},{"@type":"BreadcrumbList","@id":"https:\/\/www.cpl.es\/galilea\/2018\/06\/22\/aprender-a-ser-agradecido\/#breadcrumb","itemListElement":[{"@type":"ListItem","position":1,"name":"Home","item":"https:\/\/www.cpl.es\/galilea\/"},{"@type":"ListItem","position":2,"name":"Aprender a ser agradecido"}]},{"@type":"WebSite","@id":"https:\/\/www.cpl.es\/galilea\/#website","url":"https:\/\/www.cpl.es\/galilea\/","name":"Galilea.153","description":"Liturgia, pastoral, vida cristiana","publisher":{"@id":"https:\/\/www.cpl.es\/galilea\/#organization"},"potentialAction":[{"@type":"SearchAction","target":{"@type":"EntryPoint","urlTemplate":"https:\/\/www.cpl.es\/galilea\/?s={search_term_string}"},"query-input":{"@type":"PropertyValueSpecification","valueRequired":true,"valueName":"search_term_string"}}],"inLanguage":"ca"},{"@type":"Organization","@id":"https:\/\/www.cpl.es\/galilea\/#organization","name":"Centre de Pastoral Lit\u00fargica","url":"https:\/\/www.cpl.es\/galilea\/","logo":{"@type":"ImageObject","inLanguage":"ca","@id":"https:\/\/www.cpl.es\/galilea\/#\/schema\/logo\/image\/","url":"https:\/\/i0.wp.com\/ivory-newt-719188.hostingersite.com\/wp-content\/uploads\/2022\/10\/perfil-xarxes-400x400-1.jpg?fit=400%2C400&ssl=1","contentUrl":"https:\/\/i0.wp.com\/ivory-newt-719188.hostingersite.com\/wp-content\/uploads\/2022\/10\/perfil-xarxes-400x400-1.jpg?fit=400%2C400&ssl=1","width":400,"height":400,"caption":"Centre de Pastoral Lit\u00fargica"},"image":{"@id":"https:\/\/www.cpl.es\/galilea\/#\/schema\/logo\/image\/"},"sameAs":["https:\/\/www.facebook.com\/CPLeditorial","https:\/\/x.com\/CPLeditorial","https:\/\/www.instagram.com\/cpleditorial\/","https:\/\/www.youtube.com\/c\/CentredePastoralLitrgicaCPL"]},{"@type":"Person","@id":"https:\/\/www.cpl.es\/galilea\/#\/schema\/person\/2acf6b542dd68cf66dab8da157b62bcf","name":"Redacci\u00f3n","image":{"@type":"ImageObject","inLanguage":"ca","@id":"https:\/\/www.cpl.es\/galilea\/#\/schema\/person\/image\/","url":"https:\/\/secure.gravatar.com\/avatar\/a7d8eb81e61989a1685882d33a1b4116?s=96&d=mm&r=g","contentUrl":"https:\/\/secure.gravatar.com\/avatar\/a7d8eb81e61989a1685882d33a1b4116?s=96&d=mm&r=g","caption":"Redacci\u00f3n"},"url":"https:\/\/www.cpl.es\/galilea\/ca\/author\/pastoral_wp\/"}]}},"_links":{"self":[{"href":"https:\/\/www.cpl.es\/galilea\/ca\/wp-json\/wp\/v2\/posts\/357"}],"collection":[{"href":"https:\/\/www.cpl.es\/galilea\/ca\/wp-json\/wp\/v2\/posts"}],"about":[{"href":"https:\/\/www.cpl.es\/galilea\/ca\/wp-json\/wp\/v2\/types\/post"}],"author":[{"embeddable":true,"href":"https:\/\/www.cpl.es\/galilea\/ca\/wp-json\/wp\/v2\/users\/1"}],"replies":[{"embeddable":true,"href":"https:\/\/www.cpl.es\/galilea\/ca\/wp-json\/wp\/v2\/comments?post=357"}],"version-history":[{"count":2,"href":"https:\/\/www.cpl.es\/galilea\/ca\/wp-json\/wp\/v2\/posts\/357\/revisions"}],"predecessor-version":[{"id":369,"href":"https:\/\/www.cpl.es\/galilea\/ca\/wp-json\/wp\/v2\/posts\/357\/revisions\/369"}],"wp:attachment":[{"href":"https:\/\/www.cpl.es\/galilea\/ca\/wp-json\/wp\/v2\/media?parent=357"}],"wp:term":[{"taxonomy":"category","embeddable":true,"href":"https:\/\/www.cpl.es\/galilea\/ca\/wp-json\/wp\/v2\/categories?post=357"},{"taxonomy":"post_tag","embeddable":true,"href":"https:\/\/www.cpl.es\/galilea\/ca\/wp-json\/wp\/v2\/tags?post=357"}],"curies":[{"name":"wp","href":"https:\/\/api.w.org\/{rel}","templated":true}]}}