{"id":320,"date":"2018-06-21T16:54:00","date_gmt":"2018-06-21T14:54:00","guid":{"rendered":"http:\/\/ivory-newt-719188.hostingersite.com\/?p=320"},"modified":"2019-01-08T09:28:25","modified_gmt":"2019-01-08T07:28:25","slug":"jep-alcalde-la-liturgia-me-hace-vivir-el-misterio","status":"publish","type":"post","link":"https:\/\/www.cpl.es\/galilea\/ca\/2018\/06\/21\/jep-alcalde-la-liturgia-me-hace-vivir-el-misterio\/","title":{"rendered":"Jep Alcalde: \u00abLa liturgia me hace vivir el Misterio\u00bb"},"content":{"rendered":"<p><em><span style=\"color: #006eb7;\">La playa del Varador, delante de las casas del Callao, en Matar\u00f3, nos acoge un d\u00eda soleado y ventoso. Jep nos acompa\u00f1a, sobre su scooter, que le permite desplazarse a buen ritmo. Grabamos la entrevista en v\u00eddeo y \u00e9l mismo se presenta:<\/span><\/em><\/p>\n<p>Servidor, me llamo Josep M., pero todos me conocen como Jep. Tengo 53 a\u00f1os. Nac\u00ed en Olot, pero hace muchos a\u00f1os que vivo en Matar\u00f3. Estoy felizmente casado con Montserrat y somos padres de dos hijos, Oriol y Pol. He trabajado de abogado durante casi 30 a\u00f1os y desde finales del 2016 tengo declarada la incapacidad permanente absoluta a causa de la esclerosis m\u00faltiple. En abril har\u00e1 12 a\u00f1os que la tengo diagnosticada, a pesar de que el primer brote surgi\u00f3 a los 17 o 19 a\u00f1os.<!--more--><\/p>\n<p><iframe loading=\"lazy\" title=\"(Catal\u00e0-Castellano) Entrevista Galilea.153: Josep Maria Alcalde 1\/4\" width=\"840\" height=\"473\" src=\"https:\/\/www.youtube.com\/embed\/NVcdte3lTzs?feature=oembed\" frameborder=\"0\" allow=\"accelerometer; autoplay; clipboard-write; encrypted-media; gyroscope; picture-in-picture; web-share\" referrerpolicy=\"strict-origin-when-cross-origin\" allowfullscreen><\/iframe><\/p>\n<p><em><span style=\"color: #006eb7;\">Y lo dice a rengl\u00f3n seguido y a su habitual gran velocidad, aunque viene bien preparado: \u00abDesde que la esclerosis va dando sus pasos tranquilos y amables, ya no puedo fiarme de la memoria. Para no quedarme colgado en medio de una conversaci\u00f3n, me he anotado un par de cosas\u00bb.<\/span><\/em><\/p>\n<p><strong><span style=\"color: #006eb7;\">T\u00fa siempre has hecho una vida muy activa, aparte de tu trabajo como abogado\u2026<\/span><\/strong><br \/>\nHe sido \u2013soy\u2013 scout y ejerzo de voluntario. Que no pueda trabajar no significa que haya perdido las ganas de hacer cosas, a pesar de que la enfermedad me conlleva una vida en cierto sentido mon\u00f3tona. Cada d\u00eda me levanto a la misma hora y me dedico principalmente a dos cosas: amar a Montserrat, mi mujer (\u00a1muy f\u00e1cil!), y cuidarme: voy a la piscina cada d\u00eda, voy al hospital, sigo una dieta antiinflamatoria. Llevo una vida muy razonable, muy tranquila. Intento no estresarme ni estresar a nadie.<\/p>\n<p><strong><span style=\"color: #006eb7;\">\u00bfY tu voluntariado?<\/span><\/strong><br \/>\nVoy a la Universidad Albertiana de Barcelona. Es una entidad de pensamiento human\u00edstico que me permite organizar actividades y disfrutar de ellas con mis compa\u00f1eros. Tambi\u00e9n estoy en Cristianisme segle XXI. Adem\u00e1s de eso estudio teolog\u00eda, como oyente, con los salesianos. Voy, escucho, disfruto, pregunto\u2026 pero no me presento a ex\u00e1menes.<\/p>\n<p><strong><span style=\"color: #006eb7;\">Cu\u00e9ntanos c\u00f3mo fue lo de tu enfermedad.<\/span><\/strong><br \/>\nCuando me diagnosticaron \u2013se van a cumplir pronto 12 a\u00f1os\u2013 descubrimos que el primer brote sucedi\u00f3 cuando era muy joven: perd\u00ed la visi\u00f3n, el tacto, la sensibilidad\u2026 Me recuper\u00e9, pero con el tiempo los s\u00edntomas han vuelto. Yo he seguido el proceso de duelo que sigue la gente cuando la vida, la providencia, las circunstancias, el azar, el Esp\u00edritu Santo\u2026 te regalan algo as\u00ed. Empiezas con la negaci\u00f3n y llega un punto en que te hundes del todo. Cuando levantas cabeza, ya no est\u00e1s donde estabas antes. Yo he seguido un proceso de resiliencia, de fortalecerme, de ser una persona. Ahora me siento m\u00e1s amable, m\u00e1s tierno, m\u00e1s vulnerable, m\u00e1s sencillo, m\u00e1s capaz de admitir las propias limitaciones. Antes era un hombre de no perder el tiempo, de seguir las cosas al pie de la letra, y m\u00e1s siendo abogado. Ahora no: donde llego, llego. Amar y que me amen es lo fundamental.<br \/>\nYo siento que a pesar de que las piernas me puedan fallar, no puedo pedir nada m\u00e1s a la vida. Mis hijos, Montserrat, tambi\u00e9n han acabado aceptando bien la enfermedad. Yo ya hace a\u00f1os que dej\u00e9 de pelearme con ella. No hay nada que hacer, pero intento que esta vivencia sea lo m\u00e1s razonable posible por mi dignidad y la de los que me rodean, hasta el punto de intentar que la enfermedad y yo seamos buenos amigos. Intento no permitir que la enfermedad tenga la \u00faltima palabra de mi vida. Con el apoyo del Esp\u00edritu Santo.<\/p>\n<p><strong><span style=\"color: #006eb7;\">Los cristianos hablamos mucho de acoger, pero dejarse acoger, perder el control de la vida, debe de ser dif\u00edcil. Siempre ponemos la m\u00e1xima autonom\u00eda de las personas como meta. Pero hay quien, como la fil\u00f3sofa Bego\u00f1a Rom\u00e1n, pone el acento en la mutua interdependencia.<\/span><\/strong><br \/>\nCuesta aceptar que necesitas al otro. Dejarse amar conlleva una cura de humildad. Admitir que no llegas y que eres feliz no llegando. Caminamos junto a los dem\u00e1s desde la alegr\u00eda y la estimaci\u00f3n. No impide que llore en algunos momentos. Es un derecho que tenemos: llorar las circunstancias complejas de la vida. Primero pens\u00e9 lo de \u00bfpor qu\u00e9 me ha tocado a m\u00ed? Pero soy feliz con una existencia que me ha sido dada, sin ning\u00fan m\u00e9rito. En la historia de la humanidad soy menos que un suspiro, pero aqu\u00ed puedo disfrutar de la amistad y del amor.<\/p>\n<p><strong><span style=\"color: #006eb7;\">T\u00fa, que toda la vida hab\u00edas tocado la guitarra en misa\u2026<\/span><\/strong><br \/>\nEso s\u00ed que forma parte de las p\u00e9rdidas dif\u00edciles de asumir. He tocado la guitarra desde los 14 a\u00f1os. Estudi\u00e9 guitarra cl\u00e1sica, solfeo y piano. Pero hace un par de a\u00f1os ten\u00eda en mi cabeza la nota que quer\u00eda que sonara, y sab\u00eda c\u00f3mo ten\u00eda que poner las manos para conseguir un determinado arpegio, pero no lo consegu\u00eda. As\u00ed que he dejado de tocarla. Antes participaba de la liturgia m\u00e1s activamente. Ahora lo hago de otra manera.<\/p>\n<p><strong><span style=\"color: #006eb7;\">\u00bfC\u00f3mo vives la liturgia?<\/span><\/strong><br \/>\nDe hecho, lo que es fundamental en mi vida es el Misterio. Antes, para cruzar un r\u00edo inmenso y el mar necesitaba muchas piedras, ahora, con dos o tres tengo suficiente. No me hundo, porque me acompa\u00f1an la familia, los amigos, el Esp\u00edritu, el Misterio. El Esp\u00edritu es esta convicci\u00f3n que me acompa\u00f1a. La liturgia es expresi\u00f3n del Misterio, de la Encarnaci\u00f3n de Dios.<\/p>\n<p><strong><span style=\"color: #006eb7;\">\u00bfY el agradecimiento?<\/span><\/strong><br \/>\nLa experiencia de agradecimiento se ha intensificado con la enfermedad. Vamos por la vida con ciertas dosis de autosuficiencia, que quiz\u00e1 son necesarias para sobrevivir. Pero descubrir que la enfermedad y yo somos uno, y que para avanzar lo importante no es que vaya yo, sino que vayamos juntos, cambia la perspectiva. Tengo la certeza de que cuando t\u00fa me coges de la mano, detr\u00e1s de tu gesto, est\u00e1 el Esp\u00edritu.<br \/>\nSentirme c\u00f3modo con mi fragilidad, sabiendo que si todo va bien, cada d\u00eda estar\u00e9 peor, me hace mirar con m\u00e1s amabilidad mi existencia.<\/p>\n<p><iframe loading=\"lazy\" title=\"(Catal\u00e0-Castellano) Entrevista Galilea.153: Josep Maria Alcalde 4\/4\" width=\"840\" height=\"473\" src=\"https:\/\/www.youtube.com\/embed\/FvzrQk4ETrs?feature=oembed\" frameborder=\"0\" allow=\"accelerometer; autoplay; clipboard-write; encrypted-media; gyroscope; picture-in-picture; web-share\" referrerpolicy=\"strict-origin-when-cross-origin\" allowfullscreen><\/iframe><\/p>","protected":false},"excerpt":{"rendered":"<p>La playa del Varador, delante de las casas del Callao, en Matar\u00f3, nos acoge un d\u00eda soleado y ventoso. Jep nos acompa\u00f1a, sobre su scooter, que le permite desplazarse a buen ritmo. Grabamos la entrevista en v\u00eddeo y \u00e9l mismo se presenta: Servidor, me llamo Josep M., pero todos me conocen como Jep. Tengo 53 &hellip; <a href=\"https:\/\/www.cpl.es\/galilea\/ca\/2018\/06\/21\/jep-alcalde-la-liturgia-me-hace-vivir-el-misterio\/\" class=\"more-link\">Continua llegint <span class=\"screen-reader-text\">\u00abJep Alcalde: \u00abLa liturgia me hace vivir el Misterio\u00bb\u00bb<\/span><\/a><\/p>","protected":false},"author":1,"featured_media":312,"comment_status":"open","ping_status":"open","sticky":false,"template":"","format":"standard","meta":{"footnotes":""},"categories":[19,28],"tags":[62,66,65,40,63,67],"class_list":["post-320","post","type-post","status-publish","format-standard","has-post-thumbnail","hentry","category-dialoguemos","category-portada","tag-agradecimiento","tag-compromiso","tag-enfermedad","tag-jep-alcalde","tag-misterio","tag-voluntariado"],"yoast_head":"<!-- This site is optimized with the Yoast SEO plugin v23.5 - https:\/\/yoast.com\/wordpress\/plugins\/seo\/ -->\n<title>Jep Alcalde: \u00abLa liturgia me hace vivir el Misterio\u00bb - Galilea.153<\/title>\n<meta name=\"robots\" content=\"index, follow, max-snippet:-1, max-image-preview:large, max-video-preview:-1\" \/>\n<link rel=\"canonical\" href=\"https:\/\/www.cpl.es\/galilea\/ca\/2018\/06\/21\/jep-alcalde-la-liturgia-me-hace-vivir-el-misterio\/\" \/>\n<meta property=\"og:locale\" content=\"ca_ES\" \/>\n<meta property=\"og:type\" content=\"article\" \/>\n<meta property=\"og:title\" content=\"Jep Alcalde: \u00abLa liturgia me hace vivir el Misterio\u00bb - Galilea.153\" \/>\n<meta property=\"og:description\" content=\"La playa del Varador, delante de las casas del Callao, en Matar\u00f3, nos acoge un d\u00eda soleado y ventoso. Jep nos acompa\u00f1a, sobre su scooter, que le permite desplazarse a buen ritmo. Grabamos la entrevista en v\u00eddeo y \u00e9l mismo se presenta: Servidor, me llamo Josep M., pero todos me conocen como Jep. Tengo 53 &hellip; Continua llegint \u00abJep Alcalde: \u00abLa liturgia me hace vivir el Misterio\u00bb\u00bb\" \/>\n<meta property=\"og:url\" content=\"https:\/\/www.cpl.es\/galilea\/ca\/2018\/06\/21\/jep-alcalde-la-liturgia-me-hace-vivir-el-misterio\/\" \/>\n<meta property=\"og:site_name\" content=\"Galilea.153\" \/>\n<meta property=\"article:publisher\" content=\"https:\/\/www.facebook.com\/CPLeditorial\" \/>\n<meta property=\"article:published_time\" content=\"2018-06-21T14:54:00+00:00\" \/>\n<meta property=\"article:modified_time\" content=\"2019-01-08T07:28:25+00:00\" \/>\n<meta property=\"og:image\" content=\"https:\/\/www.cpl.es\/galilea\/wp-content\/uploads\/2018\/06\/DSC_0250-e1529581588944.jpg\" \/>\n\t<meta property=\"og:image:width\" content=\"640\" \/>\n\t<meta property=\"og:image:height\" content=\"427\" \/>\n\t<meta property=\"og:image:type\" content=\"image\/jpeg\" \/>\n<meta name=\"author\" content=\"Redacci\u00f3n\" \/>\n<meta name=\"twitter:card\" content=\"summary_large_image\" \/>\n<meta name=\"twitter:creator\" content=\"@CPLeditorial\" \/>\n<meta name=\"twitter:site\" content=\"@CPLeditorial\" \/>\n<meta name=\"twitter:label1\" content=\"Escrit per\" \/>\n\t<meta name=\"twitter:data1\" content=\"Redacci\u00f3n\" \/>\n\t<meta name=\"twitter:label2\" content=\"Temps estimat de lectura\" \/>\n\t<meta name=\"twitter:data2\" content=\"5 minuts\" \/>\n<script type=\"application\/ld+json\" class=\"yoast-schema-graph\">{\"@context\":\"https:\/\/schema.org\",\"@graph\":[{\"@type\":\"Article\",\"@id\":\"https:\/\/www.cpl.es\/galilea\/2018\/06\/21\/jep-alcalde-la-liturgia-me-hace-vivir-el-misterio\/#article\",\"isPartOf\":{\"@id\":\"https:\/\/www.cpl.es\/galilea\/2018\/06\/21\/jep-alcalde-la-liturgia-me-hace-vivir-el-misterio\/\"},\"author\":{\"name\":\"Redacci\u00f3n\",\"@id\":\"https:\/\/www.cpl.es\/galilea\/#\/schema\/person\/2acf6b542dd68cf66dab8da157b62bcf\"},\"headline\":\"Jep Alcalde: \u00abLa liturgia me hace vivir el Misterio\u00bb\",\"datePublished\":\"2018-06-21T14:54:00+00:00\",\"dateModified\":\"2019-01-08T07:28:25+00:00\",\"mainEntityOfPage\":{\"@id\":\"https:\/\/www.cpl.es\/galilea\/2018\/06\/21\/jep-alcalde-la-liturgia-me-hace-vivir-el-misterio\/\"},\"wordCount\":1076,\"commentCount\":0,\"publisher\":{\"@id\":\"https:\/\/www.cpl.es\/galilea\/#organization\"},\"image\":{\"@id\":\"https:\/\/www.cpl.es\/galilea\/2018\/06\/21\/jep-alcalde-la-liturgia-me-hace-vivir-el-misterio\/#primaryimage\"},\"thumbnailUrl\":\"https:\/\/www.cpl.es\/galilea\/wp-content\/uploads\/2018\/06\/DSC_0250-e1529581588944.jpg\",\"keywords\":[\"agradecimiento\",\"compromiso\",\"enfermedad\",\"Jep Alcalde\",\"Misterio\",\"voluntariado\"],\"articleSection\":[\"Dialoguemos\",\"Portada\"],\"inLanguage\":\"ca\",\"potentialAction\":[{\"@type\":\"CommentAction\",\"name\":\"Comment\",\"target\":[\"https:\/\/www.cpl.es\/galilea\/2018\/06\/21\/jep-alcalde-la-liturgia-me-hace-vivir-el-misterio\/#respond\"]}]},{\"@type\":\"WebPage\",\"@id\":\"https:\/\/www.cpl.es\/galilea\/2018\/06\/21\/jep-alcalde-la-liturgia-me-hace-vivir-el-misterio\/\",\"url\":\"https:\/\/www.cpl.es\/galilea\/2018\/06\/21\/jep-alcalde-la-liturgia-me-hace-vivir-el-misterio\/\",\"name\":\"Jep Alcalde: \u00abLa liturgia me hace vivir el Misterio\u00bb - Galilea.153\",\"isPartOf\":{\"@id\":\"https:\/\/www.cpl.es\/galilea\/#website\"},\"primaryImageOfPage\":{\"@id\":\"https:\/\/www.cpl.es\/galilea\/2018\/06\/21\/jep-alcalde-la-liturgia-me-hace-vivir-el-misterio\/#primaryimage\"},\"image\":{\"@id\":\"https:\/\/www.cpl.es\/galilea\/2018\/06\/21\/jep-alcalde-la-liturgia-me-hace-vivir-el-misterio\/#primaryimage\"},\"thumbnailUrl\":\"https:\/\/www.cpl.es\/galilea\/wp-content\/uploads\/2018\/06\/DSC_0250-e1529581588944.jpg\",\"datePublished\":\"2018-06-21T14:54:00+00:00\",\"dateModified\":\"2019-01-08T07:28:25+00:00\",\"breadcrumb\":{\"@id\":\"https:\/\/www.cpl.es\/galilea\/2018\/06\/21\/jep-alcalde-la-liturgia-me-hace-vivir-el-misterio\/#breadcrumb\"},\"inLanguage\":\"ca\",\"potentialAction\":[{\"@type\":\"ReadAction\",\"target\":[\"https:\/\/www.cpl.es\/galilea\/2018\/06\/21\/jep-alcalde-la-liturgia-me-hace-vivir-el-misterio\/\"]}]},{\"@type\":\"ImageObject\",\"inLanguage\":\"ca\",\"@id\":\"https:\/\/www.cpl.es\/galilea\/2018\/06\/21\/jep-alcalde-la-liturgia-me-hace-vivir-el-misterio\/#primaryimage\",\"url\":\"https:\/\/www.cpl.es\/galilea\/wp-content\/uploads\/2018\/06\/DSC_0250-e1529581588944.jpg\",\"contentUrl\":\"https:\/\/www.cpl.es\/galilea\/wp-content\/uploads\/2018\/06\/DSC_0250-e1529581588944.jpg\",\"width\":640,\"height\":427,\"caption\":\"Jep Alcalde\"},{\"@type\":\"BreadcrumbList\",\"@id\":\"https:\/\/www.cpl.es\/galilea\/2018\/06\/21\/jep-alcalde-la-liturgia-me-hace-vivir-el-misterio\/#breadcrumb\",\"itemListElement\":[{\"@type\":\"ListItem\",\"position\":1,\"name\":\"Home\",\"item\":\"https:\/\/www.cpl.es\/galilea\/\"},{\"@type\":\"ListItem\",\"position\":2,\"name\":\"Jep Alcalde: \u00abLa liturgia me hace vivir el Misterio\u00bb\"}]},{\"@type\":\"WebSite\",\"@id\":\"https:\/\/www.cpl.es\/galilea\/#website\",\"url\":\"https:\/\/www.cpl.es\/galilea\/\",\"name\":\"Galilea.153\",\"description\":\"Liturgia, pastoral, vida cristiana\",\"publisher\":{\"@id\":\"https:\/\/www.cpl.es\/galilea\/#organization\"},\"potentialAction\":[{\"@type\":\"SearchAction\",\"target\":{\"@type\":\"EntryPoint\",\"urlTemplate\":\"https:\/\/www.cpl.es\/galilea\/?s={search_term_string}\"},\"query-input\":{\"@type\":\"PropertyValueSpecification\",\"valueRequired\":true,\"valueName\":\"search_term_string\"}}],\"inLanguage\":\"ca\"},{\"@type\":\"Organization\",\"@id\":\"https:\/\/www.cpl.es\/galilea\/#organization\",\"name\":\"Centre de Pastoral Lit\u00fargica\",\"url\":\"https:\/\/www.cpl.es\/galilea\/\",\"logo\":{\"@type\":\"ImageObject\",\"inLanguage\":\"ca\",\"@id\":\"https:\/\/www.cpl.es\/galilea\/#\/schema\/logo\/image\/\",\"url\":\"https:\/\/i0.wp.com\/ivory-newt-719188.hostingersite.com\/wp-content\/uploads\/2022\/10\/perfil-xarxes-400x400-1.jpg?fit=400%2C400&ssl=1\",\"contentUrl\":\"https:\/\/i0.wp.com\/ivory-newt-719188.hostingersite.com\/wp-content\/uploads\/2022\/10\/perfil-xarxes-400x400-1.jpg?fit=400%2C400&ssl=1\",\"width\":400,\"height\":400,\"caption\":\"Centre de Pastoral Lit\u00fargica\"},\"image\":{\"@id\":\"https:\/\/www.cpl.es\/galilea\/#\/schema\/logo\/image\/\"},\"sameAs\":[\"https:\/\/www.facebook.com\/CPLeditorial\",\"https:\/\/x.com\/CPLeditorial\",\"https:\/\/www.instagram.com\/cpleditorial\/\",\"https:\/\/www.youtube.com\/c\/CentredePastoralLitrgicaCPL\"]},{\"@type\":\"Person\",\"@id\":\"https:\/\/www.cpl.es\/galilea\/#\/schema\/person\/2acf6b542dd68cf66dab8da157b62bcf\",\"name\":\"Redacci\u00f3n\",\"image\":{\"@type\":\"ImageObject\",\"inLanguage\":\"ca\",\"@id\":\"https:\/\/www.cpl.es\/galilea\/#\/schema\/person\/image\/\",\"url\":\"https:\/\/secure.gravatar.com\/avatar\/a7d8eb81e61989a1685882d33a1b4116?s=96&d=mm&r=g\",\"contentUrl\":\"https:\/\/secure.gravatar.com\/avatar\/a7d8eb81e61989a1685882d33a1b4116?s=96&d=mm&r=g\",\"caption\":\"Redacci\u00f3n\"},\"url\":\"https:\/\/www.cpl.es\/galilea\/ca\/author\/pastoral_wp\/\"}]}<\/script>\n<!-- \/ Yoast SEO plugin. -->","yoast_head_json":{"title":"Jep Alcalde: \u00abLa liturgia me hace vivir el Misterio\u00bb - Galilea.153","robots":{"index":"index","follow":"follow","max-snippet":"max-snippet:-1","max-image-preview":"max-image-preview:large","max-video-preview":"max-video-preview:-1"},"canonical":"https:\/\/www.cpl.es\/galilea\/ca\/2018\/06\/21\/jep-alcalde-la-liturgia-me-hace-vivir-el-misterio\/","og_locale":"ca_ES","og_type":"article","og_title":"Jep Alcalde: \u00abLa liturgia me hace vivir el Misterio\u00bb - Galilea.153","og_description":"La playa del Varador, delante de las casas del Callao, en Matar\u00f3, nos acoge un d\u00eda soleado y ventoso. Jep nos acompa\u00f1a, sobre su scooter, que le permite desplazarse a buen ritmo. Grabamos la entrevista en v\u00eddeo y \u00e9l mismo se presenta: Servidor, me llamo Josep M., pero todos me conocen como Jep. Tengo 53 &hellip; Continua llegint \u00abJep Alcalde: \u00abLa liturgia me hace vivir el Misterio\u00bb\u00bb","og_url":"https:\/\/www.cpl.es\/galilea\/ca\/2018\/06\/21\/jep-alcalde-la-liturgia-me-hace-vivir-el-misterio\/","og_site_name":"Galilea.153","article_publisher":"https:\/\/www.facebook.com\/CPLeditorial","article_published_time":"2018-06-21T14:54:00+00:00","article_modified_time":"2019-01-08T07:28:25+00:00","og_image":[{"width":640,"height":427,"url":"https:\/\/www.cpl.es\/galilea\/wp-content\/uploads\/2018\/06\/DSC_0250-e1529581588944.jpg","type":"image\/jpeg"}],"author":"Redacci\u00f3n","twitter_card":"summary_large_image","twitter_creator":"@CPLeditorial","twitter_site":"@CPLeditorial","twitter_misc":{"Escrit per":"Redacci\u00f3n","Temps estimat de lectura":"5 minuts"},"schema":{"@context":"https:\/\/schema.org","@graph":[{"@type":"Article","@id":"https:\/\/www.cpl.es\/galilea\/2018\/06\/21\/jep-alcalde-la-liturgia-me-hace-vivir-el-misterio\/#article","isPartOf":{"@id":"https:\/\/www.cpl.es\/galilea\/2018\/06\/21\/jep-alcalde-la-liturgia-me-hace-vivir-el-misterio\/"},"author":{"name":"Redacci\u00f3n","@id":"https:\/\/www.cpl.es\/galilea\/#\/schema\/person\/2acf6b542dd68cf66dab8da157b62bcf"},"headline":"Jep Alcalde: \u00abLa liturgia me hace vivir el Misterio\u00bb","datePublished":"2018-06-21T14:54:00+00:00","dateModified":"2019-01-08T07:28:25+00:00","mainEntityOfPage":{"@id":"https:\/\/www.cpl.es\/galilea\/2018\/06\/21\/jep-alcalde-la-liturgia-me-hace-vivir-el-misterio\/"},"wordCount":1076,"commentCount":0,"publisher":{"@id":"https:\/\/www.cpl.es\/galilea\/#organization"},"image":{"@id":"https:\/\/www.cpl.es\/galilea\/2018\/06\/21\/jep-alcalde-la-liturgia-me-hace-vivir-el-misterio\/#primaryimage"},"thumbnailUrl":"https:\/\/www.cpl.es\/galilea\/wp-content\/uploads\/2018\/06\/DSC_0250-e1529581588944.jpg","keywords":["agradecimiento","compromiso","enfermedad","Jep Alcalde","Misterio","voluntariado"],"articleSection":["Dialoguemos","Portada"],"inLanguage":"ca","potentialAction":[{"@type":"CommentAction","name":"Comment","target":["https:\/\/www.cpl.es\/galilea\/2018\/06\/21\/jep-alcalde-la-liturgia-me-hace-vivir-el-misterio\/#respond"]}]},{"@type":"WebPage","@id":"https:\/\/www.cpl.es\/galilea\/2018\/06\/21\/jep-alcalde-la-liturgia-me-hace-vivir-el-misterio\/","url":"https:\/\/www.cpl.es\/galilea\/2018\/06\/21\/jep-alcalde-la-liturgia-me-hace-vivir-el-misterio\/","name":"Jep Alcalde: \u00abLa liturgia me hace vivir el Misterio\u00bb - Galilea.153","isPartOf":{"@id":"https:\/\/www.cpl.es\/galilea\/#website"},"primaryImageOfPage":{"@id":"https:\/\/www.cpl.es\/galilea\/2018\/06\/21\/jep-alcalde-la-liturgia-me-hace-vivir-el-misterio\/#primaryimage"},"image":{"@id":"https:\/\/www.cpl.es\/galilea\/2018\/06\/21\/jep-alcalde-la-liturgia-me-hace-vivir-el-misterio\/#primaryimage"},"thumbnailUrl":"https:\/\/www.cpl.es\/galilea\/wp-content\/uploads\/2018\/06\/DSC_0250-e1529581588944.jpg","datePublished":"2018-06-21T14:54:00+00:00","dateModified":"2019-01-08T07:28:25+00:00","breadcrumb":{"@id":"https:\/\/www.cpl.es\/galilea\/2018\/06\/21\/jep-alcalde-la-liturgia-me-hace-vivir-el-misterio\/#breadcrumb"},"inLanguage":"ca","potentialAction":[{"@type":"ReadAction","target":["https:\/\/www.cpl.es\/galilea\/2018\/06\/21\/jep-alcalde-la-liturgia-me-hace-vivir-el-misterio\/"]}]},{"@type":"ImageObject","inLanguage":"ca","@id":"https:\/\/www.cpl.es\/galilea\/2018\/06\/21\/jep-alcalde-la-liturgia-me-hace-vivir-el-misterio\/#primaryimage","url":"https:\/\/www.cpl.es\/galilea\/wp-content\/uploads\/2018\/06\/DSC_0250-e1529581588944.jpg","contentUrl":"https:\/\/www.cpl.es\/galilea\/wp-content\/uploads\/2018\/06\/DSC_0250-e1529581588944.jpg","width":640,"height":427,"caption":"Jep Alcalde"},{"@type":"BreadcrumbList","@id":"https:\/\/www.cpl.es\/galilea\/2018\/06\/21\/jep-alcalde-la-liturgia-me-hace-vivir-el-misterio\/#breadcrumb","itemListElement":[{"@type":"ListItem","position":1,"name":"Home","item":"https:\/\/www.cpl.es\/galilea\/"},{"@type":"ListItem","position":2,"name":"Jep Alcalde: \u00abLa liturgia me hace vivir el Misterio\u00bb"}]},{"@type":"WebSite","@id":"https:\/\/www.cpl.es\/galilea\/#website","url":"https:\/\/www.cpl.es\/galilea\/","name":"Galilea.153","description":"Liturgia, pastoral, vida cristiana","publisher":{"@id":"https:\/\/www.cpl.es\/galilea\/#organization"},"potentialAction":[{"@type":"SearchAction","target":{"@type":"EntryPoint","urlTemplate":"https:\/\/www.cpl.es\/galilea\/?s={search_term_string}"},"query-input":{"@type":"PropertyValueSpecification","valueRequired":true,"valueName":"search_term_string"}}],"inLanguage":"ca"},{"@type":"Organization","@id":"https:\/\/www.cpl.es\/galilea\/#organization","name":"Centre de Pastoral Lit\u00fargica","url":"https:\/\/www.cpl.es\/galilea\/","logo":{"@type":"ImageObject","inLanguage":"ca","@id":"https:\/\/www.cpl.es\/galilea\/#\/schema\/logo\/image\/","url":"https:\/\/i0.wp.com\/ivory-newt-719188.hostingersite.com\/wp-content\/uploads\/2022\/10\/perfil-xarxes-400x400-1.jpg?fit=400%2C400&ssl=1","contentUrl":"https:\/\/i0.wp.com\/ivory-newt-719188.hostingersite.com\/wp-content\/uploads\/2022\/10\/perfil-xarxes-400x400-1.jpg?fit=400%2C400&ssl=1","width":400,"height":400,"caption":"Centre de Pastoral Lit\u00fargica"},"image":{"@id":"https:\/\/www.cpl.es\/galilea\/#\/schema\/logo\/image\/"},"sameAs":["https:\/\/www.facebook.com\/CPLeditorial","https:\/\/x.com\/CPLeditorial","https:\/\/www.instagram.com\/cpleditorial\/","https:\/\/www.youtube.com\/c\/CentredePastoralLitrgicaCPL"]},{"@type":"Person","@id":"https:\/\/www.cpl.es\/galilea\/#\/schema\/person\/2acf6b542dd68cf66dab8da157b62bcf","name":"Redacci\u00f3n","image":{"@type":"ImageObject","inLanguage":"ca","@id":"https:\/\/www.cpl.es\/galilea\/#\/schema\/person\/image\/","url":"https:\/\/secure.gravatar.com\/avatar\/a7d8eb81e61989a1685882d33a1b4116?s=96&d=mm&r=g","contentUrl":"https:\/\/secure.gravatar.com\/avatar\/a7d8eb81e61989a1685882d33a1b4116?s=96&d=mm&r=g","caption":"Redacci\u00f3n"},"url":"https:\/\/www.cpl.es\/galilea\/ca\/author\/pastoral_wp\/"}]}},"_links":{"self":[{"href":"https:\/\/www.cpl.es\/galilea\/ca\/wp-json\/wp\/v2\/posts\/320"}],"collection":[{"href":"https:\/\/www.cpl.es\/galilea\/ca\/wp-json\/wp\/v2\/posts"}],"about":[{"href":"https:\/\/www.cpl.es\/galilea\/ca\/wp-json\/wp\/v2\/types\/post"}],"author":[{"embeddable":true,"href":"https:\/\/www.cpl.es\/galilea\/ca\/wp-json\/wp\/v2\/users\/1"}],"replies":[{"embeddable":true,"href":"https:\/\/www.cpl.es\/galilea\/ca\/wp-json\/wp\/v2\/comments?post=320"}],"version-history":[{"count":3,"href":"https:\/\/www.cpl.es\/galilea\/ca\/wp-json\/wp\/v2\/posts\/320\/revisions"}],"predecessor-version":[{"id":675,"href":"https:\/\/www.cpl.es\/galilea\/ca\/wp-json\/wp\/v2\/posts\/320\/revisions\/675"}],"wp:featuredmedia":[{"embeddable":true,"href":"https:\/\/www.cpl.es\/galilea\/ca\/wp-json\/wp\/v2\/media\/312"}],"wp:attachment":[{"href":"https:\/\/www.cpl.es\/galilea\/ca\/wp-json\/wp\/v2\/media?parent=320"}],"wp:term":[{"taxonomy":"category","embeddable":true,"href":"https:\/\/www.cpl.es\/galilea\/ca\/wp-json\/wp\/v2\/categories?post=320"},{"taxonomy":"post_tag","embeddable":true,"href":"https:\/\/www.cpl.es\/galilea\/ca\/wp-json\/wp\/v2\/tags?post=320"}],"curies":[{"name":"wp","href":"https:\/\/api.w.org\/{rel}","templated":true}]}}