{"id":317,"date":"2018-06-21T14:07:17","date_gmt":"2018-06-21T12:07:17","guid":{"rendered":"http:\/\/ivory-newt-719188.hostingersite.com\/?p=317"},"modified":"2018-06-22T13:28:59","modified_gmt":"2018-06-22T11:28:59","slug":"gracias-padre","status":"publish","type":"post","link":"https:\/\/www.cpl.es\/galilea\/ca\/2018\/06\/21\/gracias-padre\/","title":{"rendered":"\u00a1Gracias, Padre!"},"content":{"rendered":"<p><em>(M. \u00c0ngels Termes, editorial n\u00fam. 2)<\/em>\u00a0\u00abTe doy gracias, Padre&#8230; porque has escondido estas cosas a los sabios y entendidos, y se las has revelado a los peque\u00f1os\u00bb (Mateo 11,25).<br \/>\nEsta frase de Jes\u00fas, adem\u00e1s de decirnos la raz\u00f3n por la cual da gracias al Padre, tambi\u00e9n nos proporciona una pista de cu\u00e1l es la condici\u00f3n para ser personas agradecidas: ser peque\u00f1os.<!--more--><br \/>\n<span style=\"color: #006eb7;\">Peque\u00f1os<\/span> para agradecer todo lo bueno que nos da la vida. Como agradece la fe recibida Arnau, un joven bautizado la Vigilia Pascual de 2014, o encuentra motivos de agradecimiento Josep en la naturaleza.<br \/>\n<span style=\"color: #006eb7;\">Peque\u00f1os<\/span> para ense\u00f1ar a los hijos a \u00abdar gracias\u00bb, no por amabilidad o buena educaci\u00f3n, sino como un valor profundo, como explica Anna-Bel en la \u00faltima p\u00e1gina.<br \/>\n<span style=\"color: #006eb7;\">Peque\u00f1os<\/span> para que no nos d\u00e9 verg\u00fcenza dar gracias, como le ocurre al personaje de la vi\u00f1eta de la p\u00e1gina opuesta.<br \/>\n<span style=\"color: #006eb7;\">Peque\u00f1os<\/span> para saber agradecer en medio del dolor, como hace Jep, que sabe encontrar motivos de agradecimiento en una enfermedad dolorosa y paralizante, o Paquita cuando la muerte se ha llevado a su marido.<br \/>\nLos cristianos estamos llamados a agradecer constantemente. Nuestro encuentro dominical es una gran acci\u00f3n de gracias por Jesucristo. \u00abLa Eucarist\u00eda nos sit\u00faa siempre ante un Dios que es la fuente de todo don y de toda gracia. Ante este Dios hay que responder con gratitud\u00bb, nos explica Lino en su art\u00edculo.<br \/>\nEstos meses de julio y agosto, t\u00edpicamente vacacionales, nos ofrecen una buena oportunidad para ejercer el agradecimiento, para reservar alg\u00fan espacio de tiempo para repasar nuestra vida, para pintarla, con una mirada de agradecimiento. El cuadro que nos saldr\u00e1 tendr\u00e1 mucha m\u00e1s luz que antes, \u00a1seguro!<br \/>\nNos ayudar\u00e1 el evangelio que escucharemos en la Eucarist\u00eda los domingos de agosto: \u00abYo soy el pan de vida. El que viene a m\u00ed no tendr\u00e1 hambre, y el que cree en m\u00ed no tendr\u00e1 sed jam\u00e1s. Este es el pan que ha bajado del cielo: no como el de vuestros padres, que lo comieron y murieron; el que come este pan vivir\u00e1 para siempre\u00bb (Juan 6,35.58).<br \/>\nS\u00ed, peque\u00f1os, para vivir el agradecimiento en la Eucarist\u00eda del domingo. Peque\u00f1os para vivir el agradecimiento en la cotidianidad.<\/p>\n<p><a href=\"http:\/\/ivory-newt-719188.hostingersite.com\/wp-content\/uploads\/2018\/06\/creditos-galilea-num.-2.jpg\" target=\"_blank\" rel=\"noopener\"><img loading=\"lazy\" decoding=\"async\" class=\"size-full wp-image-365 aligncenter\" src=\"http:\/\/ivory-newt-719188.hostingersite.com\/wp-content\/uploads\/2018\/06\/creditos-galilea-num.-2.jpg\" alt=\"\" width=\"4961\" height=\"2648\" srcset=\"https:\/\/www.cpl.es\/galilea\/wp-content\/uploads\/2018\/06\/creditos-galilea-num.-2.jpg 4961w, https:\/\/www.cpl.es\/galilea\/wp-content\/uploads\/2018\/06\/creditos-galilea-num.-2-300x160.jpg 300w, https:\/\/www.cpl.es\/galilea\/wp-content\/uploads\/2018\/06\/creditos-galilea-num.-2-768x410.jpg 768w, https:\/\/www.cpl.es\/galilea\/wp-content\/uploads\/2018\/06\/creditos-galilea-num.-2-1024x547.jpg 1024w, https:\/\/www.cpl.es\/galilea\/wp-content\/uploads\/2018\/06\/creditos-galilea-num.-2-1200x641.jpg 1200w\" sizes=\"(max-width: 709px) 85vw, (max-width: 909px) 67vw, (max-width: 1362px) 62vw, 840px\" \/><\/a><\/p>","protected":false},"excerpt":{"rendered":"<p>(M. \u00c0ngels Termes, editorial n\u00fam. 2)\u00a0\u00abTe doy gracias, Padre&#8230; porque has escondido estas cosas a los sabios y entendidos, y se las has revelado a los peque\u00f1os\u00bb (Mateo 11,25). Esta frase de Jes\u00fas, adem\u00e1s de decirnos la raz\u00f3n por la cual da gracias al Padre, tambi\u00e9n nos proporciona una pista de cu\u00e1l es la condici\u00f3n &hellip; <a href=\"https:\/\/www.cpl.es\/galilea\/ca\/2018\/06\/21\/gracias-padre\/\" class=\"more-link\">Continua llegint <span class=\"screen-reader-text\">\u00ab\u00a1Gracias, Padre!\u00bb<\/span><\/a><\/p>","protected":false},"author":1,"featured_media":311,"comment_status":"open","ping_status":"open","sticky":false,"template":"","format":"standard","meta":{"footnotes":""},"categories":[14],"tags":[],"class_list":["post-317","post","type-post","status-publish","format-standard","has-post-thumbnail","hentry","category-el-porque-de-las-cosas"],"yoast_head":"<!-- This site is optimized with the Yoast SEO plugin v23.5 - https:\/\/yoast.com\/wordpress\/plugins\/seo\/ -->\n<title>\u00a1Gracias, Padre! - Galilea.153<\/title>\n<meta name=\"robots\" content=\"index, follow, max-snippet:-1, max-image-preview:large, max-video-preview:-1\" \/>\n<link rel=\"canonical\" href=\"https:\/\/www.cpl.es\/galilea\/ca\/2018\/06\/21\/gracias-padre\/\" \/>\n<meta property=\"og:locale\" content=\"ca_ES\" \/>\n<meta property=\"og:type\" content=\"article\" \/>\n<meta property=\"og:title\" content=\"\u00a1Gracias, Padre! - Galilea.153\" \/>\n<meta property=\"og:description\" content=\"(M. \u00c0ngels Termes, editorial n\u00fam. 2)\u00a0\u00abTe doy gracias, Padre&#8230; porque has escondido estas cosas a los sabios y entendidos, y se las has revelado a los peque\u00f1os\u00bb (Mateo 11,25). Esta frase de Jes\u00fas, adem\u00e1s de decirnos la raz\u00f3n por la cual da gracias al Padre, tambi\u00e9n nos proporciona una pista de cu\u00e1l es la condici\u00f3n &hellip; Continua llegint \u00ab\u00a1Gracias, Padre!\u00bb\" \/>\n<meta property=\"og:url\" content=\"https:\/\/www.cpl.es\/galilea\/ca\/2018\/06\/21\/gracias-padre\/\" \/>\n<meta property=\"og:site_name\" content=\"Galilea.153\" \/>\n<meta property=\"article:publisher\" content=\"https:\/\/www.facebook.com\/CPLeditorial\" \/>\n<meta property=\"article:published_time\" content=\"2018-06-21T12:07:17+00:00\" \/>\n<meta property=\"article:modified_time\" content=\"2018-06-22T11:28:59+00:00\" \/>\n<meta property=\"og:image\" content=\"https:\/\/www.cpl.es\/galilea\/wp-content\/uploads\/2018\/06\/sparrow-3235390-e1529581538573.jpg\" \/>\n\t<meta property=\"og:image:width\" content=\"370\" \/>\n\t<meta property=\"og:image:height\" content=\"245\" \/>\n\t<meta property=\"og:image:type\" content=\"image\/jpeg\" \/>\n<meta name=\"author\" content=\"Redacci\u00f3n\" \/>\n<meta name=\"twitter:card\" content=\"summary_large_image\" \/>\n<meta name=\"twitter:creator\" content=\"@CPLeditorial\" \/>\n<meta name=\"twitter:site\" content=\"@CPLeditorial\" \/>\n<meta name=\"twitter:label1\" content=\"Escrit per\" \/>\n\t<meta name=\"twitter:data1\" content=\"Redacci\u00f3n\" \/>\n\t<meta name=\"twitter:label2\" content=\"Temps estimat de lectura\" \/>\n\t<meta name=\"twitter:data2\" content=\"2 minuts\" \/>\n<script type=\"application\/ld+json\" class=\"yoast-schema-graph\">{\"@context\":\"https:\/\/schema.org\",\"@graph\":[{\"@type\":\"Article\",\"@id\":\"https:\/\/www.cpl.es\/galilea\/2018\/06\/21\/gracias-padre\/#article\",\"isPartOf\":{\"@id\":\"https:\/\/www.cpl.es\/galilea\/2018\/06\/21\/gracias-padre\/\"},\"author\":{\"name\":\"Redacci\u00f3n\",\"@id\":\"https:\/\/www.cpl.es\/galilea\/#\/schema\/person\/2acf6b542dd68cf66dab8da157b62bcf\"},\"headline\":\"\u00a1Gracias, Padre!\",\"datePublished\":\"2018-06-21T12:07:17+00:00\",\"dateModified\":\"2018-06-22T11:28:59+00:00\",\"mainEntityOfPage\":{\"@id\":\"https:\/\/www.cpl.es\/galilea\/2018\/06\/21\/gracias-padre\/\"},\"wordCount\":390,\"commentCount\":0,\"publisher\":{\"@id\":\"https:\/\/www.cpl.es\/galilea\/#organization\"},\"image\":{\"@id\":\"https:\/\/www.cpl.es\/galilea\/2018\/06\/21\/gracias-padre\/#primaryimage\"},\"thumbnailUrl\":\"https:\/\/www.cpl.es\/galilea\/wp-content\/uploads\/2018\/06\/sparrow-3235390-e1529581538573.jpg\",\"articleSection\":[\"El porqu\u00e9 de las cosas\"],\"inLanguage\":\"ca\",\"potentialAction\":[{\"@type\":\"CommentAction\",\"name\":\"Comment\",\"target\":[\"https:\/\/www.cpl.es\/galilea\/2018\/06\/21\/gracias-padre\/#respond\"]}]},{\"@type\":\"WebPage\",\"@id\":\"https:\/\/www.cpl.es\/galilea\/2018\/06\/21\/gracias-padre\/\",\"url\":\"https:\/\/www.cpl.es\/galilea\/2018\/06\/21\/gracias-padre\/\",\"name\":\"\u00a1Gracias, Padre! - Galilea.153\",\"isPartOf\":{\"@id\":\"https:\/\/www.cpl.es\/galilea\/#website\"},\"primaryImageOfPage\":{\"@id\":\"https:\/\/www.cpl.es\/galilea\/2018\/06\/21\/gracias-padre\/#primaryimage\"},\"image\":{\"@id\":\"https:\/\/www.cpl.es\/galilea\/2018\/06\/21\/gracias-padre\/#primaryimage\"},\"thumbnailUrl\":\"https:\/\/www.cpl.es\/galilea\/wp-content\/uploads\/2018\/06\/sparrow-3235390-e1529581538573.jpg\",\"datePublished\":\"2018-06-21T12:07:17+00:00\",\"dateModified\":\"2018-06-22T11:28:59+00:00\",\"breadcrumb\":{\"@id\":\"https:\/\/www.cpl.es\/galilea\/2018\/06\/21\/gracias-padre\/#breadcrumb\"},\"inLanguage\":\"ca\",\"potentialAction\":[{\"@type\":\"ReadAction\",\"target\":[\"https:\/\/www.cpl.es\/galilea\/2018\/06\/21\/gracias-padre\/\"]}]},{\"@type\":\"ImageObject\",\"inLanguage\":\"ca\",\"@id\":\"https:\/\/www.cpl.es\/galilea\/2018\/06\/21\/gracias-padre\/#primaryimage\",\"url\":\"https:\/\/www.cpl.es\/galilea\/wp-content\/uploads\/2018\/06\/sparrow-3235390-e1529581538573.jpg\",\"contentUrl\":\"https:\/\/www.cpl.es\/galilea\/wp-content\/uploads\/2018\/06\/sparrow-3235390-e1529581538573.jpg\",\"width\":370,\"height\":245},{\"@type\":\"BreadcrumbList\",\"@id\":\"https:\/\/www.cpl.es\/galilea\/2018\/06\/21\/gracias-padre\/#breadcrumb\",\"itemListElement\":[{\"@type\":\"ListItem\",\"position\":1,\"name\":\"Home\",\"item\":\"https:\/\/www.cpl.es\/galilea\/\"},{\"@type\":\"ListItem\",\"position\":2,\"name\":\"\u00a1Gracias, Padre!\"}]},{\"@type\":\"WebSite\",\"@id\":\"https:\/\/www.cpl.es\/galilea\/#website\",\"url\":\"https:\/\/www.cpl.es\/galilea\/\",\"name\":\"Galilea.153\",\"description\":\"Liturgia, pastoral, vida cristiana\",\"publisher\":{\"@id\":\"https:\/\/www.cpl.es\/galilea\/#organization\"},\"potentialAction\":[{\"@type\":\"SearchAction\",\"target\":{\"@type\":\"EntryPoint\",\"urlTemplate\":\"https:\/\/www.cpl.es\/galilea\/?s={search_term_string}\"},\"query-input\":{\"@type\":\"PropertyValueSpecification\",\"valueRequired\":true,\"valueName\":\"search_term_string\"}}],\"inLanguage\":\"ca\"},{\"@type\":\"Organization\",\"@id\":\"https:\/\/www.cpl.es\/galilea\/#organization\",\"name\":\"Centre de Pastoral Lit\u00fargica\",\"url\":\"https:\/\/www.cpl.es\/galilea\/\",\"logo\":{\"@type\":\"ImageObject\",\"inLanguage\":\"ca\",\"@id\":\"https:\/\/www.cpl.es\/galilea\/#\/schema\/logo\/image\/\",\"url\":\"https:\/\/i0.wp.com\/ivory-newt-719188.hostingersite.com\/wp-content\/uploads\/2022\/10\/perfil-xarxes-400x400-1.jpg?fit=400%2C400&ssl=1\",\"contentUrl\":\"https:\/\/i0.wp.com\/ivory-newt-719188.hostingersite.com\/wp-content\/uploads\/2022\/10\/perfil-xarxes-400x400-1.jpg?fit=400%2C400&ssl=1\",\"width\":400,\"height\":400,\"caption\":\"Centre de Pastoral Lit\u00fargica\"},\"image\":{\"@id\":\"https:\/\/www.cpl.es\/galilea\/#\/schema\/logo\/image\/\"},\"sameAs\":[\"https:\/\/www.facebook.com\/CPLeditorial\",\"https:\/\/x.com\/CPLeditorial\",\"https:\/\/www.instagram.com\/cpleditorial\/\",\"https:\/\/www.youtube.com\/c\/CentredePastoralLitrgicaCPL\"]},{\"@type\":\"Person\",\"@id\":\"https:\/\/www.cpl.es\/galilea\/#\/schema\/person\/2acf6b542dd68cf66dab8da157b62bcf\",\"name\":\"Redacci\u00f3n\",\"image\":{\"@type\":\"ImageObject\",\"inLanguage\":\"ca\",\"@id\":\"https:\/\/www.cpl.es\/galilea\/#\/schema\/person\/image\/\",\"url\":\"https:\/\/secure.gravatar.com\/avatar\/a7d8eb81e61989a1685882d33a1b4116?s=96&d=mm&r=g\",\"contentUrl\":\"https:\/\/secure.gravatar.com\/avatar\/a7d8eb81e61989a1685882d33a1b4116?s=96&d=mm&r=g\",\"caption\":\"Redacci\u00f3n\"},\"url\":\"https:\/\/www.cpl.es\/galilea\/ca\/author\/pastoral_wp\/\"}]}<\/script>\n<!-- \/ Yoast SEO plugin. -->","yoast_head_json":{"title":"\u00a1Gracias, Padre! - Galilea.153","robots":{"index":"index","follow":"follow","max-snippet":"max-snippet:-1","max-image-preview":"max-image-preview:large","max-video-preview":"max-video-preview:-1"},"canonical":"https:\/\/www.cpl.es\/galilea\/ca\/2018\/06\/21\/gracias-padre\/","og_locale":"ca_ES","og_type":"article","og_title":"\u00a1Gracias, Padre! - Galilea.153","og_description":"(M. \u00c0ngels Termes, editorial n\u00fam. 2)\u00a0\u00abTe doy gracias, Padre&#8230; porque has escondido estas cosas a los sabios y entendidos, y se las has revelado a los peque\u00f1os\u00bb (Mateo 11,25). Esta frase de Jes\u00fas, adem\u00e1s de decirnos la raz\u00f3n por la cual da gracias al Padre, tambi\u00e9n nos proporciona una pista de cu\u00e1l es la condici\u00f3n &hellip; Continua llegint \u00ab\u00a1Gracias, Padre!\u00bb","og_url":"https:\/\/www.cpl.es\/galilea\/ca\/2018\/06\/21\/gracias-padre\/","og_site_name":"Galilea.153","article_publisher":"https:\/\/www.facebook.com\/CPLeditorial","article_published_time":"2018-06-21T12:07:17+00:00","article_modified_time":"2018-06-22T11:28:59+00:00","og_image":[{"width":370,"height":245,"url":"https:\/\/www.cpl.es\/galilea\/wp-content\/uploads\/2018\/06\/sparrow-3235390-e1529581538573.jpg","type":"image\/jpeg"}],"author":"Redacci\u00f3n","twitter_card":"summary_large_image","twitter_creator":"@CPLeditorial","twitter_site":"@CPLeditorial","twitter_misc":{"Escrit per":"Redacci\u00f3n","Temps estimat de lectura":"2 minuts"},"schema":{"@context":"https:\/\/schema.org","@graph":[{"@type":"Article","@id":"https:\/\/www.cpl.es\/galilea\/2018\/06\/21\/gracias-padre\/#article","isPartOf":{"@id":"https:\/\/www.cpl.es\/galilea\/2018\/06\/21\/gracias-padre\/"},"author":{"name":"Redacci\u00f3n","@id":"https:\/\/www.cpl.es\/galilea\/#\/schema\/person\/2acf6b542dd68cf66dab8da157b62bcf"},"headline":"\u00a1Gracias, Padre!","datePublished":"2018-06-21T12:07:17+00:00","dateModified":"2018-06-22T11:28:59+00:00","mainEntityOfPage":{"@id":"https:\/\/www.cpl.es\/galilea\/2018\/06\/21\/gracias-padre\/"},"wordCount":390,"commentCount":0,"publisher":{"@id":"https:\/\/www.cpl.es\/galilea\/#organization"},"image":{"@id":"https:\/\/www.cpl.es\/galilea\/2018\/06\/21\/gracias-padre\/#primaryimage"},"thumbnailUrl":"https:\/\/www.cpl.es\/galilea\/wp-content\/uploads\/2018\/06\/sparrow-3235390-e1529581538573.jpg","articleSection":["El porqu\u00e9 de las cosas"],"inLanguage":"ca","potentialAction":[{"@type":"CommentAction","name":"Comment","target":["https:\/\/www.cpl.es\/galilea\/2018\/06\/21\/gracias-padre\/#respond"]}]},{"@type":"WebPage","@id":"https:\/\/www.cpl.es\/galilea\/2018\/06\/21\/gracias-padre\/","url":"https:\/\/www.cpl.es\/galilea\/2018\/06\/21\/gracias-padre\/","name":"\u00a1Gracias, Padre! - Galilea.153","isPartOf":{"@id":"https:\/\/www.cpl.es\/galilea\/#website"},"primaryImageOfPage":{"@id":"https:\/\/www.cpl.es\/galilea\/2018\/06\/21\/gracias-padre\/#primaryimage"},"image":{"@id":"https:\/\/www.cpl.es\/galilea\/2018\/06\/21\/gracias-padre\/#primaryimage"},"thumbnailUrl":"https:\/\/www.cpl.es\/galilea\/wp-content\/uploads\/2018\/06\/sparrow-3235390-e1529581538573.jpg","datePublished":"2018-06-21T12:07:17+00:00","dateModified":"2018-06-22T11:28:59+00:00","breadcrumb":{"@id":"https:\/\/www.cpl.es\/galilea\/2018\/06\/21\/gracias-padre\/#breadcrumb"},"inLanguage":"ca","potentialAction":[{"@type":"ReadAction","target":["https:\/\/www.cpl.es\/galilea\/2018\/06\/21\/gracias-padre\/"]}]},{"@type":"ImageObject","inLanguage":"ca","@id":"https:\/\/www.cpl.es\/galilea\/2018\/06\/21\/gracias-padre\/#primaryimage","url":"https:\/\/www.cpl.es\/galilea\/wp-content\/uploads\/2018\/06\/sparrow-3235390-e1529581538573.jpg","contentUrl":"https:\/\/www.cpl.es\/galilea\/wp-content\/uploads\/2018\/06\/sparrow-3235390-e1529581538573.jpg","width":370,"height":245},{"@type":"BreadcrumbList","@id":"https:\/\/www.cpl.es\/galilea\/2018\/06\/21\/gracias-padre\/#breadcrumb","itemListElement":[{"@type":"ListItem","position":1,"name":"Home","item":"https:\/\/www.cpl.es\/galilea\/"},{"@type":"ListItem","position":2,"name":"\u00a1Gracias, Padre!"}]},{"@type":"WebSite","@id":"https:\/\/www.cpl.es\/galilea\/#website","url":"https:\/\/www.cpl.es\/galilea\/","name":"Galilea.153","description":"Liturgia, pastoral, vida cristiana","publisher":{"@id":"https:\/\/www.cpl.es\/galilea\/#organization"},"potentialAction":[{"@type":"SearchAction","target":{"@type":"EntryPoint","urlTemplate":"https:\/\/www.cpl.es\/galilea\/?s={search_term_string}"},"query-input":{"@type":"PropertyValueSpecification","valueRequired":true,"valueName":"search_term_string"}}],"inLanguage":"ca"},{"@type":"Organization","@id":"https:\/\/www.cpl.es\/galilea\/#organization","name":"Centre de Pastoral Lit\u00fargica","url":"https:\/\/www.cpl.es\/galilea\/","logo":{"@type":"ImageObject","inLanguage":"ca","@id":"https:\/\/www.cpl.es\/galilea\/#\/schema\/logo\/image\/","url":"https:\/\/i0.wp.com\/ivory-newt-719188.hostingersite.com\/wp-content\/uploads\/2022\/10\/perfil-xarxes-400x400-1.jpg?fit=400%2C400&ssl=1","contentUrl":"https:\/\/i0.wp.com\/ivory-newt-719188.hostingersite.com\/wp-content\/uploads\/2022\/10\/perfil-xarxes-400x400-1.jpg?fit=400%2C400&ssl=1","width":400,"height":400,"caption":"Centre de Pastoral Lit\u00fargica"},"image":{"@id":"https:\/\/www.cpl.es\/galilea\/#\/schema\/logo\/image\/"},"sameAs":["https:\/\/www.facebook.com\/CPLeditorial","https:\/\/x.com\/CPLeditorial","https:\/\/www.instagram.com\/cpleditorial\/","https:\/\/www.youtube.com\/c\/CentredePastoralLitrgicaCPL"]},{"@type":"Person","@id":"https:\/\/www.cpl.es\/galilea\/#\/schema\/person\/2acf6b542dd68cf66dab8da157b62bcf","name":"Redacci\u00f3n","image":{"@type":"ImageObject","inLanguage":"ca","@id":"https:\/\/www.cpl.es\/galilea\/#\/schema\/person\/image\/","url":"https:\/\/secure.gravatar.com\/avatar\/a7d8eb81e61989a1685882d33a1b4116?s=96&d=mm&r=g","contentUrl":"https:\/\/secure.gravatar.com\/avatar\/a7d8eb81e61989a1685882d33a1b4116?s=96&d=mm&r=g","caption":"Redacci\u00f3n"},"url":"https:\/\/www.cpl.es\/galilea\/ca\/author\/pastoral_wp\/"}]}},"_links":{"self":[{"href":"https:\/\/www.cpl.es\/galilea\/ca\/wp-json\/wp\/v2\/posts\/317"}],"collection":[{"href":"https:\/\/www.cpl.es\/galilea\/ca\/wp-json\/wp\/v2\/posts"}],"about":[{"href":"https:\/\/www.cpl.es\/galilea\/ca\/wp-json\/wp\/v2\/types\/post"}],"author":[{"embeddable":true,"href":"https:\/\/www.cpl.es\/galilea\/ca\/wp-json\/wp\/v2\/users\/1"}],"replies":[{"embeddable":true,"href":"https:\/\/www.cpl.es\/galilea\/ca\/wp-json\/wp\/v2\/comments?post=317"}],"version-history":[{"count":7,"href":"https:\/\/www.cpl.es\/galilea\/ca\/wp-json\/wp\/v2\/posts\/317\/revisions"}],"predecessor-version":[{"id":367,"href":"https:\/\/www.cpl.es\/galilea\/ca\/wp-json\/wp\/v2\/posts\/317\/revisions\/367"}],"wp:featuredmedia":[{"embeddable":true,"href":"https:\/\/www.cpl.es\/galilea\/ca\/wp-json\/wp\/v2\/media\/311"}],"wp:attachment":[{"href":"https:\/\/www.cpl.es\/galilea\/ca\/wp-json\/wp\/v2\/media?parent=317"}],"wp:term":[{"taxonomy":"category","embeddable":true,"href":"https:\/\/www.cpl.es\/galilea\/ca\/wp-json\/wp\/v2\/categories?post=317"},{"taxonomy":"post_tag","embeddable":true,"href":"https:\/\/www.cpl.es\/galilea\/ca\/wp-json\/wp\/v2\/tags?post=317"}],"curies":[{"name":"wp","href":"https:\/\/api.w.org\/{rel}","templated":true}]}}