{"id":2901,"date":"2022-01-05T11:49:19","date_gmt":"2022-01-05T09:49:19","guid":{"rendered":"https:\/\/ivory-newt-719188.hostingersite.com\/?p=2901"},"modified":"2023-12-29T11:44:58","modified_gmt":"2023-12-29T09:44:58","slug":"aurelio-garcia-macias-la-urgencia-de-la-renovacion-espiritual","status":"publish","type":"post","link":"https:\/\/www.cpl.es\/galilea\/ca\/2022\/01\/05\/aurelio-garcia-macias-la-urgencia-de-la-renovacion-espiritual\/","title":{"rendered":"Aurelio Garc\u00eda Mac\u00edas: La urgencia de la renovaci\u00f3n espiritual"},"content":{"rendered":"<p class=\"has-text-color\" style=\"color:#006eb6\">Entrevista de Carme Munt\u00e9 Margalef<\/p>\n\n\n\n<p class=\"has-text-color\" style=\"color:#006eb6\">Mons. Aurelio Garc\u00eda Mac\u00edas \u00e9s originari de l\u2019arxidi\u00f2cesi de Valladolid. Quan, encara diaca, el seu arquebisbe aleshores, Jos\u00e9 Delicado, va decidir enviar-lo a estudiar lit\u00fargia a Roma, al <a href=\"https:\/\/www.anselmianum.com\/it\/offerta-accademica\/pontificio-istituto-liturgico\">Pontificio Istituto Liturgico Sant'Anselmo<\/a>, es va sentir una mica contrariat; per\u00f2, obedient a all\u00f2 que havia disposat el seu pastor dioces\u00e0, es va submergir en un m\u00f3n que se li va demostrar apassionant i, a poc a poc, camp per al seu servei fecund a l\u2019Esgl\u00e9sia, primer a la di\u00f2cesi d\u2019origen i des de fa uns anys al Vatic\u00e0.<\/p>\n\n\n\n<p class=\"has-text-color\" style=\"color:#006eb6\">\u00c9s bisbe titular de Rotdon i Subsecretari del <a href=\"https:\/\/www.vatican.va\/roman_curia\/congregations\/ccdds\/index_sp.htm\">Dicasteri per al Culte Div\u00ed i la Disciplina dels Sagraments<\/a>, organisme encarregat de custodiar i promoure la reforma lit\u00fargica del ritu rom\u00e0, volguda pel Concili Vatic\u00e0 II<\/p>\n\n\n\n<!--more-->\n\n\n\n<p class=\"has-text-color\" style=\"color:#006eb6\">De jove se\u2019n va anar a Roma a estudiar lit\u00fargia. \u00bfQu\u00e8 el va apassionar tant de la lit\u00fargia, fins a fer-ne la seva dedicaci\u00f3?<\/p>\n\n\n\n<p>Pertanyo a una generaci\u00f3 que no va ser gaire educada en la lit\u00fargia durant els anys del seminari, almenys aquesta \u00e9s la meva experi\u00e8ncia. En l\u2019\u00e0mbit acad\u00e8mic, es donava m\u00e9s import\u00e0ncia a altres mat\u00e8ries teol\u00f2giques. En l\u2019\u00e0mbit espiritual, regnava una incerta creativitat en les celebracions i, per descomptat, la lit\u00fargia no era la font prim\u00e0ria de la vida espiritual. Per\u00f2 en acollir la invitaci\u00f3 del meu arquebisbe a fer els estudis superiors de lit\u00fargia a l\u2019 <em>Anselmianum <\/em>de Roma, aviat vaig descobrir que en la lit\u00fargia conflu\u00efen totes les altres mat\u00e8ries estudiades durant els estudis teol\u00f2gics: la Sagrada Escriptura, la mariologia, l\u2019escatologia, etc.; i la lit\u00fargia apareixia davant meu com una veritable s\u00edntesi de tot el saber teol\u00f2gic; m\u00e9s encara, com la teologia de l\u2019Esgl\u00e9sia expressada en forma de preg\u00e0ria i font prim\u00e0ria de la meva vida espiritual.<\/p>\n\n\n\n<p class=\"has-text-color\" style=\"color:#006eb6\">\u00bfDes de la Congregaci\u00f3 per al Culte Div\u00ed i la Disciplina dels Sagraments se senten custodis de la reforma lit\u00fargica del Concili Vatic\u00e0 II?<\/p>\n\n\n\n<p>Certament, aquest \u00e9s l\u2019objectiu primari d\u2019aquesta Congregaci\u00f3 de la C\u00faria romana: promoure i regular la lit\u00fargia de l\u2019Esgl\u00e9sia, segons la renovaci\u00f3 volguda pel Concili Vatic\u00e0 II. Per aix\u00f2, s\u2019est\u00e0 en constant contacte i di\u00e0leg amb cadascun dels bisbes i de les confer\u00e8ncies episcopals per ajudar en la comprensi\u00f3 de la recta aplicaci\u00f3 dels principis de la reforma lit\u00fargica i il\u00b7luminar possibles dificultats davant les noves situacions. En aquest sentit, \u00e9s molt important la trobada amb els bisbes d\u2019arreu del m\u00f3n durant les visites <em>ad limina Apostolorum<\/em> i la reflexi\u00f3 que va fent el Dicasteri, publicada en les diverses instruccions i documents al llarg de les \u00faltimes d\u00e8cades.<\/p>\n\n\n\n<h3 class=\"wp-block-heading\">La lit\u00fargia \u00e9s la font prim\u00e0ria de la nostra vida espiritual<\/h3>\n\n\n\n<p class=\"has-text-color\" style=\"color:#006eb6\">A 60 anys de la renovaci\u00f3 lit\u00fargica, \u00bfcal consolidar-la i fonamentar-la?<\/p>\n\n\n\n<p>La renovaci\u00f3 o reforma dels llibres lit\u00fargics ja s\u2019ha acabat; ara \u00e9s temps d\u2019aprofundir i viure el que ja ha estat reformat. El gran repte de l\u2019Esgl\u00e9sia actual \u00e9s consolidar la vida espiritual de cadascun dels creients batejats en Crist. De vegades donem per descomptades moltes coses i, en ocasions, no es pot pressuposar ni all\u00f2 b\u00e0sic. \u00c9s urgent una renovaci\u00f3 espiritual en tota l\u2019Esgl\u00e9sia. I per a aquesta comesa \u00e9s b\u00e0sic i primordinal comprendre i viure la lit\u00fargia, perqu\u00e8 \u00e9s la font prim\u00e0ria de la nostra vida espiritual que uneix i unifica tots els cat\u00f2lics. Hi ha diverses \u00abespiritualitats\u00bb, amb min\u00fascula, en l\u2019Esgl\u00e9sia, com propostes lliures que poden ajudar els fidels; per\u00f2 hi ha una \u00abEspiritualitat\u00bb, amb maj\u00fascules, que uneix i unifica tothom, i aquesta \u00e9s la lit\u00fargia.<\/p>\n\n\n\n<p class=\"has-text-color\" style=\"color:#006eb6\">\u00bfCom ajudar els fidels a entrar en l\u2019ess\u00e8ncia de la lit\u00fargia?<\/p>\n\n\n\n<p>Necessitem intensificar la formaci\u00f3 lit\u00fargica de tot el poble de D\u00e9u. Ja ho deia sant Joan Pau II en el 25\u00e8 aniversari de la promulgaci\u00f3 de la Constituci\u00f3 <em>Sacrosanctum Concilium<\/em>, el 1988: \u00abLa comesa m\u00e9s urgent \u00e9s la de la formaci\u00f3 b\u00edblica i lit\u00fargica del poble de D\u00e9u: pastors i fidels\u00bb<em>Vicessimus quintus annus<\/em> 15). Encara m\u00e9s: necessitem una iniciaci\u00f3 lit\u00fargica. Recordo la primera vegada que em vaig posar davant d\u2019un ordinador. Gr\u00e0cies a l\u2019ajuda d\u2019un company vaig anar aprenent la funci\u00f3 de cadascuna de les tecles i superant errors, fins que finalment, passat un temps, ja podia campar i progressar sol pel m\u00f3n digital. \u00bfQui ens inicia en la vida de la lit\u00fargia? Aquest tamb\u00e9 \u00e9s un dels reptes m\u00e9s importants en el proc\u00e9s catequ\u00e8tic actual.<\/p>\n\n\n\n<h3 class=\"wp-block-heading\">Necessitem una iniciaci\u00f3 lit\u00fargica<\/h3>\n\n\n\n<p class=\"has-text-color\" style=\"color:#006eb6\">\u00bfSom prou conscients que en cada missa celebrem el misteri pasqual? \u00bfCom podem ajudar a tenir-ne una viv\u00e8ncia m\u00e9s conscient?<\/p>\n\n\n\n<p>Hem de ser-ne molt m\u00e9s conscients. Si conegu\u00e9ssim el contingut de les oracions del Missal Rom\u00e0 i el ric patrimoni eucol\u00f2gic de la lit\u00fargia romana, advertir\u00edem que la clau de les nostres celebracions \u00e9s l\u2019actualitzaci\u00f3 de l\u2019obra de la Redempci\u00f3 esdevinguda en el misteri pasqual de Jesucrist i prolongada en el temps en la lit\u00fargia. La lit\u00fargia no \u00e9s un entreteniment; \u00e9s una experi\u00e8ncia espiritual que transforma. S\u2019hi proclama la Paraula de D\u00e9u que \u00e9s \u00abviva i efica\u00e7\u00bb, \u00e9s a dir, que quan s\u2019escolta actua en l\u2019interior del fidel que li \u00e9s receptiu. En cada missa es combrega el mateix Crist, present en les esp\u00e8cies eucar\u00edstiques: el mateix Crist en nosaltres! Com menystenir aquesta experi\u00e8ncia sacramental! Hem de recuperar el sentit teologal i espiritual de la lit\u00fargia.<\/p>\n\n\n\n<p class=\"has-text-color\" style=\"color:#006eb6\">La dimensi\u00f3 comunit\u00e0ria de la lit\u00fargia s\u2019ha vist obstaculitzada per les restriccions derivades de la pand\u00e8mia. \u00bfCom podem recuperar-la? \u00bfLa Covid-19 \u00e9s tamb\u00e9 una oportunitat per real\u00e7ar-la?<\/p>\n\n\n\n<p>Vivim una situaci\u00f3 \u00abextraordin\u00e0ria\u00bb a causa de l\u2019actual pand\u00e8mia, que impedeix el desenvolupament \u00abordinari\u00bb de la celebraci\u00f3 lit\u00fargica. Les restriccions exigides impedeixen, en molts casos, la genu\u00efna dimensi\u00f3 comunit\u00e0ria de les celebracions. Per\u00f2 \u00e9s un fet ocasional, com en altres moments hist\u00f2rics. \u00c9s evident que, quan es pugui, la mateixa celebraci\u00f3 lit\u00fargica ens ajudar\u00e0 a redescobrir el sentit comunitari del \u00abnosaltres\u00bb eclesial que celebra.<\/p>\n\n\n\n<h3 class=\"wp-block-heading\">Celebrar i viure el qu\u00e8 l'Esgl\u00e9sia ens indica cada dia de l'any<\/h3>\n\n\n\n<p class=\"has-text-color\" style=\"color:#006eb6\">Tamb\u00e9 hi ha una certa tend\u00e8ncia a recuperar formes anteriors, la lit\u00fargia tradicional. En aquest sentit, \u00bfquina \u00e9s la transcend\u00e8ncia del motu proprio del papa Francesc Traditionis custodes, del 16 juliol del 2021?<\/p>\n\n\n\n<p>El papa Francesc ha volgut regular l\u2019\u00fas del Missal Rom\u00e0 anterior a la reforma del Concili Vatic\u00e0 II. Aquest Concili va afirmar que el bisbe \u00e9s el moderador, custodi i promotor de tota la vida lit\u00fargica a la seva di\u00f2cesi. El papa Francesc, seguint aquesta voluntat del Concili Vatic\u00e0 II, vol que siguin els bisbes diocesans, i no els preveres, els que regulin la facultat de fer servir el Missal Rom\u00e0 i els altres llibres lit\u00fargics precedents a la reforma lit\u00fargica a les seves pr\u00f2pies di\u00f2cesis. I afirma que l\u2019\u00fanica expressi\u00f3 de la <em>lex orandi<\/em> del ritu rom\u00e0 s\u00f3n els llibres lit\u00fargics promulgats pels sants pont\u00edfexs Pau VI i Joan Pau II.<\/p>\n\n\n\n<p class=\"has-text-color\" style=\"color:#006eb6\">Passat Nadal, ens situem en el cam\u00ed de la Pasqua. \u00bfCom hem de transc\u00f3rrer per aquest cam\u00ed?<\/p>\n\n\n\n<p>Seguint la gran pedagogia i escola eclesial de l\u2019any lit\u00fargic. Em fa l\u2019efecte que les nostres programacions pastorals i personals han oblidat el <em>cursus <\/em>eclesial de l\u2019any lit\u00fargic. I voldria reivindicar el valor de l\u2019any lit\u00fargic com el cam\u00ed marcat per l\u2019Esgl\u00e9sia per conduir la vida de tot cristi\u00e0. La riquesa de la Lit\u00fargia de les Hores, la gradualitat de les celebracions del Calendari, l\u2019hermen\u00e8utica eclesial de les lectures b\u00edbliques distribu\u00efdes al llarg dels diversos cicles lit\u00fargics\u2026 \u00e9s una pedagogia, ben experimentada per l\u2019Esgl\u00e9sia durant molts segles, perqu\u00e8 els fidels puguin viure i endinsar-se en el misteri de Jesucrist. Ben f\u00e0cil i senzill: celebrar i viure el que l\u2019Esgl\u00e9sia ens indica cada dia de l\u2019any!<\/p>","protected":false},"excerpt":{"rendered":"<p>Entrevista de Carme Munt\u00e9 Margalef Mons. Aurelio Garc\u00eda Mac\u00edas es originario de la archidi\u00f3cesis de Valladolid. Cuando, todav\u00eda di\u00e1cono, su entonces arzobispo D. Jos\u00e9 Delicado decidi\u00f3 enviarle a estudiar liturgia a Roma, al Instituto Lit\u00fargico Pontificio de San Anselmo, se sinti\u00f3 un poco contrariado, pero, obediente a lo dispuesto por su pastor diocesano, se sumergi\u00f3 &hellip; <a href=\"https:\/\/www.cpl.es\/galilea\/ca\/2022\/01\/05\/aurelio-garcia-macias-la-urgencia-de-la-renovacion-espiritual\/\" class=\"more-link\">Continua llegint <span class=\"screen-reader-text\">\u00abAurelio Garc\u00eda Mac\u00edas: La urgencia de la renovaci\u00f3n espiritual\u00bb<\/span><\/a><\/p>","protected":false},"author":2,"featured_media":2903,"comment_status":"closed","ping_status":"closed","sticky":false,"template":"","format":"standard","meta":{"footnotes":""},"categories":[19],"tags":[],"class_list":["post-2901","post","type-post","status-publish","format-standard","has-post-thumbnail","hentry","category-dialoguemos"],"yoast_head":"<!-- This site is optimized with the Yoast SEO plugin v23.5 - https:\/\/yoast.com\/wordpress\/plugins\/seo\/ -->\n<title>Aurelio Garc\u00eda Mac\u00edas: La urgencia de la renovaci\u00f3n espiritual - Galilea.153<\/title>\n<meta name=\"description\" content=\"Entrevista de Carme Munt\u00e9 a monse\u00f1or Aurelio Garc\u00eda publicada en la revista Galilea.153 del Centre de Pastoral Lit\u00fargica.\" \/>\n<meta name=\"robots\" content=\"index, follow, max-snippet:-1, max-image-preview:large, max-video-preview:-1\" \/>\n<link rel=\"canonical\" href=\"https:\/\/www.cpl.es\/galilea\/ca\/2022\/01\/05\/aurelio-garcia-macias-la-urgencia-de-la-renovacion-espiritual\/\" \/>\n<meta property=\"og:locale\" content=\"ca_ES\" \/>\n<meta property=\"og:type\" content=\"article\" \/>\n<meta property=\"og:title\" content=\"Aurelio Garc\u00eda Mac\u00edas: La urgencia de la renovaci\u00f3n espiritual - Galilea.153\" \/>\n<meta property=\"og:description\" content=\"Entrevista de Carme Munt\u00e9 a monse\u00f1or Aurelio Garc\u00eda publicada en la revista Galilea.153 del Centre de Pastoral Lit\u00fargica.\" \/>\n<meta property=\"og:url\" content=\"https:\/\/www.cpl.es\/galilea\/ca\/2022\/01\/05\/aurelio-garcia-macias-la-urgencia-de-la-renovacion-espiritual\/\" \/>\n<meta property=\"og:site_name\" content=\"Galilea.153\" \/>\n<meta property=\"article:publisher\" content=\"https:\/\/www.facebook.com\/CPLeditorial\" \/>\n<meta property=\"article:published_time\" content=\"2022-01-05T09:49:19+00:00\" \/>\n<meta property=\"article:modified_time\" content=\"2023-12-29T09:44:58+00:00\" \/>\n<meta property=\"og:image\" content=\"https:\/\/www.cpl.es\/galilea\/wp-content\/uploads\/2023\/12\/Foto-de-Dario-Menor-VN-web.jpg\" \/>\n\t<meta property=\"og:image:width\" content=\"640\" \/>\n\t<meta property=\"og:image:height\" content=\"360\" \/>\n\t<meta property=\"og:image:type\" content=\"image\/jpeg\" \/>\n<meta name=\"author\" content=\"Quiteria Guirao\" \/>\n<meta name=\"twitter:card\" content=\"summary_large_image\" \/>\n<meta name=\"twitter:creator\" content=\"@CPLeditorial\" \/>\n<meta name=\"twitter:site\" content=\"@CPLeditorial\" \/>\n<meta name=\"twitter:label1\" content=\"Escrit per\" \/>\n\t<meta name=\"twitter:data1\" content=\"Quiteria Guirao\" \/>\n\t<meta name=\"twitter:label2\" content=\"Temps estimat de lectura\" \/>\n\t<meta name=\"twitter:data2\" content=\"6 minuts\" \/>\n<script type=\"application\/ld+json\" class=\"yoast-schema-graph\">{\"@context\":\"https:\/\/schema.org\",\"@graph\":[{\"@type\":\"Article\",\"@id\":\"https:\/\/www.cpl.es\/galilea\/2022\/01\/05\/aurelio-garcia-macias-la-urgencia-de-la-renovacion-espiritual\/#article\",\"isPartOf\":{\"@id\":\"https:\/\/www.cpl.es\/galilea\/2022\/01\/05\/aurelio-garcia-macias-la-urgencia-de-la-renovacion-espiritual\/\"},\"author\":{\"name\":\"Quiteria Guirao\",\"@id\":\"https:\/\/www.cpl.es\/galilea\/#\/schema\/person\/8a376f24e71765a383ffa03854adc150\"},\"headline\":\"Aurelio Garc\u00eda Mac\u00edas: La urgencia de la renovaci\u00f3n espiritual\",\"datePublished\":\"2022-01-05T09:49:19+00:00\",\"dateModified\":\"2023-12-29T09:44:58+00:00\",\"mainEntityOfPage\":{\"@id\":\"https:\/\/www.cpl.es\/galilea\/2022\/01\/05\/aurelio-garcia-macias-la-urgencia-de-la-renovacion-espiritual\/\"},\"wordCount\":1412,\"publisher\":{\"@id\":\"https:\/\/www.cpl.es\/galilea\/#organization\"},\"image\":{\"@id\":\"https:\/\/www.cpl.es\/galilea\/2022\/01\/05\/aurelio-garcia-macias-la-urgencia-de-la-renovacion-espiritual\/#primaryimage\"},\"thumbnailUrl\":\"https:\/\/www.cpl.es\/galilea\/wp-content\/uploads\/2023\/12\/Foto-de-Dario-Menor-VN-web.jpg\",\"articleSection\":[\"Dialoguemos\"],\"inLanguage\":\"ca\"},{\"@type\":\"WebPage\",\"@id\":\"https:\/\/www.cpl.es\/galilea\/2022\/01\/05\/aurelio-garcia-macias-la-urgencia-de-la-renovacion-espiritual\/\",\"url\":\"https:\/\/www.cpl.es\/galilea\/2022\/01\/05\/aurelio-garcia-macias-la-urgencia-de-la-renovacion-espiritual\/\",\"name\":\"Aurelio Garc\u00eda Mac\u00edas: La urgencia de la renovaci\u00f3n espiritual - Galilea.153\",\"isPartOf\":{\"@id\":\"https:\/\/www.cpl.es\/galilea\/#website\"},\"primaryImageOfPage\":{\"@id\":\"https:\/\/www.cpl.es\/galilea\/2022\/01\/05\/aurelio-garcia-macias-la-urgencia-de-la-renovacion-espiritual\/#primaryimage\"},\"image\":{\"@id\":\"https:\/\/www.cpl.es\/galilea\/2022\/01\/05\/aurelio-garcia-macias-la-urgencia-de-la-renovacion-espiritual\/#primaryimage\"},\"thumbnailUrl\":\"https:\/\/www.cpl.es\/galilea\/wp-content\/uploads\/2023\/12\/Foto-de-Dario-Menor-VN-web.jpg\",\"datePublished\":\"2022-01-05T09:49:19+00:00\",\"dateModified\":\"2023-12-29T09:44:58+00:00\",\"description\":\"Entrevista de Carme Munt\u00e9 a monse\u00f1or Aurelio Garc\u00eda publicada en la revista Galilea.153 del Centre de Pastoral Lit\u00fargica.\",\"breadcrumb\":{\"@id\":\"https:\/\/www.cpl.es\/galilea\/2022\/01\/05\/aurelio-garcia-macias-la-urgencia-de-la-renovacion-espiritual\/#breadcrumb\"},\"inLanguage\":\"ca\",\"potentialAction\":[{\"@type\":\"ReadAction\",\"target\":[\"https:\/\/www.cpl.es\/galilea\/2022\/01\/05\/aurelio-garcia-macias-la-urgencia-de-la-renovacion-espiritual\/\"]}]},{\"@type\":\"ImageObject\",\"inLanguage\":\"ca\",\"@id\":\"https:\/\/www.cpl.es\/galilea\/2022\/01\/05\/aurelio-garcia-macias-la-urgencia-de-la-renovacion-espiritual\/#primaryimage\",\"url\":\"https:\/\/www.cpl.es\/galilea\/wp-content\/uploads\/2023\/12\/Foto-de-Dario-Menor-VN-web.jpg\",\"contentUrl\":\"https:\/\/www.cpl.es\/galilea\/wp-content\/uploads\/2023\/12\/Foto-de-Dario-Menor-VN-web.jpg\",\"width\":640,\"height\":360},{\"@type\":\"BreadcrumbList\",\"@id\":\"https:\/\/www.cpl.es\/galilea\/2022\/01\/05\/aurelio-garcia-macias-la-urgencia-de-la-renovacion-espiritual\/#breadcrumb\",\"itemListElement\":[{\"@type\":\"ListItem\",\"position\":1,\"name\":\"Home\",\"item\":\"https:\/\/www.cpl.es\/galilea\/\"},{\"@type\":\"ListItem\",\"position\":2,\"name\":\"Aurelio Garc\u00eda Mac\u00edas: La urgencia de la renovaci\u00f3n espiritual\"}]},{\"@type\":\"WebSite\",\"@id\":\"https:\/\/www.cpl.es\/galilea\/#website\",\"url\":\"https:\/\/www.cpl.es\/galilea\/\",\"name\":\"Galilea.153\",\"description\":\"Liturgia, pastoral, vida cristiana\",\"publisher\":{\"@id\":\"https:\/\/www.cpl.es\/galilea\/#organization\"},\"potentialAction\":[{\"@type\":\"SearchAction\",\"target\":{\"@type\":\"EntryPoint\",\"urlTemplate\":\"https:\/\/www.cpl.es\/galilea\/?s={search_term_string}\"},\"query-input\":{\"@type\":\"PropertyValueSpecification\",\"valueRequired\":true,\"valueName\":\"search_term_string\"}}],\"inLanguage\":\"ca\"},{\"@type\":\"Organization\",\"@id\":\"https:\/\/www.cpl.es\/galilea\/#organization\",\"name\":\"Centre de Pastoral Lit\u00fargica\",\"url\":\"https:\/\/www.cpl.es\/galilea\/\",\"logo\":{\"@type\":\"ImageObject\",\"inLanguage\":\"ca\",\"@id\":\"https:\/\/www.cpl.es\/galilea\/#\/schema\/logo\/image\/\",\"url\":\"https:\/\/i0.wp.com\/ivory-newt-719188.hostingersite.com\/wp-content\/uploads\/2022\/10\/perfil-xarxes-400x400-1.jpg?fit=400%2C400&ssl=1\",\"contentUrl\":\"https:\/\/i0.wp.com\/ivory-newt-719188.hostingersite.com\/wp-content\/uploads\/2022\/10\/perfil-xarxes-400x400-1.jpg?fit=400%2C400&ssl=1\",\"width\":400,\"height\":400,\"caption\":\"Centre de Pastoral Lit\u00fargica\"},\"image\":{\"@id\":\"https:\/\/www.cpl.es\/galilea\/#\/schema\/logo\/image\/\"},\"sameAs\":[\"https:\/\/www.facebook.com\/CPLeditorial\",\"https:\/\/x.com\/CPLeditorial\",\"https:\/\/www.instagram.com\/cpleditorial\/\",\"https:\/\/www.youtube.com\/c\/CentredePastoralLitrgicaCPL\"]},{\"@type\":\"Person\",\"@id\":\"https:\/\/www.cpl.es\/galilea\/#\/schema\/person\/8a376f24e71765a383ffa03854adc150\",\"name\":\"Quiteria Guirao\",\"image\":{\"@type\":\"ImageObject\",\"inLanguage\":\"ca\",\"@id\":\"https:\/\/www.cpl.es\/galilea\/#\/schema\/person\/image\/\",\"url\":\"https:\/\/secure.gravatar.com\/avatar\/e996575b3c6be54ae121b43f87b73315?s=96&d=mm&r=g\",\"contentUrl\":\"https:\/\/secure.gravatar.com\/avatar\/e996575b3c6be54ae121b43f87b73315?s=96&d=mm&r=g\",\"caption\":\"Quiteria Guirao\"},\"url\":\"https:\/\/www.cpl.es\/galilea\/ca\/author\/redaccion\/\"}]}<\/script>\n<!-- \/ Yoast SEO plugin. -->","yoast_head_json":{"title":"Aurelio Garc\u00eda Mac\u00edas: La urgencia de la renovaci\u00f3n espiritual - Galilea.153","description":"Entrevista de Carme Munt\u00e9 a monse\u00f1or Aurelio Garc\u00eda publicada en la revista Galilea.153 del Centre de Pastoral Lit\u00fargica.","robots":{"index":"index","follow":"follow","max-snippet":"max-snippet:-1","max-image-preview":"max-image-preview:large","max-video-preview":"max-video-preview:-1"},"canonical":"https:\/\/www.cpl.es\/galilea\/ca\/2022\/01\/05\/aurelio-garcia-macias-la-urgencia-de-la-renovacion-espiritual\/","og_locale":"ca_ES","og_type":"article","og_title":"Aurelio Garc\u00eda Mac\u00edas: La urgencia de la renovaci\u00f3n espiritual - Galilea.153","og_description":"Entrevista de Carme Munt\u00e9 a monse\u00f1or Aurelio Garc\u00eda publicada en la revista Galilea.153 del Centre de Pastoral Lit\u00fargica.","og_url":"https:\/\/www.cpl.es\/galilea\/ca\/2022\/01\/05\/aurelio-garcia-macias-la-urgencia-de-la-renovacion-espiritual\/","og_site_name":"Galilea.153","article_publisher":"https:\/\/www.facebook.com\/CPLeditorial","article_published_time":"2022-01-05T09:49:19+00:00","article_modified_time":"2023-12-29T09:44:58+00:00","og_image":[{"width":640,"height":360,"url":"https:\/\/www.cpl.es\/galilea\/wp-content\/uploads\/2023\/12\/Foto-de-Dario-Menor-VN-web.jpg","type":"image\/jpeg"}],"author":"Quiteria Guirao","twitter_card":"summary_large_image","twitter_creator":"@CPLeditorial","twitter_site":"@CPLeditorial","twitter_misc":{"Escrit per":"Quiteria Guirao","Temps estimat de lectura":"6 minuts"},"schema":{"@context":"https:\/\/schema.org","@graph":[{"@type":"Article","@id":"https:\/\/www.cpl.es\/galilea\/2022\/01\/05\/aurelio-garcia-macias-la-urgencia-de-la-renovacion-espiritual\/#article","isPartOf":{"@id":"https:\/\/www.cpl.es\/galilea\/2022\/01\/05\/aurelio-garcia-macias-la-urgencia-de-la-renovacion-espiritual\/"},"author":{"name":"Quiteria Guirao","@id":"https:\/\/www.cpl.es\/galilea\/#\/schema\/person\/8a376f24e71765a383ffa03854adc150"},"headline":"Aurelio Garc\u00eda Mac\u00edas: La urgencia de la renovaci\u00f3n espiritual","datePublished":"2022-01-05T09:49:19+00:00","dateModified":"2023-12-29T09:44:58+00:00","mainEntityOfPage":{"@id":"https:\/\/www.cpl.es\/galilea\/2022\/01\/05\/aurelio-garcia-macias-la-urgencia-de-la-renovacion-espiritual\/"},"wordCount":1412,"publisher":{"@id":"https:\/\/www.cpl.es\/galilea\/#organization"},"image":{"@id":"https:\/\/www.cpl.es\/galilea\/2022\/01\/05\/aurelio-garcia-macias-la-urgencia-de-la-renovacion-espiritual\/#primaryimage"},"thumbnailUrl":"https:\/\/www.cpl.es\/galilea\/wp-content\/uploads\/2023\/12\/Foto-de-Dario-Menor-VN-web.jpg","articleSection":["Dialoguemos"],"inLanguage":"ca"},{"@type":"WebPage","@id":"https:\/\/www.cpl.es\/galilea\/2022\/01\/05\/aurelio-garcia-macias-la-urgencia-de-la-renovacion-espiritual\/","url":"https:\/\/www.cpl.es\/galilea\/2022\/01\/05\/aurelio-garcia-macias-la-urgencia-de-la-renovacion-espiritual\/","name":"Aurelio Garc\u00eda Mac\u00edas: La urgencia de la renovaci\u00f3n espiritual - Galilea.153","isPartOf":{"@id":"https:\/\/www.cpl.es\/galilea\/#website"},"primaryImageOfPage":{"@id":"https:\/\/www.cpl.es\/galilea\/2022\/01\/05\/aurelio-garcia-macias-la-urgencia-de-la-renovacion-espiritual\/#primaryimage"},"image":{"@id":"https:\/\/www.cpl.es\/galilea\/2022\/01\/05\/aurelio-garcia-macias-la-urgencia-de-la-renovacion-espiritual\/#primaryimage"},"thumbnailUrl":"https:\/\/www.cpl.es\/galilea\/wp-content\/uploads\/2023\/12\/Foto-de-Dario-Menor-VN-web.jpg","datePublished":"2022-01-05T09:49:19+00:00","dateModified":"2023-12-29T09:44:58+00:00","description":"Entrevista de Carme Munt\u00e9 a monse\u00f1or Aurelio Garc\u00eda publicada en la revista Galilea.153 del Centre de Pastoral Lit\u00fargica.","breadcrumb":{"@id":"https:\/\/www.cpl.es\/galilea\/2022\/01\/05\/aurelio-garcia-macias-la-urgencia-de-la-renovacion-espiritual\/#breadcrumb"},"inLanguage":"ca","potentialAction":[{"@type":"ReadAction","target":["https:\/\/www.cpl.es\/galilea\/2022\/01\/05\/aurelio-garcia-macias-la-urgencia-de-la-renovacion-espiritual\/"]}]},{"@type":"ImageObject","inLanguage":"ca","@id":"https:\/\/www.cpl.es\/galilea\/2022\/01\/05\/aurelio-garcia-macias-la-urgencia-de-la-renovacion-espiritual\/#primaryimage","url":"https:\/\/www.cpl.es\/galilea\/wp-content\/uploads\/2023\/12\/Foto-de-Dario-Menor-VN-web.jpg","contentUrl":"https:\/\/www.cpl.es\/galilea\/wp-content\/uploads\/2023\/12\/Foto-de-Dario-Menor-VN-web.jpg","width":640,"height":360},{"@type":"BreadcrumbList","@id":"https:\/\/www.cpl.es\/galilea\/2022\/01\/05\/aurelio-garcia-macias-la-urgencia-de-la-renovacion-espiritual\/#breadcrumb","itemListElement":[{"@type":"ListItem","position":1,"name":"Home","item":"https:\/\/www.cpl.es\/galilea\/"},{"@type":"ListItem","position":2,"name":"Aurelio Garc\u00eda Mac\u00edas: La urgencia de la renovaci\u00f3n espiritual"}]},{"@type":"WebSite","@id":"https:\/\/www.cpl.es\/galilea\/#website","url":"https:\/\/www.cpl.es\/galilea\/","name":"Galilea.153","description":"Liturgia, pastoral, vida cristiana","publisher":{"@id":"https:\/\/www.cpl.es\/galilea\/#organization"},"potentialAction":[{"@type":"SearchAction","target":{"@type":"EntryPoint","urlTemplate":"https:\/\/www.cpl.es\/galilea\/?s={search_term_string}"},"query-input":{"@type":"PropertyValueSpecification","valueRequired":true,"valueName":"search_term_string"}}],"inLanguage":"ca"},{"@type":"Organization","@id":"https:\/\/www.cpl.es\/galilea\/#organization","name":"Centre de Pastoral Lit\u00fargica","url":"https:\/\/www.cpl.es\/galilea\/","logo":{"@type":"ImageObject","inLanguage":"ca","@id":"https:\/\/www.cpl.es\/galilea\/#\/schema\/logo\/image\/","url":"https:\/\/i0.wp.com\/ivory-newt-719188.hostingersite.com\/wp-content\/uploads\/2022\/10\/perfil-xarxes-400x400-1.jpg?fit=400%2C400&ssl=1","contentUrl":"https:\/\/i0.wp.com\/ivory-newt-719188.hostingersite.com\/wp-content\/uploads\/2022\/10\/perfil-xarxes-400x400-1.jpg?fit=400%2C400&ssl=1","width":400,"height":400,"caption":"Centre de Pastoral Lit\u00fargica"},"image":{"@id":"https:\/\/www.cpl.es\/galilea\/#\/schema\/logo\/image\/"},"sameAs":["https:\/\/www.facebook.com\/CPLeditorial","https:\/\/x.com\/CPLeditorial","https:\/\/www.instagram.com\/cpleditorial\/","https:\/\/www.youtube.com\/c\/CentredePastoralLitrgicaCPL"]},{"@type":"Person","@id":"https:\/\/www.cpl.es\/galilea\/#\/schema\/person\/8a376f24e71765a383ffa03854adc150","name":"Quiteria Guirao","image":{"@type":"ImageObject","inLanguage":"ca","@id":"https:\/\/www.cpl.es\/galilea\/#\/schema\/person\/image\/","url":"https:\/\/secure.gravatar.com\/avatar\/e996575b3c6be54ae121b43f87b73315?s=96&d=mm&r=g","contentUrl":"https:\/\/secure.gravatar.com\/avatar\/e996575b3c6be54ae121b43f87b73315?s=96&d=mm&r=g","caption":"Quiteria Guirao"},"url":"https:\/\/www.cpl.es\/galilea\/ca\/author\/redaccion\/"}]}},"_links":{"self":[{"href":"https:\/\/www.cpl.es\/galilea\/ca\/wp-json\/wp\/v2\/posts\/2901"}],"collection":[{"href":"https:\/\/www.cpl.es\/galilea\/ca\/wp-json\/wp\/v2\/posts"}],"about":[{"href":"https:\/\/www.cpl.es\/galilea\/ca\/wp-json\/wp\/v2\/types\/post"}],"author":[{"embeddable":true,"href":"https:\/\/www.cpl.es\/galilea\/ca\/wp-json\/wp\/v2\/users\/2"}],"replies":[{"embeddable":true,"href":"https:\/\/www.cpl.es\/galilea\/ca\/wp-json\/wp\/v2\/comments?post=2901"}],"version-history":[{"count":3,"href":"https:\/\/www.cpl.es\/galilea\/ca\/wp-json\/wp\/v2\/posts\/2901\/revisions"}],"predecessor-version":[{"id":2906,"href":"https:\/\/www.cpl.es\/galilea\/ca\/wp-json\/wp\/v2\/posts\/2901\/revisions\/2906"}],"wp:featuredmedia":[{"embeddable":true,"href":"https:\/\/www.cpl.es\/galilea\/ca\/wp-json\/wp\/v2\/media\/2903"}],"wp:attachment":[{"href":"https:\/\/www.cpl.es\/galilea\/ca\/wp-json\/wp\/v2\/media?parent=2901"}],"wp:term":[{"taxonomy":"category","embeddable":true,"href":"https:\/\/www.cpl.es\/galilea\/ca\/wp-json\/wp\/v2\/categories?post=2901"},{"taxonomy":"post_tag","embeddable":true,"href":"https:\/\/www.cpl.es\/galilea\/ca\/wp-json\/wp\/v2\/tags?post=2901"}],"curies":[{"name":"wp","href":"https:\/\/api.w.org\/{rel}","templated":true}]}}