{"id":2463,"date":"2023-03-06T20:56:00","date_gmt":"2023-03-06T18:56:00","guid":{"rendered":"https:\/\/ivory-newt-719188.hostingersite.com\/?p=2463"},"modified":"2023-02-26T21:54:44","modified_gmt":"2023-02-26T19:54:44","slug":"vittorio-scelzo-envejecer-mirando-al-futuro","status":"publish","type":"post","link":"https:\/\/www.cpl.es\/galilea\/ca\/2023\/03\/06\/vittorio-scelzo-envejecer-mirando-al-futuro\/","title":{"rendered":"Vittorio Scelzo: envellir mirant el futur"},"content":{"rendered":"<p class=\"has-text-color\" style=\"color:#006eb7\"><strong>Entrevista de Carme Munt\u00e9 Margalef<\/strong><\/p>\n\n\n\n<p class=\"has-text-color\" style=\"color:#006eb7\">Des del minut zero del seu pontificat, el papa Francesc ha criticat la cultura del descart, que margina les persones que no s\u00f3n productives. Entre elles, els ancians. I per a posar-los en el lloc que els correspon, ha institu\u00eft la <a href=\"https:\/\/pastoralfamiliar.esglesia.barcelona\/segona-jornada-mundial-dels-avis-i-persones-grans\/\">Jornada Mundial dels Avis y de la Gent Gran<\/a>amb motiu de la festivitat de santa Anna i sant Joaquim.<\/p>\n\n\n\n<p class=\"has-text-color\" style=\"color:#006eb7\">Durant l\u2019any passat, a m\u00e9s, va dedicar una s\u00e8rie de catequesi sobre el sentit i el valor de la vellesa, en les quals va parlar d\u2019un tema tan important com \u00e9s el de l\u2019alian\u00e7a intergeneracional: \u00abSi els ancians es repleguen en la seva melancolia i renuncien a somiar, els joves no podran veure m\u00e9s enll\u00e0 del seu tel\u00e8fon intel\u00b7ligent\u00bb. Per contra, \u00abels ancians estan cridats a comunicar els seus somnis, perqu\u00e8 a partir d\u2019ells els joves puguin eixamplar horitzons i prendre decisions que obrin camins de futur\u00bb.<\/p>\n\n\n\n<p class=\"has-text-color\" style=\"color:#006eb7\">Tamb\u00e9 el Dr. Vittorio Scelzo, responsable de la pastoral de la gent gran en el <a href=\"http:\/\/www.laityfamilylife.va\/content\/laityfamilylife\/es.html\">Dicasteri pels Laics, la Fam\u00edlia i la Vida del Vatic\u00e0<\/a>t\u00e9 grans somnis per als ancians.<\/p>\n\n\n\n<!--more-->\n\n\n\n<p class=\"has-text-color\" style=\"color:#006eb7\"><strong>Diu el papa Francesc que \u00abuna societat mostra el seu nivell de civilitzaci\u00f3 per la forma com tracta i acull els ancians\u00bb. Des d\u2019aquesta perspectiva, \u00bfcom definiria a la nostra societat?<\/strong><\/p>\n\n\n\n<p class=\"has-black-color has-text-color\">El que diu el Papa \u00e9s molt important i m\u2019agradaria subratllar que la frase original \u00e9s del papa Benet, que la va dir a pocs mesos despr\u00e9s de la seva ren\u00fancia. \u00c9s magisteri de dos papes! Si hagu\u00e9ssim de mesurar el nivell de civilitzaci\u00f3 de la nostra societat per com tracta i acull als ancians hi hauria moltes coses a dir. Des del principi del seu magisteri, el papa Francesc parla dels descartats i, en aquest sentit, un col\u00b7lectiu descartat \u00e9s el dels ancians. Hem vist com la societat els va tractar durant la pand\u00e8mia de la Covid-19, amb tants ancians morts en solitud en les resid\u00e8ncies. Si mirem com els ancians s\u00f3n descartats, entenem b\u00e9 que per davant tenim una gran feina.<\/p>\n\n\n\n<p class=\"has-text-color\" style=\"color:#006eb7\"><strong>\u00bfQuines s\u00f3n les principals problem\u00e0tiques que marginen a la gent gran: solitud, bretxa digital...?<\/strong><\/p>\n\n\n\n<p class=\"has-black-color has-text-color\">La bretxa digital \u00e9s un gran problema, perqu\u00e8 la societat es converteix en inaccessible per a la gent gran. En molts casos hi ha drets que no es poden gaudir i, en aquest sentit, hi ha una gran feina a fer perqu\u00e8 el m\u00f3n digital sigui accessible als majors. Dit aix\u00f2, jo diria que la solitud \u00e9s encara el desafiament m\u00e9s gran. En la fam\u00edlia hi ha una crisi horitzontal de separaci\u00f3 entre matrimonis, per\u00f2 tamb\u00e9 vertical, amb una gran bretxa entre els pares grans i els fills adults. Aix\u00f2 \u00e9s una l\u00ednia divis\u00f2ria que travessa les nostres fam\u00edlies i tamb\u00e9 ha de ser abordat. Moltes vegades passa que els fills adults abandonen els seus pares, \u00e9s una ll\u00e0stima! \u00c9s necessari que cadascun de nosaltres es recordi del quart manament: \u00abHonrar\u00e0s pare i mare\u00bb.<\/p>\n\n\n\n<h3 class=\"wp-block-heading\">Canvia la vellesa, canvia la societat<\/h3>\n\n\n\n<p class=\"has-text-color\" style=\"color:#006eb7\"><strong>\u00bfQuina \u00e9s la import\u00e0ncia de conviure, com es feia antigament, diverses generacions juntes d\u2019una mateixa fam\u00edlia?<\/strong><\/p>\n\n\n\n<p class=\"has-black-color has-text-color\">Aquest model de conviv\u00e8ncia de diverses generacions sota un mateix sostre funcionava quan els ancians eren pocs, per\u00f2 \u00e9s que avui dia, a Europa, ja gaireb\u00e9 s\u00f3n el 25% de la societat. Per tant, cal pensar models nous com la conviv\u00e8ncia entre ancians \u2013amics que comparteixen els seus recursos i se sostenen en les seves necessitats\u2013 o tants joves migrants que cuiden  gent gran. Cal treballar amb la fantasia de l\u2019amor per imaginar solucions noves.<\/p>\n\n\n\n<p class=\"has-text-color\" style=\"color:#006eb7\"><strong>\u00bfL\u2019Esgl\u00e9sia com pot afavorir i donar oportunitat perqu\u00e8 la gent gran recuperi un lloc central i protagonista? \u00bfCal promoure i impulsar una renovada Pastoral de la gent gran?<\/strong><\/p>\n\n\n\n<p class=\"has-black-color has-text-color\">El papa Francesc ens indica que l\u2019Esgl\u00e9sia ha de fer una gran feina de conversi\u00f3 per situar els ancians com a centrals en la vida de les comunitats cristianes. El primer \u00e9s adonar-se que la realitat ha canviat d\u2019una manera radical. No podem continuar pensant que els ancians s\u00f3n persones que necessiten la nostra cura. Els majors constitueixen la majoria de la gent que va a missa el diumenge. Per tant, el que hem de fer \u00e9s pensar quina pot ser la seva missi\u00f3 dins de la comunitat. Quan siguem capa\u00e7os d\u2019entendre que els ancians s\u00f3n necessaris i que tenen una missi\u00f3 i paper central dins de la comunitat, deixarem de descartar-los. En aquest sentit, un instrument molt \u00fatil s\u00f3n les catequesis que el Papa va dedicar l\u2019any passat a la gent gran i en les quals va intentar desenvolupar una espiritualitat de la vellesa. En la Jornada Mundial dels Avis i de la Gent Gran de l\u2019any passat ens va recordar que tots sabem que envellirem, per\u00f2 ning\u00fa ens ensenya com fer-ho, no hi ha escoles per a envellir. Per aix\u00f2, hi ha la necessitat de desplegar una espiritualitat pr\u00f2pia de l\u2019edat anciana.<\/p>\n\n\n\n<p class=\"has-text-color\" style=\"color:#006eb7\"><strong>\u00bfQuin \u00e9s el protagonisme i aportaci\u00f3 concreta dels avis com a transmissors de la fe a les noves generacions?<\/strong><\/p>\n\n\n\n<p class=\"has-black-color has-text-color\">En aquest temps de guerra a Ucra\u00efna i en altres llocs del m\u00f3n, els avis tenen el gran repte de recordar la import\u00e0ncia de lluitar per un m\u00f3n en pau. El desafiament m\u00e9s important dels nostres avis va ser construir una Europa en pau. Va ser possible despr\u00e9s de la derrota total que va suposar la Segona Guerra Mundial. Avui dia, els ancians tenen la missi\u00f3 de recordar als joves que es pot construir un m\u00f3n en pau, un m\u00f3n on els drets siguin respectats, on es reforcin els valors democr\u00e0tics, on l\u2019Esgl\u00e9sia tingui una paraula per a tots, especialment per als pobres. Tamb\u00e9 els ancians tenen la missi\u00f3 d\u2019ensenyar a perdre, a entendre que no sempre podem v\u00e8ncer totes les batalles, que en tota vida hi ha moltes derrotes que hem de saber acceptar, perqu\u00e8 les derrotes tamb\u00e9 formen part de la vida, per\u00f2 no s\u00f3n la fi de la vida. Que es pot continuar agraint tamb\u00e9 si no tot va com hav\u00edem imaginat. Que el centre no soc sempre jo i que val la pena tenir cura dels altres.<\/p>\n\n\n\n<h3 class=\"wp-block-heading\">Mantenir vives les arrels i transmetre la fe<\/h3>\n\n\n\n<p class=\"has-text-color\" style=\"color:#006eb7\"><strong>\u00bfQuines accions i gestos, com ensenyar les oracions b\u00e0siques, poden ser germen de fe?<\/strong><\/p>\n\n\n\n<p class=\"has-black-color has-text-color\">El Papa insisteix molt en la import\u00e0ncia de mantenir vives les arrels del poble, de la fam\u00edlia, i transmetre la fe, tamb\u00e9 les oracions. No obstant aix\u00f2, cal tenir clar que els joves no resaran com ho feien els seus avis fa cinquanta anys, perqu\u00e8 la fe ha de ser inculturada i transmesa a les noves generacions amb el seu propi llenguatge. El que han de comunicar els avis als seus nets \u00e9s la tendresa, l\u2019aband\u00f3 i la confian\u00e7a en D\u00e9u, la fragilitat, els somnis, la pau.<\/p>\n\n\n\n<p class=\"has-text-color\" style=\"color:#006eb7\"><strong>\u00bfEnsenyar en la fragilitat i la vulnerabilitat xoca amb la nostra societat, que es creu invencible i autosuficient?<\/strong><\/p>\n\n\n\n<p class=\"has-black-color has-text-color\">En qualsevol moment tots podem descobrir-nos vulnerables i \u00e9s en aquest moment quan ens adonem que formem part d\u2019una germanor, que tots som germans. Les persones necessitem els altres i necessitem D\u00e9u, no ens bastem per nosaltres mateixos. En aquest sentit, els ancians poden ensenyar els seus nets a resar. No es tracta d\u2019ensenyar-los el rosari, sin\u00f3 d\u2019encomanar-se al Senyor, d\u2019entendre que necessitar els altres no \u00e9s cap vergonya. Tots som \u00e9ssers necessitats de ser sostinguts per D\u00e9u.<\/p>\n\n\n\n<p class=\"has-text-color\" style=\"color:#006eb7\"><strong>\u00bfQuin \u00e9s el testimoniatge del papa Francesc, que als seus 86 anys dirigeix i inspira el present i futur de l\u2019Esgl\u00e9sia cat\u00f2lica?<\/strong><\/p>\n\n\n\n<p class=\"has-black-color has-text-color\">El papa Francesc \u00e9s un anci\u00e0 que construeix somnis. Penso en el missatge de pau que va portar al Congo i Sudan del Sud en el seu viatge del 31 de gener al 5 de febrer. En el gest que va tenir al Vatic\u00e0 de besar els peus als l\u00edders enfrontats a Sudan del Sud amb la finalitat d\u2019encoratjar el proc\u00e9s de pau al pa\u00eds afric\u00e0. Tamb\u00e9 en tots els seus missatges per demanar el final de la guerra a Ucra\u00efna. El papa Francesc \u00e9s un profeta, perqu\u00e8 mira el futur amb els ulls de D\u00e9u.<\/p>\n\n\n\n<p class=\"has-text-color\" style=\"color:#006eb7\"><strong>Les societats occidentals cada vegada estan m\u00e9s envellides. \u00bfCom influir\u00e0 en la mateixa Esgl\u00e9sia?<\/strong><\/p>\n\n\n\n<p>L\u2019envelliment de la poblaci\u00f3 concerneix tota la societat, tamb\u00e9 l\u2019Esgl\u00e9sia. El repte \u00e9s aprendre a envellir mirant el futur i no el passat, envellir d\u2019una manera somiadora i no nost\u00e0lgica ni recriminadora. El Papa ens ensenya que es pot mirar el futur i que el vell pot ren\u00e9ixer, com li diu Jes\u00fas a Nicodem. Durant una trobada amb assistents al primer Congr\u00e9s Internacional de Pastoral per als Ancians, els va dir: \u00abVosaltres sou les persones del futur, no del passat. M\u2019agrada dir als joves que no s\u00f3n el futur de l\u2019Esgl\u00e9sia, sin\u00f3 el present; i que els ancians no s\u00f3n el passat, sin\u00f3 el futur\u00bb. A m\u00e9s, aix\u00f2 \u00e9s veritat d\u2019una manera molt concreta, perqu\u00e8 el futur de l\u2019Esgl\u00e9sia estar\u00e0 ple d\u2019ancians.<\/p>\n\n\n\n<figure class=\"wp-block-image size-large\"><img loading=\"lazy\" decoding=\"async\" width=\"1024\" height=\"682\" src=\"https:\/\/www.cpl.es\/galilea\/wp-content\/uploads\/2023\/02\/Vittorio-Scelzo_p-1024x682.jpg\" alt=\"\" class=\"wp-image-2466\" srcset=\"https:\/\/www.cpl.es\/galilea\/wp-content\/uploads\/2023\/02\/Vittorio-Scelzo_p-1024x682.jpg 1024w, https:\/\/www.cpl.es\/galilea\/wp-content\/uploads\/2023\/02\/Vittorio-Scelzo_p-300x200.jpg 300w, https:\/\/www.cpl.es\/galilea\/wp-content\/uploads\/2023\/02\/Vittorio-Scelzo_p-768x512.jpg 768w, https:\/\/www.cpl.es\/galilea\/wp-content\/uploads\/2023\/02\/Vittorio-Scelzo_p-18x12.jpg 18w, https:\/\/www.cpl.es\/galilea\/wp-content\/uploads\/2023\/02\/Vittorio-Scelzo_p-1200x800.jpg 1200w, https:\/\/www.cpl.es\/galilea\/wp-content\/uploads\/2023\/02\/Vittorio-Scelzo_p.jpg 1280w\" sizes=\"(max-width: 709px) 85vw, (max-width: 909px) 67vw, (max-width: 1362px) 62vw, 840px\" \/><figcaption>Vittorio Scelzo<\/figcaption><\/figure>\n\n\n\n<p class=\"has-text-color\" style=\"color:#006eb7\"><strong>\u00bfQuina inspiraci\u00f3 podem trobar en els ancians i els grans patriarques de la B\u00edblia?<\/strong><\/p>\n\n\n\n<p>Als seus 75 anys Abraham va deixar casa seva i va comen\u00e7ar la seva peregrinaci\u00f3 fins a la terra promesa. El <a href=\"https:\/\/www.bci.cat\/biblia\/capitol\/805\">llibre de Ruth<\/a> \u00e9s molt inspirador, perqu\u00e8 veiem la relaci\u00f3 tan afectuosa entre una nora, Rut, i la seva sogra, Noem\u00ed. Amb No\u00e8, un home vell, D\u00e9u va decidir construir una nova alian\u00e7a amb el m\u00f3n. D\u2019altra banda, mirant la hist\u00f2ria de No\u00e8 veiem la manca de respecte dels seus fills, alguna cosa, desgraciadament, tan habitual avui dia. En el salm 71 llegim aquesta oraci\u00f3 de l\u2019anci\u00e0: \u00abD\u00e9u meu, em vas instruir des de la meva joventut, | i fins avui relato les teves meravelles; ara, en la vellesa i els cabells blancs, | no m\u2019abandonis, D\u00e9u meu, | fins que descrigui el teu poder, | les teves gestes a la nova generaci\u00f3\u00bb. En la B\u00edblia trobem moltes altres refer\u00e8ncies, com quan Jes\u00fas li diu a Sim\u00f3\u00a0Pere: \u00abEn veritat et dic: quan eres jove, tu mateix et cenyies i anaves on volies; per\u00f2, quan siguis vell, estendr\u00e0s les mans, un altre et cenyir\u00e0 i et portar\u00e0 on no vulguis\u00bb<em>Joan <\/em>21,18).<\/p>\n\n\n\n<p><\/p>","protected":false},"excerpt":{"rendered":"<p>El papa Francisco va instituir la Jornada Mundial dels Avis i la Gent Gran al 2021. Vittorio Scelzo ens parla de tot plegat.<\/p>","protected":false},"author":1,"featured_media":2464,"comment_status":"closed","ping_status":"closed","sticky":false,"template":"","format":"standard","meta":{"footnotes":""},"categories":[19],"tags":[558,114,556,559,557],"class_list":["post-2463","post","type-post","status-publish","format-standard","has-post-thumbnail","hentry","category-dialoguemos","tag-jornada-mundial-de-los-abuelos","tag-papa-francisco","tag-personas-mayores","tag-transmitir-la-fe","tag-vejez"],"yoast_head":"<!-- This site is optimized with the Yoast SEO plugin v23.5 - https:\/\/yoast.com\/wordpress\/plugins\/seo\/ -->\n<title>Vittorio Scelzo: envejecer mirando al futuro - Galilea.153<\/title>\n<meta name=\"description\" content=\"Entrevista al Dr. Vittorio Scelzo, responsable de la pastoral de las personas mayores en el Dicasterio para los Laicos, la Familia y la Vida del Vaticano.\" \/>\n<meta name=\"robots\" content=\"index, follow, max-snippet:-1, max-image-preview:large, max-video-preview:-1\" \/>\n<link rel=\"canonical\" href=\"https:\/\/www.cpl.es\/galilea\/ca\/2023\/03\/06\/vittorio-scelzo-envejecer-mirando-al-futuro\/\" \/>\n<meta property=\"og:locale\" content=\"ca_ES\" \/>\n<meta property=\"og:type\" content=\"article\" \/>\n<meta property=\"og:title\" content=\"Vittorio Scelzo: envejecer mirando al futuro - Galilea.153\" \/>\n<meta property=\"og:description\" content=\"Entrevista al Dr. Vittorio Scelzo, responsable de la pastoral de las personas mayores en el Dicasterio para los Laicos, la Familia y la Vida del Vaticano.\" \/>\n<meta property=\"og:url\" content=\"https:\/\/www.cpl.es\/galilea\/ca\/2023\/03\/06\/vittorio-scelzo-envejecer-mirando-al-futuro\/\" \/>\n<meta property=\"og:site_name\" content=\"Galilea.153\" \/>\n<meta property=\"article:publisher\" content=\"https:\/\/www.facebook.com\/CPLeditorial\" \/>\n<meta property=\"article:published_time\" content=\"2023-03-06T18:56:00+00:00\" \/>\n<meta property=\"article:modified_time\" content=\"2023-02-26T19:54:44+00:00\" \/>\n<meta property=\"og:image\" content=\"https:\/\/www.cpl.es\/galilea\/wp-content\/uploads\/2023\/02\/material-papa.jpg\" \/>\n\t<meta property=\"og:image:width\" content=\"1500\" \/>\n\t<meta property=\"og:image:height\" content=\"844\" \/>\n\t<meta property=\"og:image:type\" content=\"image\/jpeg\" \/>\n<meta name=\"author\" content=\"Redacci\u00f3n\" \/>\n<meta name=\"twitter:card\" content=\"summary_large_image\" \/>\n<meta name=\"twitter:creator\" content=\"@CPLeditorial\" \/>\n<meta name=\"twitter:site\" content=\"@CPLeditorial\" \/>\n<meta name=\"twitter:label1\" content=\"Escrit per\" \/>\n\t<meta name=\"twitter:data1\" content=\"Redacci\u00f3n\" \/>\n\t<meta name=\"twitter:label2\" content=\"Temps estimat de lectura\" \/>\n\t<meta name=\"twitter:data2\" content=\"8 minuts\" \/>\n<script type=\"application\/ld+json\" class=\"yoast-schema-graph\">{\"@context\":\"https:\/\/schema.org\",\"@graph\":[{\"@type\":\"Article\",\"@id\":\"https:\/\/www.cpl.es\/galilea\/2023\/03\/06\/vittorio-scelzo-envejecer-mirando-al-futuro\/#article\",\"isPartOf\":{\"@id\":\"https:\/\/www.cpl.es\/galilea\/2023\/03\/06\/vittorio-scelzo-envejecer-mirando-al-futuro\/\"},\"author\":{\"name\":\"Redacci\u00f3n\",\"@id\":\"https:\/\/www.cpl.es\/galilea\/#\/schema\/person\/2acf6b542dd68cf66dab8da157b62bcf\"},\"headline\":\"Vittorio Scelzo: envejecer mirando al futuro\",\"datePublished\":\"2023-03-06T18:56:00+00:00\",\"dateModified\":\"2023-02-26T19:54:44+00:00\",\"mainEntityOfPage\":{\"@id\":\"https:\/\/www.cpl.es\/galilea\/2023\/03\/06\/vittorio-scelzo-envejecer-mirando-al-futuro\/\"},\"wordCount\":1790,\"publisher\":{\"@id\":\"https:\/\/www.cpl.es\/galilea\/#organization\"},\"image\":{\"@id\":\"https:\/\/www.cpl.es\/galilea\/2023\/03\/06\/vittorio-scelzo-envejecer-mirando-al-futuro\/#primaryimage\"},\"thumbnailUrl\":\"https:\/\/www.cpl.es\/galilea\/wp-content\/uploads\/2023\/02\/material-papa.jpg\",\"keywords\":[\"Jornada Mundial de los Abuelos\",\"Papa Francisco\",\"personas mayores\",\"transmitir la fe\",\"vejez\"],\"articleSection\":[\"Dialoguemos\"],\"inLanguage\":\"ca\"},{\"@type\":\"WebPage\",\"@id\":\"https:\/\/www.cpl.es\/galilea\/2023\/03\/06\/vittorio-scelzo-envejecer-mirando-al-futuro\/\",\"url\":\"https:\/\/www.cpl.es\/galilea\/2023\/03\/06\/vittorio-scelzo-envejecer-mirando-al-futuro\/\",\"name\":\"Vittorio Scelzo: envejecer mirando al futuro - Galilea.153\",\"isPartOf\":{\"@id\":\"https:\/\/www.cpl.es\/galilea\/#website\"},\"primaryImageOfPage\":{\"@id\":\"https:\/\/www.cpl.es\/galilea\/2023\/03\/06\/vittorio-scelzo-envejecer-mirando-al-futuro\/#primaryimage\"},\"image\":{\"@id\":\"https:\/\/www.cpl.es\/galilea\/2023\/03\/06\/vittorio-scelzo-envejecer-mirando-al-futuro\/#primaryimage\"},\"thumbnailUrl\":\"https:\/\/www.cpl.es\/galilea\/wp-content\/uploads\/2023\/02\/material-papa.jpg\",\"datePublished\":\"2023-03-06T18:56:00+00:00\",\"dateModified\":\"2023-02-26T19:54:44+00:00\",\"description\":\"Entrevista al Dr. Vittorio Scelzo, responsable de la pastoral de las personas mayores en el Dicasterio para los Laicos, la Familia y la Vida del Vaticano.\",\"breadcrumb\":{\"@id\":\"https:\/\/www.cpl.es\/galilea\/2023\/03\/06\/vittorio-scelzo-envejecer-mirando-al-futuro\/#breadcrumb\"},\"inLanguage\":\"ca\",\"potentialAction\":[{\"@type\":\"ReadAction\",\"target\":[\"https:\/\/www.cpl.es\/galilea\/2023\/03\/06\/vittorio-scelzo-envejecer-mirando-al-futuro\/\"]}]},{\"@type\":\"ImageObject\",\"inLanguage\":\"ca\",\"@id\":\"https:\/\/www.cpl.es\/galilea\/2023\/03\/06\/vittorio-scelzo-envejecer-mirando-al-futuro\/#primaryimage\",\"url\":\"https:\/\/www.cpl.es\/galilea\/wp-content\/uploads\/2023\/02\/material-papa.jpg\",\"contentUrl\":\"https:\/\/www.cpl.es\/galilea\/wp-content\/uploads\/2023\/02\/material-papa.jpg\",\"width\":1500,\"height\":844},{\"@type\":\"BreadcrumbList\",\"@id\":\"https:\/\/www.cpl.es\/galilea\/2023\/03\/06\/vittorio-scelzo-envejecer-mirando-al-futuro\/#breadcrumb\",\"itemListElement\":[{\"@type\":\"ListItem\",\"position\":1,\"name\":\"Home\",\"item\":\"https:\/\/www.cpl.es\/galilea\/\"},{\"@type\":\"ListItem\",\"position\":2,\"name\":\"Vittorio Scelzo: envejecer mirando al futuro\"}]},{\"@type\":\"WebSite\",\"@id\":\"https:\/\/www.cpl.es\/galilea\/#website\",\"url\":\"https:\/\/www.cpl.es\/galilea\/\",\"name\":\"Galilea.153\",\"description\":\"Liturgia, pastoral, vida cristiana\",\"publisher\":{\"@id\":\"https:\/\/www.cpl.es\/galilea\/#organization\"},\"potentialAction\":[{\"@type\":\"SearchAction\",\"target\":{\"@type\":\"EntryPoint\",\"urlTemplate\":\"https:\/\/www.cpl.es\/galilea\/?s={search_term_string}\"},\"query-input\":{\"@type\":\"PropertyValueSpecification\",\"valueRequired\":true,\"valueName\":\"search_term_string\"}}],\"inLanguage\":\"ca\"},{\"@type\":\"Organization\",\"@id\":\"https:\/\/www.cpl.es\/galilea\/#organization\",\"name\":\"Centre de Pastoral Lit\u00fargica\",\"url\":\"https:\/\/www.cpl.es\/galilea\/\",\"logo\":{\"@type\":\"ImageObject\",\"inLanguage\":\"ca\",\"@id\":\"https:\/\/www.cpl.es\/galilea\/#\/schema\/logo\/image\/\",\"url\":\"https:\/\/i0.wp.com\/ivory-newt-719188.hostingersite.com\/wp-content\/uploads\/2022\/10\/perfil-xarxes-400x400-1.jpg?fit=400%2C400&ssl=1\",\"contentUrl\":\"https:\/\/i0.wp.com\/ivory-newt-719188.hostingersite.com\/wp-content\/uploads\/2022\/10\/perfil-xarxes-400x400-1.jpg?fit=400%2C400&ssl=1\",\"width\":400,\"height\":400,\"caption\":\"Centre de Pastoral Lit\u00fargica\"},\"image\":{\"@id\":\"https:\/\/www.cpl.es\/galilea\/#\/schema\/logo\/image\/\"},\"sameAs\":[\"https:\/\/www.facebook.com\/CPLeditorial\",\"https:\/\/x.com\/CPLeditorial\",\"https:\/\/www.instagram.com\/cpleditorial\/\",\"https:\/\/www.youtube.com\/c\/CentredePastoralLitrgicaCPL\"]},{\"@type\":\"Person\",\"@id\":\"https:\/\/www.cpl.es\/galilea\/#\/schema\/person\/2acf6b542dd68cf66dab8da157b62bcf\",\"name\":\"Redacci\u00f3n\",\"image\":{\"@type\":\"ImageObject\",\"inLanguage\":\"ca\",\"@id\":\"https:\/\/www.cpl.es\/galilea\/#\/schema\/person\/image\/\",\"url\":\"https:\/\/secure.gravatar.com\/avatar\/a7d8eb81e61989a1685882d33a1b4116?s=96&d=mm&r=g\",\"contentUrl\":\"https:\/\/secure.gravatar.com\/avatar\/a7d8eb81e61989a1685882d33a1b4116?s=96&d=mm&r=g\",\"caption\":\"Redacci\u00f3n\"},\"url\":\"https:\/\/www.cpl.es\/galilea\/ca\/author\/pastoral_wp\/\"}]}<\/script>\n<!-- \/ Yoast SEO plugin. -->","yoast_head_json":{"title":"Vittorio Scelzo: envejecer mirando al futuro - Galilea.153","description":"Entrevista al Dr. Vittorio Scelzo, responsable de la pastoral de las personas mayores en el Dicasterio para los Laicos, la Familia y la Vida del Vaticano.","robots":{"index":"index","follow":"follow","max-snippet":"max-snippet:-1","max-image-preview":"max-image-preview:large","max-video-preview":"max-video-preview:-1"},"canonical":"https:\/\/www.cpl.es\/galilea\/ca\/2023\/03\/06\/vittorio-scelzo-envejecer-mirando-al-futuro\/","og_locale":"ca_ES","og_type":"article","og_title":"Vittorio Scelzo: envejecer mirando al futuro - Galilea.153","og_description":"Entrevista al Dr. Vittorio Scelzo, responsable de la pastoral de las personas mayores en el Dicasterio para los Laicos, la Familia y la Vida del Vaticano.","og_url":"https:\/\/www.cpl.es\/galilea\/ca\/2023\/03\/06\/vittorio-scelzo-envejecer-mirando-al-futuro\/","og_site_name":"Galilea.153","article_publisher":"https:\/\/www.facebook.com\/CPLeditorial","article_published_time":"2023-03-06T18:56:00+00:00","article_modified_time":"2023-02-26T19:54:44+00:00","og_image":[{"width":1500,"height":844,"url":"https:\/\/www.cpl.es\/galilea\/wp-content\/uploads\/2023\/02\/material-papa.jpg","type":"image\/jpeg"}],"author":"Redacci\u00f3n","twitter_card":"summary_large_image","twitter_creator":"@CPLeditorial","twitter_site":"@CPLeditorial","twitter_misc":{"Escrit per":"Redacci\u00f3n","Temps estimat de lectura":"8 minuts"},"schema":{"@context":"https:\/\/schema.org","@graph":[{"@type":"Article","@id":"https:\/\/www.cpl.es\/galilea\/2023\/03\/06\/vittorio-scelzo-envejecer-mirando-al-futuro\/#article","isPartOf":{"@id":"https:\/\/www.cpl.es\/galilea\/2023\/03\/06\/vittorio-scelzo-envejecer-mirando-al-futuro\/"},"author":{"name":"Redacci\u00f3n","@id":"https:\/\/www.cpl.es\/galilea\/#\/schema\/person\/2acf6b542dd68cf66dab8da157b62bcf"},"headline":"Vittorio Scelzo: envejecer mirando al futuro","datePublished":"2023-03-06T18:56:00+00:00","dateModified":"2023-02-26T19:54:44+00:00","mainEntityOfPage":{"@id":"https:\/\/www.cpl.es\/galilea\/2023\/03\/06\/vittorio-scelzo-envejecer-mirando-al-futuro\/"},"wordCount":1790,"publisher":{"@id":"https:\/\/www.cpl.es\/galilea\/#organization"},"image":{"@id":"https:\/\/www.cpl.es\/galilea\/2023\/03\/06\/vittorio-scelzo-envejecer-mirando-al-futuro\/#primaryimage"},"thumbnailUrl":"https:\/\/www.cpl.es\/galilea\/wp-content\/uploads\/2023\/02\/material-papa.jpg","keywords":["Jornada Mundial de los Abuelos","Papa Francisco","personas mayores","transmitir la fe","vejez"],"articleSection":["Dialoguemos"],"inLanguage":"ca"},{"@type":"WebPage","@id":"https:\/\/www.cpl.es\/galilea\/2023\/03\/06\/vittorio-scelzo-envejecer-mirando-al-futuro\/","url":"https:\/\/www.cpl.es\/galilea\/2023\/03\/06\/vittorio-scelzo-envejecer-mirando-al-futuro\/","name":"Vittorio Scelzo: envejecer mirando al futuro - Galilea.153","isPartOf":{"@id":"https:\/\/www.cpl.es\/galilea\/#website"},"primaryImageOfPage":{"@id":"https:\/\/www.cpl.es\/galilea\/2023\/03\/06\/vittorio-scelzo-envejecer-mirando-al-futuro\/#primaryimage"},"image":{"@id":"https:\/\/www.cpl.es\/galilea\/2023\/03\/06\/vittorio-scelzo-envejecer-mirando-al-futuro\/#primaryimage"},"thumbnailUrl":"https:\/\/www.cpl.es\/galilea\/wp-content\/uploads\/2023\/02\/material-papa.jpg","datePublished":"2023-03-06T18:56:00+00:00","dateModified":"2023-02-26T19:54:44+00:00","description":"Entrevista al Dr. Vittorio Scelzo, responsable de la pastoral de las personas mayores en el Dicasterio para los Laicos, la Familia y la Vida del Vaticano.","breadcrumb":{"@id":"https:\/\/www.cpl.es\/galilea\/2023\/03\/06\/vittorio-scelzo-envejecer-mirando-al-futuro\/#breadcrumb"},"inLanguage":"ca","potentialAction":[{"@type":"ReadAction","target":["https:\/\/www.cpl.es\/galilea\/2023\/03\/06\/vittorio-scelzo-envejecer-mirando-al-futuro\/"]}]},{"@type":"ImageObject","inLanguage":"ca","@id":"https:\/\/www.cpl.es\/galilea\/2023\/03\/06\/vittorio-scelzo-envejecer-mirando-al-futuro\/#primaryimage","url":"https:\/\/www.cpl.es\/galilea\/wp-content\/uploads\/2023\/02\/material-papa.jpg","contentUrl":"https:\/\/www.cpl.es\/galilea\/wp-content\/uploads\/2023\/02\/material-papa.jpg","width":1500,"height":844},{"@type":"BreadcrumbList","@id":"https:\/\/www.cpl.es\/galilea\/2023\/03\/06\/vittorio-scelzo-envejecer-mirando-al-futuro\/#breadcrumb","itemListElement":[{"@type":"ListItem","position":1,"name":"Home","item":"https:\/\/www.cpl.es\/galilea\/"},{"@type":"ListItem","position":2,"name":"Vittorio Scelzo: envejecer mirando al futuro"}]},{"@type":"WebSite","@id":"https:\/\/www.cpl.es\/galilea\/#website","url":"https:\/\/www.cpl.es\/galilea\/","name":"Galilea.153","description":"Liturgia, pastoral, vida cristiana","publisher":{"@id":"https:\/\/www.cpl.es\/galilea\/#organization"},"potentialAction":[{"@type":"SearchAction","target":{"@type":"EntryPoint","urlTemplate":"https:\/\/www.cpl.es\/galilea\/?s={search_term_string}"},"query-input":{"@type":"PropertyValueSpecification","valueRequired":true,"valueName":"search_term_string"}}],"inLanguage":"ca"},{"@type":"Organization","@id":"https:\/\/www.cpl.es\/galilea\/#organization","name":"Centre de Pastoral Lit\u00fargica","url":"https:\/\/www.cpl.es\/galilea\/","logo":{"@type":"ImageObject","inLanguage":"ca","@id":"https:\/\/www.cpl.es\/galilea\/#\/schema\/logo\/image\/","url":"https:\/\/i0.wp.com\/ivory-newt-719188.hostingersite.com\/wp-content\/uploads\/2022\/10\/perfil-xarxes-400x400-1.jpg?fit=400%2C400&ssl=1","contentUrl":"https:\/\/i0.wp.com\/ivory-newt-719188.hostingersite.com\/wp-content\/uploads\/2022\/10\/perfil-xarxes-400x400-1.jpg?fit=400%2C400&ssl=1","width":400,"height":400,"caption":"Centre de Pastoral Lit\u00fargica"},"image":{"@id":"https:\/\/www.cpl.es\/galilea\/#\/schema\/logo\/image\/"},"sameAs":["https:\/\/www.facebook.com\/CPLeditorial","https:\/\/x.com\/CPLeditorial","https:\/\/www.instagram.com\/cpleditorial\/","https:\/\/www.youtube.com\/c\/CentredePastoralLitrgicaCPL"]},{"@type":"Person","@id":"https:\/\/www.cpl.es\/galilea\/#\/schema\/person\/2acf6b542dd68cf66dab8da157b62bcf","name":"Redacci\u00f3n","image":{"@type":"ImageObject","inLanguage":"ca","@id":"https:\/\/www.cpl.es\/galilea\/#\/schema\/person\/image\/","url":"https:\/\/secure.gravatar.com\/avatar\/a7d8eb81e61989a1685882d33a1b4116?s=96&d=mm&r=g","contentUrl":"https:\/\/secure.gravatar.com\/avatar\/a7d8eb81e61989a1685882d33a1b4116?s=96&d=mm&r=g","caption":"Redacci\u00f3n"},"url":"https:\/\/www.cpl.es\/galilea\/ca\/author\/pastoral_wp\/"}]}},"_links":{"self":[{"href":"https:\/\/www.cpl.es\/galilea\/ca\/wp-json\/wp\/v2\/posts\/2463"}],"collection":[{"href":"https:\/\/www.cpl.es\/galilea\/ca\/wp-json\/wp\/v2\/posts"}],"about":[{"href":"https:\/\/www.cpl.es\/galilea\/ca\/wp-json\/wp\/v2\/types\/post"}],"author":[{"embeddable":true,"href":"https:\/\/www.cpl.es\/galilea\/ca\/wp-json\/wp\/v2\/users\/1"}],"replies":[{"embeddable":true,"href":"https:\/\/www.cpl.es\/galilea\/ca\/wp-json\/wp\/v2\/comments?post=2463"}],"version-history":[{"count":6,"href":"https:\/\/www.cpl.es\/galilea\/ca\/wp-json\/wp\/v2\/posts\/2463\/revisions"}],"predecessor-version":[{"id":2473,"href":"https:\/\/www.cpl.es\/galilea\/ca\/wp-json\/wp\/v2\/posts\/2463\/revisions\/2473"}],"wp:featuredmedia":[{"embeddable":true,"href":"https:\/\/www.cpl.es\/galilea\/ca\/wp-json\/wp\/v2\/media\/2464"}],"wp:attachment":[{"href":"https:\/\/www.cpl.es\/galilea\/ca\/wp-json\/wp\/v2\/media?parent=2463"}],"wp:term":[{"taxonomy":"category","embeddable":true,"href":"https:\/\/www.cpl.es\/galilea\/ca\/wp-json\/wp\/v2\/categories?post=2463"},{"taxonomy":"post_tag","embeddable":true,"href":"https:\/\/www.cpl.es\/galilea\/ca\/wp-json\/wp\/v2\/tags?post=2463"}],"curies":[{"name":"wp","href":"https:\/\/api.w.org\/{rel}","templated":true}]}}