{"id":1760,"date":"2021-06-07T17:00:00","date_gmt":"2021-06-07T15:00:00","guid":{"rendered":"http:\/\/ivory-newt-719188.hostingersite.com\/?p=1760"},"modified":"2021-06-03T19:24:25","modified_gmt":"2021-06-03T17:24:25","slug":"ministerios-laicales","status":"publish","type":"post","link":"https:\/\/www.cpl.es\/galilea\/ca\/2021\/06\/07\/ministerios-laicales\/","title":{"rendered":"\u00bfQuins s\u00f3n els ministeris laicals?"},"content":{"rendered":"<p class=\"has-text-color\" style=\"color:#0071a1\">Paula Depalma, doctora en teologia i professora.<\/p>\n\n\n\n<p>La vida cristiana es podria definir com a heterog\u00e8nia, acolorida i fecunda tant en l\u2019\u00e0mbit intra eclesial com en el camp m\u00e9s secular. M\u00e9s enll\u00e0 d\u2019aquesta activitat incalculable, el Codi de Dret Can\u00f2nic (CIC) estableix expl\u00edcitament alguns drets i obligacions dels laics i especifica diversos ministeris que aquests han de desenvolupar. Amb aquesta determinaci\u00f3 can\u00f2nica, la vida de les comunitats tamb\u00e9 ha anat gestant diferents serveis que s\u2019estan realitzant actualment. <em><a href=\"https:\/\/www.vatican.va\/archive\/cod-iuris-canonici\/cic_index_sp.html\">C\u00f3digo de Derecho Can\u00f3nico<\/a><\/em> (CIC) establece expl\u00edcitamente algunos derechos y obligaciones de los laicos y especifica varios ministerios que estos han de desarrollar. Junto a esta determinaci\u00f3n can\u00f3nica, la vida de las comunidades tambi\u00e9n ha ido gestando diferentes servicios que actualmente se est\u00e1n realizando.<\/p>\n\n\n\n<!--more-->\n\n\n\n<h4 class=\"wp-block-heading\">Algunos ministerios lit\u00fargicos instituidos<\/h4>\n\n\n\n<p>Seg\u00fan el CIC tenemos tres grandes distinciones en relaci\u00f3n a los servicios y ministerios lit\u00fargicos que son:<\/p>\n\n\n\n<ul class=\"wp-block-list\"><li><em>Los<\/em> <em>ministerios ordenados<\/em>: Se trata de obispos, sacerdotes y di\u00e1conos que presiden y moderan la acci\u00f3n lit\u00fargica. Este es el \u00e1mbito definido para los cl\u00e9rigos. El rito que lo establece es la ordenaci\u00f3n.<\/li><li><em>Los ministerios instituidos de modo estable<\/em>: Son los lectores y ac\u00f3litos. Mediante un rito, este ministerio est\u00e1 previsto para laicos y laicas y pretende darles estabilidad y visibilidad dentro de la comunidad.<\/li><li><em>Los servicios y ministerios no instituidos<\/em>: Se desempe\u00f1an de forma estable u ocasional y la concreci\u00f3n es diferente en cada di\u00f3cesis. Los candidatos deben cumplir los requisitos establecidos por la di\u00f3cesis.<\/li><\/ul>\n\n\n\n<h4 class=\"wp-block-heading\">Muchas funciones y tareas como cristianos<\/h4>\n\n\n\n<p>Entre las muchas tareas que se se\u00f1alan en el CIC 227 y 228 encontramos la del apostolado, la de las transformaciones en el campo secular, los oficios eclesi\u00e1sticos y la ense\u00f1anza. Se trata de un apostolado individual o asociado que incluye entre las funciones el perfeccionamiento del orden temporal a trav\u00e9s de ejercicio participativo de la ciudadan\u00eda y de las funciones familiares, los oficios eclesi\u00e1sticos, las funciones como peritos y consejeros y la tarea de proclamar, conocer y ense\u00f1ar la doctrina cristiana.<\/p>\n\n\n\n<h4 class=\"wp-block-heading\">Ministerios no instituidos o de colaboraci\u00f3n<\/h4>\n\n\n\n<p>Junto a esta descripci\u00f3n del CIC, en muchas comunidades y di\u00f3cesis se est\u00e1n desarrollando diferentes ministerios y servicios que muchas veces se agrupan en tres \u00e1mbitos:<\/p>\n\n\n\n<ul class=\"wp-block-list\"><li><em>El campo secular<\/em>: se incluyen ministerios como el de animador del compromiso secular y el de pastoral de la familia.<\/li><li><em>El \u00e1mbito de la acci\u00f3n lit\u00fargica<\/em>: se encuentran los dos ministerios instituidos del ac\u00f3lito y lector, y los no instituidos que pueden ser animador de la celebraci\u00f3n o ministerio extraordinario de la comuni\u00f3n, que son los m\u00e1s extendidos, junto a los otros que hemos se\u00f1alado que describe el CIC.<\/li><li><em>El \u00e1mbito de la acci\u00f3n prof\u00e9tica<\/em>: los m\u00e1s desarrollados son la \u00ablectura creyente\u00bb de la Palabra de Dios, la catequesis, la acci\u00f3n caritativo-social, el ministerio laical en el servicio a los pobres, el servicio a los enfermos, entre otros.<\/li><\/ul>\n\n\n\n<h4 class=\"wp-block-heading\">Hacia una Iglesia ministerial<\/h4>\n\n\n\n<p>Los ministerios laicales, en este tiempo en que la Iglesia se comprende a s\u00ed misma desde modelos y categor\u00edas transformadas por el Concilio Vaticano  II, recuperan su importancia radical. Una Iglesia en la que los laicos ya participan de modo adulto tanto en la toma de decisiones como en las diferentes acciones de la Iglesia ha llevado a una revisi\u00f3n de la comprensi\u00f3n y la representatividad de sus miembros en los distintos ministerios. Esta revisi\u00f3n, junto con una profundizaci\u00f3n en los modelos de Iglesia sinodal, trae muchos desaf\u00edos a la praxis, a la reflexi\u00f3n y a la configuraci\u00f3n de los ministerios en manos de los creyentes.<\/p>","protected":false},"excerpt":{"rendered":"<p>Els ministeris laicals recuperen la seva import\u00e0ncia radical a l\u2019Esgl\u00e9sia.<\/p>","protected":false},"author":1,"featured_media":1761,"comment_status":"closed","ping_status":"closed","sticky":false,"template":"","format":"standard","meta":{"footnotes":""},"categories":[20],"tags":[261,265,262,93,263],"class_list":["post-1760","post","type-post","status-publish","format-standard","has-post-thumbnail","hentry","category-entre-tods","tag-cic","tag-iglesia-sinodal","tag-ministerios-laicales","tag-paula-depalma","tag-pueblo-de-dios"],"yoast_head":"<!-- This site is optimized with the Yoast SEO plugin v23.5 - https:\/\/yoast.com\/wordpress\/plugins\/seo\/ -->\n<title>\u00bfCu\u00e1les son los ministerios laicales? - Galilea.153<\/title>\n<meta name=\"description\" content=\"Paula Depalma nos presenta las tres grandes distinciones en relaci\u00f3n a los servicios y ministerios lit\u00fargicos que constan en el &quot;C\u00f3digo de Derecho Can\u00f3nico&quot;.\" \/>\n<meta name=\"robots\" content=\"index, follow, max-snippet:-1, max-image-preview:large, max-video-preview:-1\" \/>\n<link rel=\"canonical\" href=\"https:\/\/www.cpl.es\/galilea\/ca\/2021\/06\/07\/ministerios-laicales\/\" \/>\n<meta property=\"og:locale\" content=\"ca_ES\" \/>\n<meta property=\"og:type\" content=\"article\" \/>\n<meta property=\"og:title\" content=\"\u00bfCu\u00e1les son los ministerios laicales? - Galilea.153\" \/>\n<meta property=\"og:description\" content=\"Paula Depalma nos presenta las tres grandes distinciones en relaci\u00f3n a los servicios y ministerios lit\u00fargicos que constan en el &quot;C\u00f3digo de Derecho Can\u00f3nico&quot;.\" \/>\n<meta property=\"og:url\" content=\"https:\/\/www.cpl.es\/galilea\/ca\/2021\/06\/07\/ministerios-laicales\/\" \/>\n<meta property=\"og:site_name\" content=\"Galilea.153\" \/>\n<meta property=\"article:publisher\" content=\"https:\/\/www.facebook.com\/CPLeditorial\" \/>\n<meta property=\"article:published_time\" content=\"2021-06-07T15:00:00+00:00\" \/>\n<meta property=\"article:modified_time\" content=\"2021-06-03T17:24:25+00:00\" \/>\n<meta property=\"og:image\" content=\"https:\/\/www.cpl.es\/galilea\/wp-content\/uploads\/2021\/06\/Ministerio-laical-scaled.jpg\" \/>\n\t<meta property=\"og:image:width\" content=\"2560\" \/>\n\t<meta property=\"og:image:height\" content=\"1440\" \/>\n\t<meta property=\"og:image:type\" content=\"image\/jpeg\" \/>\n<meta name=\"author\" content=\"Redacci\u00f3n\" \/>\n<meta name=\"twitter:card\" content=\"summary_large_image\" \/>\n<meta name=\"twitter:creator\" content=\"@CPLeditorial\" \/>\n<meta name=\"twitter:site\" content=\"@CPLeditorial\" \/>\n<meta name=\"twitter:label1\" content=\"Escrit per\" \/>\n\t<meta name=\"twitter:data1\" content=\"Redacci\u00f3n\" \/>\n\t<meta name=\"twitter:label2\" content=\"Temps estimat de lectura\" \/>\n\t<meta name=\"twitter:data2\" content=\"3 minuts\" \/>\n<script type=\"application\/ld+json\" class=\"yoast-schema-graph\">{\"@context\":\"https:\/\/schema.org\",\"@graph\":[{\"@type\":\"Article\",\"@id\":\"https:\/\/www.cpl.es\/galilea\/2021\/06\/07\/ministerios-laicales\/#article\",\"isPartOf\":{\"@id\":\"https:\/\/www.cpl.es\/galilea\/2021\/06\/07\/ministerios-laicales\/\"},\"author\":{\"name\":\"Redacci\u00f3n\",\"@id\":\"https:\/\/www.cpl.es\/galilea\/#\/schema\/person\/2acf6b542dd68cf66dab8da157b62bcf\"},\"headline\":\"\u00bfCu\u00e1les son los ministerios laicales?\",\"datePublished\":\"2021-06-07T15:00:00+00:00\",\"dateModified\":\"2021-06-03T17:24:25+00:00\",\"mainEntityOfPage\":{\"@id\":\"https:\/\/www.cpl.es\/galilea\/2021\/06\/07\/ministerios-laicales\/\"},\"wordCount\":594,\"publisher\":{\"@id\":\"https:\/\/www.cpl.es\/galilea\/#organization\"},\"image\":{\"@id\":\"https:\/\/www.cpl.es\/galilea\/2021\/06\/07\/ministerios-laicales\/#primaryimage\"},\"thumbnailUrl\":\"https:\/\/www.cpl.es\/galilea\/wp-content\/uploads\/2021\/06\/Ministerio-laical-scaled.jpg\",\"keywords\":[\"CIC\",\"Iglesia sinodal\",\"ministerios laicales\",\"Paula Depalma\",\"Pueblo de Dios\"],\"articleSection\":[\"Entre tod@s\"],\"inLanguage\":\"ca\"},{\"@type\":\"WebPage\",\"@id\":\"https:\/\/www.cpl.es\/galilea\/2021\/06\/07\/ministerios-laicales\/\",\"url\":\"https:\/\/www.cpl.es\/galilea\/2021\/06\/07\/ministerios-laicales\/\",\"name\":\"\u00bfCu\u00e1les son los ministerios laicales? - Galilea.153\",\"isPartOf\":{\"@id\":\"https:\/\/www.cpl.es\/galilea\/#website\"},\"primaryImageOfPage\":{\"@id\":\"https:\/\/www.cpl.es\/galilea\/2021\/06\/07\/ministerios-laicales\/#primaryimage\"},\"image\":{\"@id\":\"https:\/\/www.cpl.es\/galilea\/2021\/06\/07\/ministerios-laicales\/#primaryimage\"},\"thumbnailUrl\":\"https:\/\/www.cpl.es\/galilea\/wp-content\/uploads\/2021\/06\/Ministerio-laical-scaled.jpg\",\"datePublished\":\"2021-06-07T15:00:00+00:00\",\"dateModified\":\"2021-06-03T17:24:25+00:00\",\"description\":\"Paula Depalma nos presenta las tres grandes distinciones en relaci\u00f3n a los servicios y ministerios lit\u00fargicos que constan en el \\\"C\u00f3digo de Derecho Can\u00f3nico\\\".\",\"breadcrumb\":{\"@id\":\"https:\/\/www.cpl.es\/galilea\/2021\/06\/07\/ministerios-laicales\/#breadcrumb\"},\"inLanguage\":\"ca\",\"potentialAction\":[{\"@type\":\"ReadAction\",\"target\":[\"https:\/\/www.cpl.es\/galilea\/2021\/06\/07\/ministerios-laicales\/\"]}]},{\"@type\":\"ImageObject\",\"inLanguage\":\"ca\",\"@id\":\"https:\/\/www.cpl.es\/galilea\/2021\/06\/07\/ministerios-laicales\/#primaryimage\",\"url\":\"https:\/\/www.cpl.es\/galilea\/wp-content\/uploads\/2021\/06\/Ministerio-laical-scaled.jpg\",\"contentUrl\":\"https:\/\/www.cpl.es\/galilea\/wp-content\/uploads\/2021\/06\/Ministerio-laical-scaled.jpg\",\"width\":2560,\"height\":1440,\"caption\":\"Foto: cathopic.com\"},{\"@type\":\"BreadcrumbList\",\"@id\":\"https:\/\/www.cpl.es\/galilea\/2021\/06\/07\/ministerios-laicales\/#breadcrumb\",\"itemListElement\":[{\"@type\":\"ListItem\",\"position\":1,\"name\":\"Home\",\"item\":\"https:\/\/www.cpl.es\/galilea\/\"},{\"@type\":\"ListItem\",\"position\":2,\"name\":\"\u00bfCu\u00e1les son los ministerios laicales?\"}]},{\"@type\":\"WebSite\",\"@id\":\"https:\/\/www.cpl.es\/galilea\/#website\",\"url\":\"https:\/\/www.cpl.es\/galilea\/\",\"name\":\"Galilea.153\",\"description\":\"Liturgia, pastoral, vida cristiana\",\"publisher\":{\"@id\":\"https:\/\/www.cpl.es\/galilea\/#organization\"},\"potentialAction\":[{\"@type\":\"SearchAction\",\"target\":{\"@type\":\"EntryPoint\",\"urlTemplate\":\"https:\/\/www.cpl.es\/galilea\/?s={search_term_string}\"},\"query-input\":{\"@type\":\"PropertyValueSpecification\",\"valueRequired\":true,\"valueName\":\"search_term_string\"}}],\"inLanguage\":\"ca\"},{\"@type\":\"Organization\",\"@id\":\"https:\/\/www.cpl.es\/galilea\/#organization\",\"name\":\"Centre de Pastoral Lit\u00fargica\",\"url\":\"https:\/\/www.cpl.es\/galilea\/\",\"logo\":{\"@type\":\"ImageObject\",\"inLanguage\":\"ca\",\"@id\":\"https:\/\/www.cpl.es\/galilea\/#\/schema\/logo\/image\/\",\"url\":\"https:\/\/i0.wp.com\/ivory-newt-719188.hostingersite.com\/wp-content\/uploads\/2022\/10\/perfil-xarxes-400x400-1.jpg?fit=400%2C400&ssl=1\",\"contentUrl\":\"https:\/\/i0.wp.com\/ivory-newt-719188.hostingersite.com\/wp-content\/uploads\/2022\/10\/perfil-xarxes-400x400-1.jpg?fit=400%2C400&ssl=1\",\"width\":400,\"height\":400,\"caption\":\"Centre de Pastoral Lit\u00fargica\"},\"image\":{\"@id\":\"https:\/\/www.cpl.es\/galilea\/#\/schema\/logo\/image\/\"},\"sameAs\":[\"https:\/\/www.facebook.com\/CPLeditorial\",\"https:\/\/x.com\/CPLeditorial\",\"https:\/\/www.instagram.com\/cpleditorial\/\",\"https:\/\/www.youtube.com\/c\/CentredePastoralLitrgicaCPL\"]},{\"@type\":\"Person\",\"@id\":\"https:\/\/www.cpl.es\/galilea\/#\/schema\/person\/2acf6b542dd68cf66dab8da157b62bcf\",\"name\":\"Redacci\u00f3n\",\"image\":{\"@type\":\"ImageObject\",\"inLanguage\":\"ca\",\"@id\":\"https:\/\/www.cpl.es\/galilea\/#\/schema\/person\/image\/\",\"url\":\"https:\/\/secure.gravatar.com\/avatar\/a7d8eb81e61989a1685882d33a1b4116?s=96&d=mm&r=g\",\"contentUrl\":\"https:\/\/secure.gravatar.com\/avatar\/a7d8eb81e61989a1685882d33a1b4116?s=96&d=mm&r=g\",\"caption\":\"Redacci\u00f3n\"},\"url\":\"https:\/\/www.cpl.es\/galilea\/ca\/author\/pastoral_wp\/\"}]}<\/script>\n<!-- \/ Yoast SEO plugin. -->","yoast_head_json":{"title":"\u00bfCu\u00e1les son los ministerios laicales? - Galilea.153","description":"Paula Depalma nos presenta las tres grandes distinciones en relaci\u00f3n a los servicios y ministerios lit\u00fargicos que constan en el \"C\u00f3digo de Derecho Can\u00f3nico\".","robots":{"index":"index","follow":"follow","max-snippet":"max-snippet:-1","max-image-preview":"max-image-preview:large","max-video-preview":"max-video-preview:-1"},"canonical":"https:\/\/www.cpl.es\/galilea\/ca\/2021\/06\/07\/ministerios-laicales\/","og_locale":"ca_ES","og_type":"article","og_title":"\u00bfCu\u00e1les son los ministerios laicales? - Galilea.153","og_description":"Paula Depalma nos presenta las tres grandes distinciones en relaci\u00f3n a los servicios y ministerios lit\u00fargicos que constan en el \"C\u00f3digo de Derecho Can\u00f3nico\".","og_url":"https:\/\/www.cpl.es\/galilea\/ca\/2021\/06\/07\/ministerios-laicales\/","og_site_name":"Galilea.153","article_publisher":"https:\/\/www.facebook.com\/CPLeditorial","article_published_time":"2021-06-07T15:00:00+00:00","article_modified_time":"2021-06-03T17:24:25+00:00","og_image":[{"width":2560,"height":1440,"url":"https:\/\/www.cpl.es\/galilea\/wp-content\/uploads\/2021\/06\/Ministerio-laical-scaled.jpg","type":"image\/jpeg"}],"author":"Redacci\u00f3n","twitter_card":"summary_large_image","twitter_creator":"@CPLeditorial","twitter_site":"@CPLeditorial","twitter_misc":{"Escrit per":"Redacci\u00f3n","Temps estimat de lectura":"3 minuts"},"schema":{"@context":"https:\/\/schema.org","@graph":[{"@type":"Article","@id":"https:\/\/www.cpl.es\/galilea\/2021\/06\/07\/ministerios-laicales\/#article","isPartOf":{"@id":"https:\/\/www.cpl.es\/galilea\/2021\/06\/07\/ministerios-laicales\/"},"author":{"name":"Redacci\u00f3n","@id":"https:\/\/www.cpl.es\/galilea\/#\/schema\/person\/2acf6b542dd68cf66dab8da157b62bcf"},"headline":"\u00bfCu\u00e1les son los ministerios laicales?","datePublished":"2021-06-07T15:00:00+00:00","dateModified":"2021-06-03T17:24:25+00:00","mainEntityOfPage":{"@id":"https:\/\/www.cpl.es\/galilea\/2021\/06\/07\/ministerios-laicales\/"},"wordCount":594,"publisher":{"@id":"https:\/\/www.cpl.es\/galilea\/#organization"},"image":{"@id":"https:\/\/www.cpl.es\/galilea\/2021\/06\/07\/ministerios-laicales\/#primaryimage"},"thumbnailUrl":"https:\/\/www.cpl.es\/galilea\/wp-content\/uploads\/2021\/06\/Ministerio-laical-scaled.jpg","keywords":["CIC","Iglesia sinodal","ministerios laicales","Paula Depalma","Pueblo de Dios"],"articleSection":["Entre tod@s"],"inLanguage":"ca"},{"@type":"WebPage","@id":"https:\/\/www.cpl.es\/galilea\/2021\/06\/07\/ministerios-laicales\/","url":"https:\/\/www.cpl.es\/galilea\/2021\/06\/07\/ministerios-laicales\/","name":"\u00bfCu\u00e1les son los ministerios laicales? - Galilea.153","isPartOf":{"@id":"https:\/\/www.cpl.es\/galilea\/#website"},"primaryImageOfPage":{"@id":"https:\/\/www.cpl.es\/galilea\/2021\/06\/07\/ministerios-laicales\/#primaryimage"},"image":{"@id":"https:\/\/www.cpl.es\/galilea\/2021\/06\/07\/ministerios-laicales\/#primaryimage"},"thumbnailUrl":"https:\/\/www.cpl.es\/galilea\/wp-content\/uploads\/2021\/06\/Ministerio-laical-scaled.jpg","datePublished":"2021-06-07T15:00:00+00:00","dateModified":"2021-06-03T17:24:25+00:00","description":"Paula Depalma nos presenta las tres grandes distinciones en relaci\u00f3n a los servicios y ministerios lit\u00fargicos que constan en el \"C\u00f3digo de Derecho Can\u00f3nico\".","breadcrumb":{"@id":"https:\/\/www.cpl.es\/galilea\/2021\/06\/07\/ministerios-laicales\/#breadcrumb"},"inLanguage":"ca","potentialAction":[{"@type":"ReadAction","target":["https:\/\/www.cpl.es\/galilea\/2021\/06\/07\/ministerios-laicales\/"]}]},{"@type":"ImageObject","inLanguage":"ca","@id":"https:\/\/www.cpl.es\/galilea\/2021\/06\/07\/ministerios-laicales\/#primaryimage","url":"https:\/\/www.cpl.es\/galilea\/wp-content\/uploads\/2021\/06\/Ministerio-laical-scaled.jpg","contentUrl":"https:\/\/www.cpl.es\/galilea\/wp-content\/uploads\/2021\/06\/Ministerio-laical-scaled.jpg","width":2560,"height":1440,"caption":"Foto: cathopic.com"},{"@type":"BreadcrumbList","@id":"https:\/\/www.cpl.es\/galilea\/2021\/06\/07\/ministerios-laicales\/#breadcrumb","itemListElement":[{"@type":"ListItem","position":1,"name":"Home","item":"https:\/\/www.cpl.es\/galilea\/"},{"@type":"ListItem","position":2,"name":"\u00bfCu\u00e1les son los ministerios laicales?"}]},{"@type":"WebSite","@id":"https:\/\/www.cpl.es\/galilea\/#website","url":"https:\/\/www.cpl.es\/galilea\/","name":"Galilea.153","description":"Liturgia, pastoral, vida cristiana","publisher":{"@id":"https:\/\/www.cpl.es\/galilea\/#organization"},"potentialAction":[{"@type":"SearchAction","target":{"@type":"EntryPoint","urlTemplate":"https:\/\/www.cpl.es\/galilea\/?s={search_term_string}"},"query-input":{"@type":"PropertyValueSpecification","valueRequired":true,"valueName":"search_term_string"}}],"inLanguage":"ca"},{"@type":"Organization","@id":"https:\/\/www.cpl.es\/galilea\/#organization","name":"Centre de Pastoral Lit\u00fargica","url":"https:\/\/www.cpl.es\/galilea\/","logo":{"@type":"ImageObject","inLanguage":"ca","@id":"https:\/\/www.cpl.es\/galilea\/#\/schema\/logo\/image\/","url":"https:\/\/i0.wp.com\/ivory-newt-719188.hostingersite.com\/wp-content\/uploads\/2022\/10\/perfil-xarxes-400x400-1.jpg?fit=400%2C400&ssl=1","contentUrl":"https:\/\/i0.wp.com\/ivory-newt-719188.hostingersite.com\/wp-content\/uploads\/2022\/10\/perfil-xarxes-400x400-1.jpg?fit=400%2C400&ssl=1","width":400,"height":400,"caption":"Centre de Pastoral Lit\u00fargica"},"image":{"@id":"https:\/\/www.cpl.es\/galilea\/#\/schema\/logo\/image\/"},"sameAs":["https:\/\/www.facebook.com\/CPLeditorial","https:\/\/x.com\/CPLeditorial","https:\/\/www.instagram.com\/cpleditorial\/","https:\/\/www.youtube.com\/c\/CentredePastoralLitrgicaCPL"]},{"@type":"Person","@id":"https:\/\/www.cpl.es\/galilea\/#\/schema\/person\/2acf6b542dd68cf66dab8da157b62bcf","name":"Redacci\u00f3n","image":{"@type":"ImageObject","inLanguage":"ca","@id":"https:\/\/www.cpl.es\/galilea\/#\/schema\/person\/image\/","url":"https:\/\/secure.gravatar.com\/avatar\/a7d8eb81e61989a1685882d33a1b4116?s=96&d=mm&r=g","contentUrl":"https:\/\/secure.gravatar.com\/avatar\/a7d8eb81e61989a1685882d33a1b4116?s=96&d=mm&r=g","caption":"Redacci\u00f3n"},"url":"https:\/\/www.cpl.es\/galilea\/ca\/author\/pastoral_wp\/"}]}},"_links":{"self":[{"href":"https:\/\/www.cpl.es\/galilea\/ca\/wp-json\/wp\/v2\/posts\/1760"}],"collection":[{"href":"https:\/\/www.cpl.es\/galilea\/ca\/wp-json\/wp\/v2\/posts"}],"about":[{"href":"https:\/\/www.cpl.es\/galilea\/ca\/wp-json\/wp\/v2\/types\/post"}],"author":[{"embeddable":true,"href":"https:\/\/www.cpl.es\/galilea\/ca\/wp-json\/wp\/v2\/users\/1"}],"replies":[{"embeddable":true,"href":"https:\/\/www.cpl.es\/galilea\/ca\/wp-json\/wp\/v2\/comments?post=1760"}],"version-history":[{"count":2,"href":"https:\/\/www.cpl.es\/galilea\/ca\/wp-json\/wp\/v2\/posts\/1760\/revisions"}],"predecessor-version":[{"id":1770,"href":"https:\/\/www.cpl.es\/galilea\/ca\/wp-json\/wp\/v2\/posts\/1760\/revisions\/1770"}],"wp:featuredmedia":[{"embeddable":true,"href":"https:\/\/www.cpl.es\/galilea\/ca\/wp-json\/wp\/v2\/media\/1761"}],"wp:attachment":[{"href":"https:\/\/www.cpl.es\/galilea\/ca\/wp-json\/wp\/v2\/media?parent=1760"}],"wp:term":[{"taxonomy":"category","embeddable":true,"href":"https:\/\/www.cpl.es\/galilea\/ca\/wp-json\/wp\/v2\/categories?post=1760"},{"taxonomy":"post_tag","embeddable":true,"href":"https:\/\/www.cpl.es\/galilea\/ca\/wp-json\/wp\/v2\/tags?post=1760"}],"curies":[{"name":"wp","href":"https:\/\/api.w.org\/{rel}","templated":true}]}}