{"id":1672,"date":"2021-03-11T18:54:45","date_gmt":"2021-03-11T16:54:45","guid":{"rendered":"http:\/\/ivory-newt-719188.hostingersite.com\/?p=1672"},"modified":"2021-03-11T18:55:01","modified_gmt":"2021-03-11T16:55:01","slug":"lluc-aragon-he-aprendido-mucho-sobre-jesus-y-sus-valores","status":"publish","type":"post","link":"https:\/\/www.cpl.es\/galilea\/ca\/2021\/03\/11\/lluc-aragon-he-aprendido-mucho-sobre-jesus-y-sus-valores\/","title":{"rendered":"Lluc Arag\u00f3n: \u00abHe aprendido mucho sobre Jes\u00fas y sus valores\u00bb"},"content":{"rendered":"<p>Cuando prepar\u00e1bamos este n\u00famero y pens\u00e1bamos a qu\u00e9 personas ser\u00eda interesante entrevistar, decidimos que lo mejor ser\u00eda dirigirnos a un ni\u00f1o. Porque aunque todav\u00eda no tuviera muy formuladas o reflexionadas las cosas, s\u00ed que podr\u00eda ser un soplo de aire fresco, tal vez pol\u00edticamente incorrecto a veces, como la vida. Por eso hemos ido al encuentro de<strong> Lluc<\/strong>, que tienen once a\u00f1os y es un ni\u00f1o de una familia creyente, que va a un colegio laico, que ha sido bautizado, ha hecho la primera comuni\u00f3n y se est\u00e1 preparando para la confirmaci\u00f3n\u2026 Que participa en el centro de educaci\u00f3n en el tiempo libre de la parroquia\u2026 y que ha visto como este a\u00f1o todo ello se ve\u00eda muy condicionado por la Covid.<\/p>\n\n\n\n<p>Nos encontramos en el local del Centro parroquial (en el <strong>barrio de La Sagrera de Barcelona<\/strong>), porque es un lugar amplio y ventilado, m\u00e1s adecuado que no su domicilio. Pero todo ello resulta un poco desangelado, porque, como es normal, estas paredes que normalmente bullen de actividad infantil y juvenil, ahora solo respiran vac\u00edo.<\/p>\n\n\n\n<h3 class=\"wp-block-heading\">Una familia creyente<\/h3>\n\n\n\n<p class=\"has-text-color\" style=\"color:#0071a1\"><strong>Lluc, cu\u00e9ntanos quien eres<\/strong><\/p>\n\n\n\n<p>Me llamo Lluc. Vivo con mi abuela, mi padre, mi madre y con mi hermano menor. En mi familia todos son creyentes. Mi madre es joyera, hace joyas, y mi padre trabaja en una asociaci\u00f3n que ayuda a las asociaciones. Voy a un colegio del barrio, que tiene un proyecto distinto al de otros colegios.<\/p>\n\n\n\n<!--more-->\n\n\n\n<p class=\"has-text-color\" style=\"color:#0071a1\"><strong>\u00bfQu\u00e9 cosas te gusta hacer?<\/strong><\/p>\n\n\n\n<p>Me gusta sobre todo la escalada, estar con mis amigos y los videojuegos. Tambi\u00e9n hago piscina y voy al centro de educaci\u00f3n en el tiempo libre La Sagrera. Empec\u00e9 a hacer catequesis de confirmaci\u00f3n, pero este a\u00f1o solo hemos podido hacer un trimestre. Los estudios, en cambio, no me gustan mucho.<\/p>\n\n\n\n<p class=\"has-text-color\" style=\"color:#0071a1\"><strong>\u00bfHas sido bautizado?<\/strong><\/p>\n\n\n\n<p>S\u00ed, cuando era muy peque\u00f1o. Ten\u00eda tres o seis meses. Mi hermano tambi\u00e9n est\u00e1 bautizado.<\/p>\n\n\n\n<p class=\"has-text-color\" style=\"color:#0071a1\"><strong>As\u00ed pues, eso de venir por la iglesia, te viene de lejos\u2026<\/strong><\/p>\n\n\n\n<p>Ahora no venimos mucho. Siempre venimos a la misa familiar por Navidad. Y tambi\u00e9n por Pascua. Y cuando hice la primera comuni\u00f3n y cuando la han hecho mis primos. De vez en cuando venimos tambi\u00e9n los domingos.<\/p>\n\n\n\n<p class=\"has-text-color\" style=\"color:#0071a1\"><strong>Tus padres pertenecen a un movimiento cristiano. \u00bfT\u00fa has ido alguna vez?<\/strong><\/p>\n\n\n\n<p>S\u00ed. Voy cuando celebran Navidad y tambi\u00e9n por Semana Santa, que celebramos la Pascua con muchas otras familias. Siempre da un poco de pereza, pero cuando ya estoy all\u00ed estoy contento de conocer gente nueva y encontrar a los amigos de cada a\u00f1o. Pero me gustan m\u00e1s los monitores que encuentro en el centro de educaci\u00f3n en el tiempo libre y las actividades que all\u00ed hacemos.<\/p>\n\n\n\n<p class=\"has-text-color\" style=\"color:#0071a1\"><strong>\u00bfCrees que el centro de educaci\u00f3n en el tiempo libre tambi\u00e9n es cristiano?<\/strong><\/p>\n\n\n\n<p>S\u00ed, cuando vamos de colonias viene Jaume, el sacerdote, y hacemos la Eucarist\u00eda del domingo. Tambi\u00e9n bendecimos la mesa y damos gracias. Por Navidad hacemos una gincana y un pica-pica. Pero este a\u00f1o me parece que no lo podremos hacer.<\/p>\n\n\n\n<h3 class=\"wp-block-heading\">La catequesis<\/h3>\n\n\n\n<p class=\"has-text-color\" style=\"color:#0071a1\"><strong>\u00bfC\u00f3mo te va la catequesis?<\/strong><\/p>\n\n\n\n<p>Yo de muy peque\u00f1o ya ten\u00eda claro que quer\u00eda hacer la comuni\u00f3n, porque mi primo la hizo y me encant\u00f3. Quer\u00eda hacer catequesis como \u00e9l. Ya no me acuerdo mucho, pero estoy contento de haberla hecho. Despu\u00e9s mis padres me apuntaron a confirmaci\u00f3n sin dec\u00edrmelo antes. Al principio dije que no, pero despu\u00e9s me encant\u00f3. Pero solo hemos hecho un trimestre.<\/p>\n\n\n\n<p class=\"has-text-color\" style=\"color:#0071a1\"><strong>\u00bfC\u00f3mo te ha ido el confinamiento?<\/strong><\/p>\n\n\n\n<p>Este tiempo de estar encerrados en casa hicimos algunas videoconferencias con otras familias de ACO (Acci\u00f3n Cat\u00f3lica Obrera, el movimiento al que pertenecen mis padres) e hicimos algunas actividades que nos enviaban por el drive. Fue divertido porque hab\u00eda ni\u00f1os y nos lo pasamos bien. Todo estaba un poco adaptado. En este grupo los ni\u00f1os nos conocemos, y algunos incluso somos familia. Y esto hace que nos lo pasemos bien.<\/p>\n\n\n\n<p class=\"has-text-color\" style=\"color:#0071a1\"><strong>\u00bfQu\u00e9 te parece que has aprendido con todo esto de la Iglesia, de la primera comuni\u00f3n, de acompa\u00f1ar a tus padres por Navidad y por Semana Santa?<\/strong><\/p>\n\n\n\n<p>He aprendido muchas cosas, tanto cosas sobre Jes\u00fas como algunos valores que he aprendido. Jes\u00fas ense\u00f1\u00f3 muchos valores a la gente, como compartir. Y rompi\u00f3 l\u00edmites. Hizo cosas que la gente nunca hab\u00eda hecho.<\/p>\n\n\n\n<p class=\"has-text-color\" style=\"color:#0071a1\"><strong>Te parece que lo que habl\u00e1is o lo que te explican te sirve para estar con los amigos, en casa\u2026<\/strong><\/p>\n\n\n\n<p>Con los amigos no me sirve, en el cole no hay religi\u00f3n ni nada, nadie m\u00e1s de la clase es creyente menos yo que soy cristiano y un ni\u00f1o que es musulm\u00e1n. En el colegio nunca hablamos de religi\u00f3n.<\/p>\n\n\n\n<p class=\"has-text-color\" style=\"color:#0071a1\"><strong>\u00bfHas aprendido oraciones?<\/strong><\/p>\n\n\n\n<p>He aprendido el padrenuestro, pero ya no lo recuerdo mucho, ahora que no hago catequesis\u2026<\/p>\n\n\n\n<p class=\"has-text-color\" style=\"color:#0071a1\"><strong>\u00bfQu\u00e9 es lo que m\u00e1s te ha gustado de todas estas cosas que has hecho en catequesis?<\/strong><\/p>\n\n\n\n<p>Lo que m\u00e1s me ha gustado es que hemos hecho muchas cosas. A veces vamos a la capilla, o cantamos. Todas las cosas me han gustado mucho.<\/p>\n\n\n\n<h3 class=\"wp-block-heading\">El tiempo libre<\/h3>\n\n\n\n<p class=\"has-text-color\" style=\"color:#0071a1\"><strong>Y del centro de educaci\u00f3n en el tiempo libre, \u00bfqu\u00e9 dir\u00edas?<\/strong><\/p>\n\n\n\n<p>Hacemos muchas cosas. Las gincanas es lo que m\u00e1s me gusta. Ahora no se pueden hacer. Tambi\u00e9n hab\u00eda como un teatrillo que hac\u00edan los monitores presentando personajes y cada a\u00f1o iba sobre un tema durante todo el curso. Echaban confeti<br>y era divertido.<\/p>\n\n\n\n<p class=\"has-text-color\" style=\"color:#0071a1\"><strong>Dec\u00edas que te gustaban mucho los videojuegos. \u00bfQu\u00e9 opinas?<\/strong><\/p>\n\n\n\n<p>Me gustan pero no puedo jugar mucho. El fin de semana, mis padres me dejan jugar con ellos. Los videojuegos no sirven para nada. Sirven para pasar un buen rato. Tambi\u00e9n son un poco un est\u00edmulo. La tecnolog\u00eda me gusta mucho. Me gustar\u00eda ser inform\u00e1tico. Tengo un abuelo que me ha ense\u00f1ado muchas cosas y muchas aplicaciones de tecnolog\u00eda. Me gusta hacer tablas de excel.<\/p>\n\n\n\n<p class=\"has-text-color\" style=\"color:#0071a1\"><strong>Para tus padres eso de Jes\u00fas es muy importante. \u00bfSe les nota?<\/strong><\/p>\n\n\n\n<p>S\u00ed, yo lo noto por los comentarios que hacen. Pero mi hermano peque\u00f1o (seis a\u00f1os) les hace el boicot por eso.<\/p>\n\n\n\n<p class=\"has-text-color\" style=\"color:#0071a1\"><strong>Muchas gracias, Lluc, por todo lo que nos has explicado\u2026<\/strong><\/p>\n\n\n\n<p>Ufff, os he explicado mi vida entera\u2026<\/p>\n\n\n\n<h3 class=\"wp-block-heading\">Vida creyente y militante<\/h3>\n\n\n\n<p>No, creemos que no. Mientras vamos recogiendo, comentamos con<strong> Mar\u00eda<\/strong>, catequista de Lluc que nos ha acompa\u00f1ado todo el rato, que muchas de las actividades que se hacen en el centro de educaci\u00f3n en el tiempo libre tambi\u00e9n son expl\u00edcitamente cristianas, pero que no siempre son percibidas as\u00ed por los ni\u00f1os, como lo es tambi\u00e9n la vida creyente y militante de sus padres. Transmitir la fe como compromiso evangelizador no es f\u00e1cil, si se quiere ir m\u00e1s all\u00e1 de un simple ritualismo. La entrevista, como veis muy sencillita, ha puesto sobre la mesa tambi\u00e9n la necesidad de contactar con dos pasiones de Lluc: la escalada y los videojuegos, para evitar que la catequesis se convierta en un espacio compartimentado o poco estimulante.<\/p>\n\n\n\n<p>Es un reto educativo dif\u00edcil. Tambi\u00e9n nos hemos percatado que <strong>Lluc<\/strong> habla con extraordinaria precisi\u00f3n de aspectos tecnol\u00f3gicos y con m\u00e1s facilidad que cuando explica qu\u00e9 hacen en la catequesis. Se nota mucho que es un \u00abnativo digital\u00bb y se nota mucho, por supuesto, que a<strong> Lluc<\/strong> como a cualquiera de nosotros nos cuesta mucho m\u00e1s explicar qui\u00e9n es Jes\u00fas a partir de la propia experiencia.<\/p>\n\n\n\n<h3 class=\"wp-block-heading\">Fe y colegio<\/h3>\n\n\n\n<p>Da que pensar tambi\u00e9n el equilibrio: es dif\u00edcil vivir la fe en el colegio, no tanto porque sea una escuela laica, sino porque en este ambiente son muy pocos los ni\u00f1os que viven con naturalidad la dimensi\u00f3n religiosa, a la que cuesta enmarcar dentro de la vida cotidiana. Una situaci\u00f3n que da que pensar de cara a la evangelizaci\u00f3n.<\/p>","protected":false},"excerpt":{"rendered":"<p>Cuando prepar\u00e1bamos este n\u00famero y pens\u00e1bamos a qu\u00e9 personas ser\u00eda interesante entrevistar, decidimos que lo mejor ser\u00eda dirigirnos a un ni\u00f1o. Porque aunque todav\u00eda no tuviera muy formuladas o reflexionadas las cosas, s\u00ed que podr\u00eda ser un soplo de aire fresco, tal vez pol\u00edticamente incorrecto a veces, como la vida. Por eso hemos ido al &hellip; <a href=\"https:\/\/www.cpl.es\/galilea\/ca\/2021\/03\/11\/lluc-aragon-he-aprendido-mucho-sobre-jesus-y-sus-valores\/\" class=\"more-link\">Continua llegint <span class=\"screen-reader-text\">\u00abLluc Arag\u00f3n: \u00abHe aprendido mucho sobre Jes\u00fas y sus valores\u00bb\u00bb<\/span><\/a><\/p>","protected":false},"author":1,"featured_media":1617,"comment_status":"open","ping_status":"open","sticky":false,"template":"","format":"standard","meta":{"footnotes":""},"categories":[19],"tags":[60,220],"class_list":["post-1672","post","type-post","status-publish","format-standard","has-post-thumbnail","hentry","category-dialoguemos","tag-familia","tag-militancia"],"yoast_head":"<!-- This site is optimized with the Yoast SEO plugin v23.5 - https:\/\/yoast.com\/wordpress\/plugins\/seo\/ -->\n<title>Lluc Arag\u00f3n: \u00abHe aprendido mucho sobre Jes\u00fas y sus valores\u00bb - Galilea.153<\/title>\n<meta name=\"description\" content=\"Lluc es un ni\u00f1o de una familia creyente, que va a un colegio laico, que ha sido bautizado y se est\u00e1 preparando para la confirmaci\u00f3n.\" \/>\n<meta name=\"robots\" content=\"index, follow, max-snippet:-1, max-image-preview:large, max-video-preview:-1\" \/>\n<link rel=\"canonical\" href=\"https:\/\/www.cpl.es\/galilea\/ca\/2021\/03\/11\/lluc-aragon-he-aprendido-mucho-sobre-jesus-y-sus-valores\/\" \/>\n<meta property=\"og:locale\" content=\"ca_ES\" \/>\n<meta property=\"og:type\" content=\"article\" \/>\n<meta property=\"og:title\" content=\"Lluc Arag\u00f3n: \u00abHe aprendido mucho sobre Jes\u00fas y sus valores\u00bb - Galilea.153\" \/>\n<meta property=\"og:description\" content=\"Lluc es un ni\u00f1o de una familia creyente, que va a un colegio laico, que ha sido bautizado y se est\u00e1 preparando para la confirmaci\u00f3n.\" \/>\n<meta property=\"og:url\" content=\"https:\/\/www.cpl.es\/galilea\/ca\/2021\/03\/11\/lluc-aragon-he-aprendido-mucho-sobre-jesus-y-sus-valores\/\" \/>\n<meta property=\"og:site_name\" content=\"Galilea.153\" \/>\n<meta property=\"article:publisher\" content=\"https:\/\/www.facebook.com\/CPLeditorial\" \/>\n<meta property=\"article:published_time\" content=\"2021-03-11T16:54:45+00:00\" \/>\n<meta property=\"article:modified_time\" content=\"2021-03-11T16:55:01+00:00\" \/>\n<meta property=\"og:image\" content=\"https:\/\/www.cpl.es\/galilea\/wp-content\/uploads\/2021\/02\/Lluc-Aragon-1024x680.jpg\" \/>\n\t<meta property=\"og:image:width\" content=\"1024\" \/>\n\t<meta property=\"og:image:height\" content=\"680\" \/>\n\t<meta property=\"og:image:type\" content=\"image\/jpeg\" \/>\n<meta name=\"author\" content=\"Redacci\u00f3n\" \/>\n<meta name=\"twitter:card\" content=\"summary_large_image\" \/>\n<meta name=\"twitter:creator\" content=\"@CPLeditorial\" \/>\n<meta name=\"twitter:site\" content=\"@CPLeditorial\" \/>\n<meta name=\"twitter:label1\" content=\"Escrit per\" \/>\n\t<meta name=\"twitter:data1\" content=\"Redacci\u00f3n\" \/>\n\t<meta name=\"twitter:label2\" content=\"Temps estimat de lectura\" \/>\n\t<meta name=\"twitter:data2\" content=\"6 minuts\" \/>\n<script type=\"application\/ld+json\" class=\"yoast-schema-graph\">{\"@context\":\"https:\/\/schema.org\",\"@graph\":[{\"@type\":\"Article\",\"@id\":\"https:\/\/www.cpl.es\/galilea\/2021\/03\/11\/lluc-aragon-he-aprendido-mucho-sobre-jesus-y-sus-valores\/#article\",\"isPartOf\":{\"@id\":\"https:\/\/www.cpl.es\/galilea\/2021\/03\/11\/lluc-aragon-he-aprendido-mucho-sobre-jesus-y-sus-valores\/\"},\"author\":{\"name\":\"Redacci\u00f3n\",\"@id\":\"https:\/\/www.cpl.es\/galilea\/#\/schema\/person\/2acf6b542dd68cf66dab8da157b62bcf\"},\"headline\":\"Lluc Arag\u00f3n: \u00abHe aprendido mucho sobre Jes\u00fas y sus valores\u00bb\",\"datePublished\":\"2021-03-11T16:54:45+00:00\",\"dateModified\":\"2021-03-11T16:55:01+00:00\",\"mainEntityOfPage\":{\"@id\":\"https:\/\/www.cpl.es\/galilea\/2021\/03\/11\/lluc-aragon-he-aprendido-mucho-sobre-jesus-y-sus-valores\/\"},\"wordCount\":1375,\"commentCount\":0,\"publisher\":{\"@id\":\"https:\/\/www.cpl.es\/galilea\/#organization\"},\"image\":{\"@id\":\"https:\/\/www.cpl.es\/galilea\/2021\/03\/11\/lluc-aragon-he-aprendido-mucho-sobre-jesus-y-sus-valores\/#primaryimage\"},\"thumbnailUrl\":\"https:\/\/www.cpl.es\/galilea\/wp-content\/uploads\/2021\/02\/Lluc-Aragon.jpg\",\"keywords\":[\"familia\",\"militancia\"],\"articleSection\":[\"Dialoguemos\"],\"inLanguage\":\"ca\",\"potentialAction\":[{\"@type\":\"CommentAction\",\"name\":\"Comment\",\"target\":[\"https:\/\/www.cpl.es\/galilea\/2021\/03\/11\/lluc-aragon-he-aprendido-mucho-sobre-jesus-y-sus-valores\/#respond\"]}]},{\"@type\":\"WebPage\",\"@id\":\"https:\/\/www.cpl.es\/galilea\/2021\/03\/11\/lluc-aragon-he-aprendido-mucho-sobre-jesus-y-sus-valores\/\",\"url\":\"https:\/\/www.cpl.es\/galilea\/2021\/03\/11\/lluc-aragon-he-aprendido-mucho-sobre-jesus-y-sus-valores\/\",\"name\":\"Lluc Arag\u00f3n: \u00abHe aprendido mucho sobre Jes\u00fas y sus valores\u00bb - Galilea.153\",\"isPartOf\":{\"@id\":\"https:\/\/www.cpl.es\/galilea\/#website\"},\"primaryImageOfPage\":{\"@id\":\"https:\/\/www.cpl.es\/galilea\/2021\/03\/11\/lluc-aragon-he-aprendido-mucho-sobre-jesus-y-sus-valores\/#primaryimage\"},\"image\":{\"@id\":\"https:\/\/www.cpl.es\/galilea\/2021\/03\/11\/lluc-aragon-he-aprendido-mucho-sobre-jesus-y-sus-valores\/#primaryimage\"},\"thumbnailUrl\":\"https:\/\/www.cpl.es\/galilea\/wp-content\/uploads\/2021\/02\/Lluc-Aragon.jpg\",\"datePublished\":\"2021-03-11T16:54:45+00:00\",\"dateModified\":\"2021-03-11T16:55:01+00:00\",\"description\":\"Lluc es un ni\u00f1o de una familia creyente, que va a un colegio laico, que ha sido bautizado y se est\u00e1 preparando para la confirmaci\u00f3n.\",\"breadcrumb\":{\"@id\":\"https:\/\/www.cpl.es\/galilea\/2021\/03\/11\/lluc-aragon-he-aprendido-mucho-sobre-jesus-y-sus-valores\/#breadcrumb\"},\"inLanguage\":\"ca\",\"potentialAction\":[{\"@type\":\"ReadAction\",\"target\":[\"https:\/\/www.cpl.es\/galilea\/2021\/03\/11\/lluc-aragon-he-aprendido-mucho-sobre-jesus-y-sus-valores\/\"]}]},{\"@type\":\"ImageObject\",\"inLanguage\":\"ca\",\"@id\":\"https:\/\/www.cpl.es\/galilea\/2021\/03\/11\/lluc-aragon-he-aprendido-mucho-sobre-jesus-y-sus-valores\/#primaryimage\",\"url\":\"https:\/\/www.cpl.es\/galilea\/wp-content\/uploads\/2021\/02\/Lluc-Aragon.jpg\",\"contentUrl\":\"https:\/\/www.cpl.es\/galilea\/wp-content\/uploads\/2021\/02\/Lluc-Aragon.jpg\",\"width\":2000,\"height\":1328},{\"@type\":\"BreadcrumbList\",\"@id\":\"https:\/\/www.cpl.es\/galilea\/2021\/03\/11\/lluc-aragon-he-aprendido-mucho-sobre-jesus-y-sus-valores\/#breadcrumb\",\"itemListElement\":[{\"@type\":\"ListItem\",\"position\":1,\"name\":\"Home\",\"item\":\"https:\/\/www.cpl.es\/galilea\/\"},{\"@type\":\"ListItem\",\"position\":2,\"name\":\"Lluc Arag\u00f3n: \u00abHe aprendido mucho sobre Jes\u00fas y sus valores\u00bb\"}]},{\"@type\":\"WebSite\",\"@id\":\"https:\/\/www.cpl.es\/galilea\/#website\",\"url\":\"https:\/\/www.cpl.es\/galilea\/\",\"name\":\"Galilea.153\",\"description\":\"Liturgia, pastoral, vida cristiana\",\"publisher\":{\"@id\":\"https:\/\/www.cpl.es\/galilea\/#organization\"},\"potentialAction\":[{\"@type\":\"SearchAction\",\"target\":{\"@type\":\"EntryPoint\",\"urlTemplate\":\"https:\/\/www.cpl.es\/galilea\/?s={search_term_string}\"},\"query-input\":{\"@type\":\"PropertyValueSpecification\",\"valueRequired\":true,\"valueName\":\"search_term_string\"}}],\"inLanguage\":\"ca\"},{\"@type\":\"Organization\",\"@id\":\"https:\/\/www.cpl.es\/galilea\/#organization\",\"name\":\"Centre de Pastoral Lit\u00fargica\",\"url\":\"https:\/\/www.cpl.es\/galilea\/\",\"logo\":{\"@type\":\"ImageObject\",\"inLanguage\":\"ca\",\"@id\":\"https:\/\/www.cpl.es\/galilea\/#\/schema\/logo\/image\/\",\"url\":\"https:\/\/i0.wp.com\/ivory-newt-719188.hostingersite.com\/wp-content\/uploads\/2022\/10\/perfil-xarxes-400x400-1.jpg?fit=400%2C400&ssl=1\",\"contentUrl\":\"https:\/\/i0.wp.com\/ivory-newt-719188.hostingersite.com\/wp-content\/uploads\/2022\/10\/perfil-xarxes-400x400-1.jpg?fit=400%2C400&ssl=1\",\"width\":400,\"height\":400,\"caption\":\"Centre de Pastoral Lit\u00fargica\"},\"image\":{\"@id\":\"https:\/\/www.cpl.es\/galilea\/#\/schema\/logo\/image\/\"},\"sameAs\":[\"https:\/\/www.facebook.com\/CPLeditorial\",\"https:\/\/x.com\/CPLeditorial\",\"https:\/\/www.instagram.com\/cpleditorial\/\",\"https:\/\/www.youtube.com\/c\/CentredePastoralLitrgicaCPL\"]},{\"@type\":\"Person\",\"@id\":\"https:\/\/www.cpl.es\/galilea\/#\/schema\/person\/2acf6b542dd68cf66dab8da157b62bcf\",\"name\":\"Redacci\u00f3n\",\"image\":{\"@type\":\"ImageObject\",\"inLanguage\":\"ca\",\"@id\":\"https:\/\/www.cpl.es\/galilea\/#\/schema\/person\/image\/\",\"url\":\"https:\/\/secure.gravatar.com\/avatar\/a7d8eb81e61989a1685882d33a1b4116?s=96&d=mm&r=g\",\"contentUrl\":\"https:\/\/secure.gravatar.com\/avatar\/a7d8eb81e61989a1685882d33a1b4116?s=96&d=mm&r=g\",\"caption\":\"Redacci\u00f3n\"},\"url\":\"https:\/\/www.cpl.es\/galilea\/ca\/author\/pastoral_wp\/\"}]}<\/script>\n<!-- \/ Yoast SEO plugin. -->","yoast_head_json":{"title":"Lluc Arag\u00f3n: \u00abHe aprendido mucho sobre Jes\u00fas y sus valores\u00bb - Galilea.153","description":"Lluc es un ni\u00f1o de una familia creyente, que va a un colegio laico, que ha sido bautizado y se est\u00e1 preparando para la confirmaci\u00f3n.","robots":{"index":"index","follow":"follow","max-snippet":"max-snippet:-1","max-image-preview":"max-image-preview:large","max-video-preview":"max-video-preview:-1"},"canonical":"https:\/\/www.cpl.es\/galilea\/ca\/2021\/03\/11\/lluc-aragon-he-aprendido-mucho-sobre-jesus-y-sus-valores\/","og_locale":"ca_ES","og_type":"article","og_title":"Lluc Arag\u00f3n: \u00abHe aprendido mucho sobre Jes\u00fas y sus valores\u00bb - Galilea.153","og_description":"Lluc es un ni\u00f1o de una familia creyente, que va a un colegio laico, que ha sido bautizado y se est\u00e1 preparando para la confirmaci\u00f3n.","og_url":"https:\/\/www.cpl.es\/galilea\/ca\/2021\/03\/11\/lluc-aragon-he-aprendido-mucho-sobre-jesus-y-sus-valores\/","og_site_name":"Galilea.153","article_publisher":"https:\/\/www.facebook.com\/CPLeditorial","article_published_time":"2021-03-11T16:54:45+00:00","article_modified_time":"2021-03-11T16:55:01+00:00","og_image":[{"width":1024,"height":680,"url":"https:\/\/www.cpl.es\/galilea\/wp-content\/uploads\/2021\/02\/Lluc-Aragon-1024x680.jpg","type":"image\/jpeg"}],"author":"Redacci\u00f3n","twitter_card":"summary_large_image","twitter_creator":"@CPLeditorial","twitter_site":"@CPLeditorial","twitter_misc":{"Escrit per":"Redacci\u00f3n","Temps estimat de lectura":"6 minuts"},"schema":{"@context":"https:\/\/schema.org","@graph":[{"@type":"Article","@id":"https:\/\/www.cpl.es\/galilea\/2021\/03\/11\/lluc-aragon-he-aprendido-mucho-sobre-jesus-y-sus-valores\/#article","isPartOf":{"@id":"https:\/\/www.cpl.es\/galilea\/2021\/03\/11\/lluc-aragon-he-aprendido-mucho-sobre-jesus-y-sus-valores\/"},"author":{"name":"Redacci\u00f3n","@id":"https:\/\/www.cpl.es\/galilea\/#\/schema\/person\/2acf6b542dd68cf66dab8da157b62bcf"},"headline":"Lluc Arag\u00f3n: \u00abHe aprendido mucho sobre Jes\u00fas y sus valores\u00bb","datePublished":"2021-03-11T16:54:45+00:00","dateModified":"2021-03-11T16:55:01+00:00","mainEntityOfPage":{"@id":"https:\/\/www.cpl.es\/galilea\/2021\/03\/11\/lluc-aragon-he-aprendido-mucho-sobre-jesus-y-sus-valores\/"},"wordCount":1375,"commentCount":0,"publisher":{"@id":"https:\/\/www.cpl.es\/galilea\/#organization"},"image":{"@id":"https:\/\/www.cpl.es\/galilea\/2021\/03\/11\/lluc-aragon-he-aprendido-mucho-sobre-jesus-y-sus-valores\/#primaryimage"},"thumbnailUrl":"https:\/\/www.cpl.es\/galilea\/wp-content\/uploads\/2021\/02\/Lluc-Aragon.jpg","keywords":["familia","militancia"],"articleSection":["Dialoguemos"],"inLanguage":"ca","potentialAction":[{"@type":"CommentAction","name":"Comment","target":["https:\/\/www.cpl.es\/galilea\/2021\/03\/11\/lluc-aragon-he-aprendido-mucho-sobre-jesus-y-sus-valores\/#respond"]}]},{"@type":"WebPage","@id":"https:\/\/www.cpl.es\/galilea\/2021\/03\/11\/lluc-aragon-he-aprendido-mucho-sobre-jesus-y-sus-valores\/","url":"https:\/\/www.cpl.es\/galilea\/2021\/03\/11\/lluc-aragon-he-aprendido-mucho-sobre-jesus-y-sus-valores\/","name":"Lluc Arag\u00f3n: \u00abHe aprendido mucho sobre Jes\u00fas y sus valores\u00bb - Galilea.153","isPartOf":{"@id":"https:\/\/www.cpl.es\/galilea\/#website"},"primaryImageOfPage":{"@id":"https:\/\/www.cpl.es\/galilea\/2021\/03\/11\/lluc-aragon-he-aprendido-mucho-sobre-jesus-y-sus-valores\/#primaryimage"},"image":{"@id":"https:\/\/www.cpl.es\/galilea\/2021\/03\/11\/lluc-aragon-he-aprendido-mucho-sobre-jesus-y-sus-valores\/#primaryimage"},"thumbnailUrl":"https:\/\/www.cpl.es\/galilea\/wp-content\/uploads\/2021\/02\/Lluc-Aragon.jpg","datePublished":"2021-03-11T16:54:45+00:00","dateModified":"2021-03-11T16:55:01+00:00","description":"Lluc es un ni\u00f1o de una familia creyente, que va a un colegio laico, que ha sido bautizado y se est\u00e1 preparando para la confirmaci\u00f3n.","breadcrumb":{"@id":"https:\/\/www.cpl.es\/galilea\/2021\/03\/11\/lluc-aragon-he-aprendido-mucho-sobre-jesus-y-sus-valores\/#breadcrumb"},"inLanguage":"ca","potentialAction":[{"@type":"ReadAction","target":["https:\/\/www.cpl.es\/galilea\/2021\/03\/11\/lluc-aragon-he-aprendido-mucho-sobre-jesus-y-sus-valores\/"]}]},{"@type":"ImageObject","inLanguage":"ca","@id":"https:\/\/www.cpl.es\/galilea\/2021\/03\/11\/lluc-aragon-he-aprendido-mucho-sobre-jesus-y-sus-valores\/#primaryimage","url":"https:\/\/www.cpl.es\/galilea\/wp-content\/uploads\/2021\/02\/Lluc-Aragon.jpg","contentUrl":"https:\/\/www.cpl.es\/galilea\/wp-content\/uploads\/2021\/02\/Lluc-Aragon.jpg","width":2000,"height":1328},{"@type":"BreadcrumbList","@id":"https:\/\/www.cpl.es\/galilea\/2021\/03\/11\/lluc-aragon-he-aprendido-mucho-sobre-jesus-y-sus-valores\/#breadcrumb","itemListElement":[{"@type":"ListItem","position":1,"name":"Home","item":"https:\/\/www.cpl.es\/galilea\/"},{"@type":"ListItem","position":2,"name":"Lluc Arag\u00f3n: \u00abHe aprendido mucho sobre Jes\u00fas y sus valores\u00bb"}]},{"@type":"WebSite","@id":"https:\/\/www.cpl.es\/galilea\/#website","url":"https:\/\/www.cpl.es\/galilea\/","name":"Galilea.153","description":"Liturgia, pastoral, vida cristiana","publisher":{"@id":"https:\/\/www.cpl.es\/galilea\/#organization"},"potentialAction":[{"@type":"SearchAction","target":{"@type":"EntryPoint","urlTemplate":"https:\/\/www.cpl.es\/galilea\/?s={search_term_string}"},"query-input":{"@type":"PropertyValueSpecification","valueRequired":true,"valueName":"search_term_string"}}],"inLanguage":"ca"},{"@type":"Organization","@id":"https:\/\/www.cpl.es\/galilea\/#organization","name":"Centre de Pastoral Lit\u00fargica","url":"https:\/\/www.cpl.es\/galilea\/","logo":{"@type":"ImageObject","inLanguage":"ca","@id":"https:\/\/www.cpl.es\/galilea\/#\/schema\/logo\/image\/","url":"https:\/\/i0.wp.com\/ivory-newt-719188.hostingersite.com\/wp-content\/uploads\/2022\/10\/perfil-xarxes-400x400-1.jpg?fit=400%2C400&ssl=1","contentUrl":"https:\/\/i0.wp.com\/ivory-newt-719188.hostingersite.com\/wp-content\/uploads\/2022\/10\/perfil-xarxes-400x400-1.jpg?fit=400%2C400&ssl=1","width":400,"height":400,"caption":"Centre de Pastoral Lit\u00fargica"},"image":{"@id":"https:\/\/www.cpl.es\/galilea\/#\/schema\/logo\/image\/"},"sameAs":["https:\/\/www.facebook.com\/CPLeditorial","https:\/\/x.com\/CPLeditorial","https:\/\/www.instagram.com\/cpleditorial\/","https:\/\/www.youtube.com\/c\/CentredePastoralLitrgicaCPL"]},{"@type":"Person","@id":"https:\/\/www.cpl.es\/galilea\/#\/schema\/person\/2acf6b542dd68cf66dab8da157b62bcf","name":"Redacci\u00f3n","image":{"@type":"ImageObject","inLanguage":"ca","@id":"https:\/\/www.cpl.es\/galilea\/#\/schema\/person\/image\/","url":"https:\/\/secure.gravatar.com\/avatar\/a7d8eb81e61989a1685882d33a1b4116?s=96&d=mm&r=g","contentUrl":"https:\/\/secure.gravatar.com\/avatar\/a7d8eb81e61989a1685882d33a1b4116?s=96&d=mm&r=g","caption":"Redacci\u00f3n"},"url":"https:\/\/www.cpl.es\/galilea\/ca\/author\/pastoral_wp\/"}]}},"_links":{"self":[{"href":"https:\/\/www.cpl.es\/galilea\/ca\/wp-json\/wp\/v2\/posts\/1672"}],"collection":[{"href":"https:\/\/www.cpl.es\/galilea\/ca\/wp-json\/wp\/v2\/posts"}],"about":[{"href":"https:\/\/www.cpl.es\/galilea\/ca\/wp-json\/wp\/v2\/types\/post"}],"author":[{"embeddable":true,"href":"https:\/\/www.cpl.es\/galilea\/ca\/wp-json\/wp\/v2\/users\/1"}],"replies":[{"embeddable":true,"href":"https:\/\/www.cpl.es\/galilea\/ca\/wp-json\/wp\/v2\/comments?post=1672"}],"version-history":[{"count":2,"href":"https:\/\/www.cpl.es\/galilea\/ca\/wp-json\/wp\/v2\/posts\/1672\/revisions"}],"predecessor-version":[{"id":1674,"href":"https:\/\/www.cpl.es\/galilea\/ca\/wp-json\/wp\/v2\/posts\/1672\/revisions\/1674"}],"wp:featuredmedia":[{"embeddable":true,"href":"https:\/\/www.cpl.es\/galilea\/ca\/wp-json\/wp\/v2\/media\/1617"}],"wp:attachment":[{"href":"https:\/\/www.cpl.es\/galilea\/ca\/wp-json\/wp\/v2\/media?parent=1672"}],"wp:term":[{"taxonomy":"category","embeddable":true,"href":"https:\/\/www.cpl.es\/galilea\/ca\/wp-json\/wp\/v2\/categories?post=1672"},{"taxonomy":"post_tag","embeddable":true,"href":"https:\/\/www.cpl.es\/galilea\/ca\/wp-json\/wp\/v2\/tags?post=1672"}],"curies":[{"name":"wp","href":"https:\/\/api.w.org\/{rel}","templated":true}]}}