{"id":1445,"date":"2020-06-25T08:50:24","date_gmt":"2020-06-25T06:50:24","guid":{"rendered":"http:\/\/ivory-newt-719188.hostingersite.com\/?p=1445"},"modified":"2020-06-26T07:46:59","modified_gmt":"2020-06-26T05:46:59","slug":"el-evangelio-tambien-pasa-por-nuestro-bolsillo","status":"publish","type":"post","link":"https:\/\/www.cpl.es\/galilea\/ca\/2020\/06\/25\/el-evangelio-tambien-pasa-por-nuestro-bolsillo\/","title":{"rendered":"El Evangelio tambi\u00e9n pasa por nuestro bolsillo"},"content":{"rendered":"<p style=\"color:#0071a1\" class=\"has-text-color\"><strong>Silvia Fuentes, Madrid<\/strong><\/p>\n\n\n\n<p>Formamos parte de una <a href=\"https:\/\/www.cristianismeijusticia.net\/es\/capitalismo-y-democracia-en-el-siglo-xxi\">sociedad capitalista<\/a> que promueve la b\u00fasqueda de la felicidad desde el consumo compulsivo y la individualidad donde todos los medios utilizados son v\u00e1lidos, si se consigue un beneficio econ\u00f3mico. Este se reparte entre unos pocos y va dejando a una amplia mayor\u00eda de personas tirada en la cuneta, sin acceso a unos servicios m\u00ednimos como son el trabajo, la vivienda, la comida\u2026<\/p>\n\n\n\n<p>Ante esta situaci\u00f3n Jes\u00fas nos invita a la confianza y a la b\u00fasqueda de lo esencial: el <a href=\"https:\/\/es.aleteia.org\/2017\/02\/03\/que-es-el-reino-de-dios\/\">Reino de Dios<\/a> y su Justicia. Todo lo dem\u00e1s pasa a un segundo t\u00e9rmino. Incluso nos dice que no debemos preocuparnos por lo que comeremos ni vestiremos, \u00c9l ya sabe que lo necesitamos y nos lo dar\u00e1 (cf. Marcos 6,25-34).<\/p>\n\n\n\n<!--more-->\n\n\n\n<p>Desde la perspectiva del consumo, en el Evangelio encontramos a un Jes\u00fas muy contundente que nos se\u00f1ala la dificultad de salvarnos si acumulamos riquezas: <\/p>\n\n\n\n<blockquote class=\"wp-block-quote is-layout-flow wp-block-quote-is-layout-flow\"><p>Si quieres ser perfecto, ve a vender lo que tienes y d\u00e1selo a los pobres, as\u00ed tendr\u00e1s un tesoro en los cielos. Luego ven y s\u00edgueme.<\/p><cite>(Mateo 19,21)<\/cite><\/blockquote>\n\n\n\n<h3 class=\"wp-block-heading\">Jes\u00fas nos invita a vivir en comunidad<\/h3>\n\n\n\n<p>Frente al individualismo, Jes\u00fas nos invita a vivir en Comunidad, a colocar a las personas en el centro de nuestras decisiones. Y nos presenta una forma revolucionaria de compartir desde lo que somos y desde lo que tenemos. Jes\u00fas nos estimula de forma muy pedag\u00f3gica a poner a disposici\u00f3n de los dem\u00e1s nuestros cinco panes y dos peces porque, cuando hay esta entrega, se produce el milagro y todo se multiplica (cf. Marcos 6,34-42).<\/p>\n\n\n\n<p>En las primeras comunidades cristianas podemos encontrar referencias de c\u00f3mo compart\u00edan no solo pensamiento y coraz\u00f3n, sino tambi\u00e9n los bienes: <\/p>\n\n\n\n<blockquote class=\"wp-block-quote is-layout-flow wp-block-quote-is-layout-flow\"><p>Nadie consideraba como propio nada de lo que pose\u00eda\u0085 Se repart\u00eda a cada uno seg\u00fan su necesidad. <\/p><cite>Hechos 4,32-34<\/cite><\/blockquote>\n\n\n\n<p>La equidad es un valor a tener en cuenta, la persona y sus verdaderas necesidades deber\u00eda ser un criterio a priorizar en el reparto de los bienes comunes.<\/p>\n\n\n\n<p>\u00bfC\u00f3mo podr\u00edamos ir educando el coraz\u00f3n para no dejarnos seducir por las ofertas de \u00abfalsa felicidad\u00bb que nos bombardean? \u00bfC\u00f3mo vivir la econom\u00eda dom\u00e9stica desde los valores del evangelio? \u00bfC\u00f3mo podr\u00eda estar atenta de las personas que est\u00e1n en la cuneta para devolverles su dignidad de hijos de Dios?<\/p>\n\n\n\n<ul class=\"wp-block-list\"><li>La <a href=\"http:\/\/ivory-newt-719188.hostingersite.com\/2019\/07\/08\/ecologia-y-ejercicios-espirituales\/\">oraci\u00f3n personal y comunitaria<\/a> nos puede ayudar a releer la vida, a descubrir lo que Dios nos va proponiendo a trav\u00e9s de las personas que nos salen al encuentro.<\/li><\/ul>\n\n\n\n<ul class=\"wp-block-list\"><li>Participar en grupos, comunidades que trabajen por los valores del Reino y colaborar con aportaciones econ\u00f3micas que ayuden a sostener esos proyectos.<\/li><\/ul>\n\n\n\n<h3 class=\"wp-block-heading\">El bienestar de lo p\u00fablico<\/h3>\n\n\n\n<p>Fomentar y defender lo p\u00fablico en la calle para que sea un derecho efectivo y desde nuestros impuestos tan necesarios para el mantenimiento de un estado del bienestar que nos permite tener una Sanidad o una educaci\u00f3n para todos.<\/p>\n\n\n\n<p>Por muy peque\u00f1o que parezca, cada gesto es necesario. Desde nuestra econom\u00eda dom\u00e9stica podemos actuar. Podemos tener un <a href=\"https:\/\/www.economiasolidaria.org\/consumo-responsable\">consumo responsable<\/a>: pregunt\u00e9monos si realmente lo necesitamos antes de adquirir algo. Comprar y compartir con otros, pensar en la utilidad social que puede tener, comparar si hay alternativas mas saludables y ecol\u00f3gicas, y un largo etc\u00e9tera de acciones que podemos desarrollar para vivir la econom\u00eda m\u00e1s acorde con los valores del Reino.<\/p>","protected":false},"excerpt":{"rendered":"<p>Silvia Fuentes, Madrid Formamos parte de una sociedad capitalista que promueve la b\u00fasqueda de la felicidad desde el consumo compulsivo y la individualidad donde todos los medios utilizados son v\u00e1lidos, si se consigue un beneficio econ\u00f3mico. Este se reparte entre unos pocos y va dejando a una amplia mayor\u00eda de personas tirada en la cuneta, &hellip; <a href=\"https:\/\/www.cpl.es\/galilea\/ca\/2020\/06\/25\/el-evangelio-tambien-pasa-por-nuestro-bolsillo\/\" class=\"more-link\">Continua llegint <span class=\"screen-reader-text\">\u00abEl Evangelio tambi\u00e9n pasa por nuestro bolsillo\u00bb<\/span><\/a><\/p>","protected":false},"author":1,"featured_media":1422,"comment_status":"open","ping_status":"open","sticky":false,"template":"","format":"standard","meta":{"footnotes":""},"categories":[27],"tags":[180,181],"class_list":["post-1445","post","type-post","status-publish","format-standard","has-post-thumbnail","hentry","category-todavia-te-queda-por-leer","tag-reino-de-dios","tag-sociedad-capitalista"],"yoast_head":"<!-- This site is optimized with the Yoast SEO plugin v23.5 - https:\/\/yoast.com\/wordpress\/plugins\/seo\/ -->\n<title>El Evangelio tambi\u00e9n pasa por nuestro bolsillo - Galilea.153<\/title>\n<meta name=\"description\" content=\"Ante el sistema capitalista Jes\u00fas nos invita a la confianza y a la b\u00fasqueda de lo esencial: el Reino de Dios y su Justicia.\" \/>\n<meta name=\"robots\" content=\"index, follow, max-snippet:-1, max-image-preview:large, max-video-preview:-1\" \/>\n<link rel=\"canonical\" href=\"https:\/\/www.cpl.es\/galilea\/ca\/2020\/06\/25\/el-evangelio-tambien-pasa-por-nuestro-bolsillo\/\" \/>\n<meta property=\"og:locale\" content=\"ca_ES\" \/>\n<meta property=\"og:type\" content=\"article\" \/>\n<meta property=\"og:title\" content=\"El Evangelio tambi\u00e9n pasa por nuestro bolsillo - Galilea.153\" \/>\n<meta property=\"og:description\" content=\"Ante el sistema capitalista Jes\u00fas nos invita a la confianza y a la b\u00fasqueda de lo esencial: el Reino de Dios y su Justicia.\" \/>\n<meta property=\"og:url\" content=\"https:\/\/www.cpl.es\/galilea\/ca\/2020\/06\/25\/el-evangelio-tambien-pasa-por-nuestro-bolsillo\/\" \/>\n<meta property=\"og:site_name\" content=\"Galilea.153\" \/>\n<meta property=\"article:publisher\" content=\"https:\/\/www.facebook.com\/CPLeditorial\" \/>\n<meta property=\"article:published_time\" content=\"2020-06-25T06:50:24+00:00\" \/>\n<meta property=\"article:modified_time\" content=\"2020-06-26T05:46:59+00:00\" \/>\n<meta property=\"og:image\" content=\"https:\/\/www.cpl.es\/galilea\/wp-content\/uploads\/2020\/06\/Oracion.jpeg\" \/>\n\t<meta property=\"og:image:width\" content=\"1024\" \/>\n\t<meta property=\"og:image:height\" content=\"576\" \/>\n\t<meta property=\"og:image:type\" content=\"image\/jpeg\" \/>\n<meta name=\"author\" content=\"Redacci\u00f3n\" \/>\n<meta name=\"twitter:card\" content=\"summary_large_image\" \/>\n<meta name=\"twitter:creator\" content=\"@CPLeditorial\" \/>\n<meta name=\"twitter:site\" content=\"@CPLeditorial\" \/>\n<meta name=\"twitter:label1\" content=\"Escrit per\" \/>\n\t<meta name=\"twitter:data1\" content=\"Redacci\u00f3n\" \/>\n\t<meta name=\"twitter:label2\" content=\"Temps estimat de lectura\" \/>\n\t<meta name=\"twitter:data2\" content=\"3 minuts\" \/>\n<script type=\"application\/ld+json\" class=\"yoast-schema-graph\">{\"@context\":\"https:\/\/schema.org\",\"@graph\":[{\"@type\":\"Article\",\"@id\":\"https:\/\/www.cpl.es\/galilea\/2020\/06\/25\/el-evangelio-tambien-pasa-por-nuestro-bolsillo\/#article\",\"isPartOf\":{\"@id\":\"https:\/\/www.cpl.es\/galilea\/2020\/06\/25\/el-evangelio-tambien-pasa-por-nuestro-bolsillo\/\"},\"author\":{\"name\":\"Redacci\u00f3n\",\"@id\":\"https:\/\/www.cpl.es\/galilea\/#\/schema\/person\/2acf6b542dd68cf66dab8da157b62bcf\"},\"headline\":\"El Evangelio tambi\u00e9n pasa por nuestro bolsillo\",\"datePublished\":\"2020-06-25T06:50:24+00:00\",\"dateModified\":\"2020-06-26T05:46:59+00:00\",\"mainEntityOfPage\":{\"@id\":\"https:\/\/www.cpl.es\/galilea\/2020\/06\/25\/el-evangelio-tambien-pasa-por-nuestro-bolsillo\/\"},\"wordCount\":600,\"commentCount\":0,\"publisher\":{\"@id\":\"https:\/\/www.cpl.es\/galilea\/#organization\"},\"image\":{\"@id\":\"https:\/\/www.cpl.es\/galilea\/2020\/06\/25\/el-evangelio-tambien-pasa-por-nuestro-bolsillo\/#primaryimage\"},\"thumbnailUrl\":\"https:\/\/www.cpl.es\/galilea\/wp-content\/uploads\/2020\/06\/Oracion.jpeg\",\"keywords\":[\"Reino de Dios\",\"sociedad capitalista\"],\"articleSection\":[\"Todav\u00eda te queda por leer\"],\"inLanguage\":\"ca\",\"potentialAction\":[{\"@type\":\"CommentAction\",\"name\":\"Comment\",\"target\":[\"https:\/\/www.cpl.es\/galilea\/2020\/06\/25\/el-evangelio-tambien-pasa-por-nuestro-bolsillo\/#respond\"]}]},{\"@type\":\"WebPage\",\"@id\":\"https:\/\/www.cpl.es\/galilea\/2020\/06\/25\/el-evangelio-tambien-pasa-por-nuestro-bolsillo\/\",\"url\":\"https:\/\/www.cpl.es\/galilea\/2020\/06\/25\/el-evangelio-tambien-pasa-por-nuestro-bolsillo\/\",\"name\":\"El Evangelio tambi\u00e9n pasa por nuestro bolsillo - Galilea.153\",\"isPartOf\":{\"@id\":\"https:\/\/www.cpl.es\/galilea\/#website\"},\"primaryImageOfPage\":{\"@id\":\"https:\/\/www.cpl.es\/galilea\/2020\/06\/25\/el-evangelio-tambien-pasa-por-nuestro-bolsillo\/#primaryimage\"},\"image\":{\"@id\":\"https:\/\/www.cpl.es\/galilea\/2020\/06\/25\/el-evangelio-tambien-pasa-por-nuestro-bolsillo\/#primaryimage\"},\"thumbnailUrl\":\"https:\/\/www.cpl.es\/galilea\/wp-content\/uploads\/2020\/06\/Oracion.jpeg\",\"datePublished\":\"2020-06-25T06:50:24+00:00\",\"dateModified\":\"2020-06-26T05:46:59+00:00\",\"description\":\"Ante el sistema capitalista Jes\u00fas nos invita a la confianza y a la b\u00fasqueda de lo esencial: el Reino de Dios y su Justicia.\",\"breadcrumb\":{\"@id\":\"https:\/\/www.cpl.es\/galilea\/2020\/06\/25\/el-evangelio-tambien-pasa-por-nuestro-bolsillo\/#breadcrumb\"},\"inLanguage\":\"ca\",\"potentialAction\":[{\"@type\":\"ReadAction\",\"target\":[\"https:\/\/www.cpl.es\/galilea\/2020\/06\/25\/el-evangelio-tambien-pasa-por-nuestro-bolsillo\/\"]}]},{\"@type\":\"ImageObject\",\"inLanguage\":\"ca\",\"@id\":\"https:\/\/www.cpl.es\/galilea\/2020\/06\/25\/el-evangelio-tambien-pasa-por-nuestro-bolsillo\/#primaryimage\",\"url\":\"https:\/\/www.cpl.es\/galilea\/wp-content\/uploads\/2020\/06\/Oracion.jpeg\",\"contentUrl\":\"https:\/\/www.cpl.es\/galilea\/wp-content\/uploads\/2020\/06\/Oracion.jpeg\",\"width\":1024,\"height\":576},{\"@type\":\"BreadcrumbList\",\"@id\":\"https:\/\/www.cpl.es\/galilea\/2020\/06\/25\/el-evangelio-tambien-pasa-por-nuestro-bolsillo\/#breadcrumb\",\"itemListElement\":[{\"@type\":\"ListItem\",\"position\":1,\"name\":\"Home\",\"item\":\"https:\/\/www.cpl.es\/galilea\/\"},{\"@type\":\"ListItem\",\"position\":2,\"name\":\"El Evangelio tambi\u00e9n pasa por nuestro bolsillo\"}]},{\"@type\":\"WebSite\",\"@id\":\"https:\/\/www.cpl.es\/galilea\/#website\",\"url\":\"https:\/\/www.cpl.es\/galilea\/\",\"name\":\"Galilea.153\",\"description\":\"Liturgia, pastoral, vida cristiana\",\"publisher\":{\"@id\":\"https:\/\/www.cpl.es\/galilea\/#organization\"},\"potentialAction\":[{\"@type\":\"SearchAction\",\"target\":{\"@type\":\"EntryPoint\",\"urlTemplate\":\"https:\/\/www.cpl.es\/galilea\/?s={search_term_string}\"},\"query-input\":{\"@type\":\"PropertyValueSpecification\",\"valueRequired\":true,\"valueName\":\"search_term_string\"}}],\"inLanguage\":\"ca\"},{\"@type\":\"Organization\",\"@id\":\"https:\/\/www.cpl.es\/galilea\/#organization\",\"name\":\"Centre de Pastoral Lit\u00fargica\",\"url\":\"https:\/\/www.cpl.es\/galilea\/\",\"logo\":{\"@type\":\"ImageObject\",\"inLanguage\":\"ca\",\"@id\":\"https:\/\/www.cpl.es\/galilea\/#\/schema\/logo\/image\/\",\"url\":\"https:\/\/i0.wp.com\/ivory-newt-719188.hostingersite.com\/wp-content\/uploads\/2022\/10\/perfil-xarxes-400x400-1.jpg?fit=400%2C400&ssl=1\",\"contentUrl\":\"https:\/\/i0.wp.com\/ivory-newt-719188.hostingersite.com\/wp-content\/uploads\/2022\/10\/perfil-xarxes-400x400-1.jpg?fit=400%2C400&ssl=1\",\"width\":400,\"height\":400,\"caption\":\"Centre de Pastoral Lit\u00fargica\"},\"image\":{\"@id\":\"https:\/\/www.cpl.es\/galilea\/#\/schema\/logo\/image\/\"},\"sameAs\":[\"https:\/\/www.facebook.com\/CPLeditorial\",\"https:\/\/x.com\/CPLeditorial\",\"https:\/\/www.instagram.com\/cpleditorial\/\",\"https:\/\/www.youtube.com\/c\/CentredePastoralLitrgicaCPL\"]},{\"@type\":\"Person\",\"@id\":\"https:\/\/www.cpl.es\/galilea\/#\/schema\/person\/2acf6b542dd68cf66dab8da157b62bcf\",\"name\":\"Redacci\u00f3n\",\"image\":{\"@type\":\"ImageObject\",\"inLanguage\":\"ca\",\"@id\":\"https:\/\/www.cpl.es\/galilea\/#\/schema\/person\/image\/\",\"url\":\"https:\/\/secure.gravatar.com\/avatar\/a7d8eb81e61989a1685882d33a1b4116?s=96&d=mm&r=g\",\"contentUrl\":\"https:\/\/secure.gravatar.com\/avatar\/a7d8eb81e61989a1685882d33a1b4116?s=96&d=mm&r=g\",\"caption\":\"Redacci\u00f3n\"},\"url\":\"https:\/\/www.cpl.es\/galilea\/ca\/author\/pastoral_wp\/\"}]}<\/script>\n<!-- \/ Yoast SEO plugin. -->","yoast_head_json":{"title":"El Evangelio tambi\u00e9n pasa por nuestro bolsillo - Galilea.153","description":"Ante el sistema capitalista Jes\u00fas nos invita a la confianza y a la b\u00fasqueda de lo esencial: el Reino de Dios y su Justicia.","robots":{"index":"index","follow":"follow","max-snippet":"max-snippet:-1","max-image-preview":"max-image-preview:large","max-video-preview":"max-video-preview:-1"},"canonical":"https:\/\/www.cpl.es\/galilea\/ca\/2020\/06\/25\/el-evangelio-tambien-pasa-por-nuestro-bolsillo\/","og_locale":"ca_ES","og_type":"article","og_title":"El Evangelio tambi\u00e9n pasa por nuestro bolsillo - Galilea.153","og_description":"Ante el sistema capitalista Jes\u00fas nos invita a la confianza y a la b\u00fasqueda de lo esencial: el Reino de Dios y su Justicia.","og_url":"https:\/\/www.cpl.es\/galilea\/ca\/2020\/06\/25\/el-evangelio-tambien-pasa-por-nuestro-bolsillo\/","og_site_name":"Galilea.153","article_publisher":"https:\/\/www.facebook.com\/CPLeditorial","article_published_time":"2020-06-25T06:50:24+00:00","article_modified_time":"2020-06-26T05:46:59+00:00","og_image":[{"width":1024,"height":576,"url":"https:\/\/www.cpl.es\/galilea\/wp-content\/uploads\/2020\/06\/Oracion.jpeg","type":"image\/jpeg"}],"author":"Redacci\u00f3n","twitter_card":"summary_large_image","twitter_creator":"@CPLeditorial","twitter_site":"@CPLeditorial","twitter_misc":{"Escrit per":"Redacci\u00f3n","Temps estimat de lectura":"3 minuts"},"schema":{"@context":"https:\/\/schema.org","@graph":[{"@type":"Article","@id":"https:\/\/www.cpl.es\/galilea\/2020\/06\/25\/el-evangelio-tambien-pasa-por-nuestro-bolsillo\/#article","isPartOf":{"@id":"https:\/\/www.cpl.es\/galilea\/2020\/06\/25\/el-evangelio-tambien-pasa-por-nuestro-bolsillo\/"},"author":{"name":"Redacci\u00f3n","@id":"https:\/\/www.cpl.es\/galilea\/#\/schema\/person\/2acf6b542dd68cf66dab8da157b62bcf"},"headline":"El Evangelio tambi\u00e9n pasa por nuestro bolsillo","datePublished":"2020-06-25T06:50:24+00:00","dateModified":"2020-06-26T05:46:59+00:00","mainEntityOfPage":{"@id":"https:\/\/www.cpl.es\/galilea\/2020\/06\/25\/el-evangelio-tambien-pasa-por-nuestro-bolsillo\/"},"wordCount":600,"commentCount":0,"publisher":{"@id":"https:\/\/www.cpl.es\/galilea\/#organization"},"image":{"@id":"https:\/\/www.cpl.es\/galilea\/2020\/06\/25\/el-evangelio-tambien-pasa-por-nuestro-bolsillo\/#primaryimage"},"thumbnailUrl":"https:\/\/www.cpl.es\/galilea\/wp-content\/uploads\/2020\/06\/Oracion.jpeg","keywords":["Reino de Dios","sociedad capitalista"],"articleSection":["Todav\u00eda te queda por leer"],"inLanguage":"ca","potentialAction":[{"@type":"CommentAction","name":"Comment","target":["https:\/\/www.cpl.es\/galilea\/2020\/06\/25\/el-evangelio-tambien-pasa-por-nuestro-bolsillo\/#respond"]}]},{"@type":"WebPage","@id":"https:\/\/www.cpl.es\/galilea\/2020\/06\/25\/el-evangelio-tambien-pasa-por-nuestro-bolsillo\/","url":"https:\/\/www.cpl.es\/galilea\/2020\/06\/25\/el-evangelio-tambien-pasa-por-nuestro-bolsillo\/","name":"El Evangelio tambi\u00e9n pasa por nuestro bolsillo - Galilea.153","isPartOf":{"@id":"https:\/\/www.cpl.es\/galilea\/#website"},"primaryImageOfPage":{"@id":"https:\/\/www.cpl.es\/galilea\/2020\/06\/25\/el-evangelio-tambien-pasa-por-nuestro-bolsillo\/#primaryimage"},"image":{"@id":"https:\/\/www.cpl.es\/galilea\/2020\/06\/25\/el-evangelio-tambien-pasa-por-nuestro-bolsillo\/#primaryimage"},"thumbnailUrl":"https:\/\/www.cpl.es\/galilea\/wp-content\/uploads\/2020\/06\/Oracion.jpeg","datePublished":"2020-06-25T06:50:24+00:00","dateModified":"2020-06-26T05:46:59+00:00","description":"Ante el sistema capitalista Jes\u00fas nos invita a la confianza y a la b\u00fasqueda de lo esencial: el Reino de Dios y su Justicia.","breadcrumb":{"@id":"https:\/\/www.cpl.es\/galilea\/2020\/06\/25\/el-evangelio-tambien-pasa-por-nuestro-bolsillo\/#breadcrumb"},"inLanguage":"ca","potentialAction":[{"@type":"ReadAction","target":["https:\/\/www.cpl.es\/galilea\/2020\/06\/25\/el-evangelio-tambien-pasa-por-nuestro-bolsillo\/"]}]},{"@type":"ImageObject","inLanguage":"ca","@id":"https:\/\/www.cpl.es\/galilea\/2020\/06\/25\/el-evangelio-tambien-pasa-por-nuestro-bolsillo\/#primaryimage","url":"https:\/\/www.cpl.es\/galilea\/wp-content\/uploads\/2020\/06\/Oracion.jpeg","contentUrl":"https:\/\/www.cpl.es\/galilea\/wp-content\/uploads\/2020\/06\/Oracion.jpeg","width":1024,"height":576},{"@type":"BreadcrumbList","@id":"https:\/\/www.cpl.es\/galilea\/2020\/06\/25\/el-evangelio-tambien-pasa-por-nuestro-bolsillo\/#breadcrumb","itemListElement":[{"@type":"ListItem","position":1,"name":"Home","item":"https:\/\/www.cpl.es\/galilea\/"},{"@type":"ListItem","position":2,"name":"El Evangelio tambi\u00e9n pasa por nuestro bolsillo"}]},{"@type":"WebSite","@id":"https:\/\/www.cpl.es\/galilea\/#website","url":"https:\/\/www.cpl.es\/galilea\/","name":"Galilea.153","description":"Liturgia, pastoral, vida cristiana","publisher":{"@id":"https:\/\/www.cpl.es\/galilea\/#organization"},"potentialAction":[{"@type":"SearchAction","target":{"@type":"EntryPoint","urlTemplate":"https:\/\/www.cpl.es\/galilea\/?s={search_term_string}"},"query-input":{"@type":"PropertyValueSpecification","valueRequired":true,"valueName":"search_term_string"}}],"inLanguage":"ca"},{"@type":"Organization","@id":"https:\/\/www.cpl.es\/galilea\/#organization","name":"Centre de Pastoral Lit\u00fargica","url":"https:\/\/www.cpl.es\/galilea\/","logo":{"@type":"ImageObject","inLanguage":"ca","@id":"https:\/\/www.cpl.es\/galilea\/#\/schema\/logo\/image\/","url":"https:\/\/i0.wp.com\/ivory-newt-719188.hostingersite.com\/wp-content\/uploads\/2022\/10\/perfil-xarxes-400x400-1.jpg?fit=400%2C400&ssl=1","contentUrl":"https:\/\/i0.wp.com\/ivory-newt-719188.hostingersite.com\/wp-content\/uploads\/2022\/10\/perfil-xarxes-400x400-1.jpg?fit=400%2C400&ssl=1","width":400,"height":400,"caption":"Centre de Pastoral Lit\u00fargica"},"image":{"@id":"https:\/\/www.cpl.es\/galilea\/#\/schema\/logo\/image\/"},"sameAs":["https:\/\/www.facebook.com\/CPLeditorial","https:\/\/x.com\/CPLeditorial","https:\/\/www.instagram.com\/cpleditorial\/","https:\/\/www.youtube.com\/c\/CentredePastoralLitrgicaCPL"]},{"@type":"Person","@id":"https:\/\/www.cpl.es\/galilea\/#\/schema\/person\/2acf6b542dd68cf66dab8da157b62bcf","name":"Redacci\u00f3n","image":{"@type":"ImageObject","inLanguage":"ca","@id":"https:\/\/www.cpl.es\/galilea\/#\/schema\/person\/image\/","url":"https:\/\/secure.gravatar.com\/avatar\/a7d8eb81e61989a1685882d33a1b4116?s=96&d=mm&r=g","contentUrl":"https:\/\/secure.gravatar.com\/avatar\/a7d8eb81e61989a1685882d33a1b4116?s=96&d=mm&r=g","caption":"Redacci\u00f3n"},"url":"https:\/\/www.cpl.es\/galilea\/ca\/author\/pastoral_wp\/"}]}},"_links":{"self":[{"href":"https:\/\/www.cpl.es\/galilea\/ca\/wp-json\/wp\/v2\/posts\/1445"}],"collection":[{"href":"https:\/\/www.cpl.es\/galilea\/ca\/wp-json\/wp\/v2\/posts"}],"about":[{"href":"https:\/\/www.cpl.es\/galilea\/ca\/wp-json\/wp\/v2\/types\/post"}],"author":[{"embeddable":true,"href":"https:\/\/www.cpl.es\/galilea\/ca\/wp-json\/wp\/v2\/users\/1"}],"replies":[{"embeddable":true,"href":"https:\/\/www.cpl.es\/galilea\/ca\/wp-json\/wp\/v2\/comments?post=1445"}],"version-history":[{"count":6,"href":"https:\/\/www.cpl.es\/galilea\/ca\/wp-json\/wp\/v2\/posts\/1445\/revisions"}],"predecessor-version":[{"id":1453,"href":"https:\/\/www.cpl.es\/galilea\/ca\/wp-json\/wp\/v2\/posts\/1445\/revisions\/1453"}],"wp:featuredmedia":[{"embeddable":true,"href":"https:\/\/www.cpl.es\/galilea\/ca\/wp-json\/wp\/v2\/media\/1422"}],"wp:attachment":[{"href":"https:\/\/www.cpl.es\/galilea\/ca\/wp-json\/wp\/v2\/media?parent=1445"}],"wp:term":[{"taxonomy":"category","embeddable":true,"href":"https:\/\/www.cpl.es\/galilea\/ca\/wp-json\/wp\/v2\/categories?post=1445"},{"taxonomy":"post_tag","embeddable":true,"href":"https:\/\/www.cpl.es\/galilea\/ca\/wp-json\/wp\/v2\/tags?post=1445"}],"curies":[{"name":"wp","href":"https:\/\/api.w.org\/{rel}","templated":true}]}}