{"id":1367,"date":"2020-04-28T11:25:26","date_gmt":"2020-04-28T09:25:26","guid":{"rendered":"http:\/\/ivory-newt-719188.hostingersite.com\/?p=1367"},"modified":"2020-06-22T07:51:40","modified_gmt":"2020-06-22T05:51:40","slug":"estetica-bien-pensada-para-celebrar","status":"publish","type":"post","link":"https:\/\/www.cpl.es\/galilea\/ca\/2020\/04\/28\/estetica-bien-pensada-para-celebrar\/","title":{"rendered":"Est\u00e9tica bien pensada para celebrar"},"content":{"rendered":"<p style=\"color:#006eb6\" class=\"has-text-color\"><strong>Silvia Mart\u00ednez Cano, Madrid<\/strong><\/p>\n\n\n\n<p>Muchas veces me pregunto, desde una mirada est\u00e9tica, sobre la preparaci\u00f3n de las celebraciones comunitarias tanto eucar\u00edsticas como no sacramentales. Sin duda la presencia de elementos art\u00edsticos en nuestras celebraciones que favorezcan un lenguaje simb\u00f3lico es fundamental. Pero un exceso de ellos es tambi\u00e9n contraproducente. Por eso es fundamental preguntarse \u00bfQu\u00e9 s\u00edmbolos? \u00bfCu\u00e1ntos? \u00bfEn que disposici\u00f3n? \u00bfCon qu\u00e9 mensaje? Estas preguntas hacen emerger tres cuestiones que voy a intentar presentar aqu\u00ed para la reflexi\u00f3n. <\/p>\n\n\n\n<!--more-->\n\n\n\n<p>Lo primero que me surge es que, en muchas ocasiones, cuando preparamos la liturgia, nos centramos solo en el mensaje, pero no en la forma en c\u00f3mo se presenta ese mensaje. Dado el modelo social en el que vivimos, donde lo visual es una forma de comunicaci\u00f3n (pues la gente ve m\u00e1s y lee menos), la est\u00e9tica es lenguaje instrumental para poder comprender la realidad. Tambi\u00e9n la realidad de la experiencia religiosa grupal. <\/p>\n\n\n\n<p>Hoy el contenedor es fundamental para poner al participante de la celebraci\u00f3n en conexi\u00f3n con lo que celebra. Un objeto bonito en el centro y bien cuidado, un altar adornado con sencillez, unas velas bien ordenadas con alg\u00fan valor simb\u00f3lico para la comunidad\u2026 A la vez que se prepara los textos, las peticiones o las introducciones es necesario preparar la posici\u00f3n en el espacio de los objetos. El c\u00f3mo se van a mover, qui\u00e9n lo va a hacer y de que manera se van a utilizar. Y dir\u00e9is \u00a1eso ya est\u00e1 prescrito en nuestra liturgia!<\/p>\n\n\n\n<h3 class=\"wp-block-heading\">Desconexi\u00f3n simb\u00f3lica en la celebraci\u00f3n<\/h3>\n\n\n\n<p>Esto me lleva a la segunda reflexi\u00f3n. La propia liturgia tradicional ya tiene de por s\u00ed gran cantidad de elementos simb\u00f3licos que, hoy, dificultan a veces la comprensi\u00f3n de la celebraci\u00f3n. Lo hacen no porque no tengan sentido dentro de nuestras liturgias, sino porque pertenecen a un lenguaje est\u00e9tico que no es el de nuestro tiempo y se produce una desconexi\u00f3n simb\u00f3lica entre la comunidad que celebra y los leguajes que utiliza. <\/p>\n\n\n\n<p>Quiz\u00e1 una tarea urgente en nuestra est\u00e9tica lit\u00fargica es localizar aquellos s\u00edmbolos principales que son imprescindibles en nuestras celebraciones y descartar cuando sea necesario aquellos que generan \u00abruido\u00bb. La m\u00e1xima \u00abmenos es m\u00e1s\u00bb es muy recomendable para nuestro tiempo: una sola imagen que concentre el mensaje, un solo lugar, pero bien adornado y diferenciado del resto, para concentrar la atenci\u00f3n, dos o tres gestos bien relacionados y en los que se participe, pocos objetos y pocos colores para no dispersar la mirada\u2026 estas elecciones optan por una simbolog\u00eda y una est\u00e9tica que favorezcan la comunicaci\u00f3n, recuper\u00e1ndola como canal de expresi\u00f3n de la comunidad. <\/p>\n\n\n\n<p>Esto me lleva a la tercera idea que quiero compartir. La necesidad de crear un lenguaje est\u00e9tico-simb\u00f3lico propio en el que nos sintamos c\u00f3modos y en un territorio ling\u00fc\u00edstico conocido. Para que la est\u00e9tica sirva de canal y no de frontera. Cada comunidad es diferente, y genera su propio lenguaje. No todas las im\u00e1genes u objetos sirven para todos. Cada comunidad debe buscar aquella est\u00e9tica que expresa su fe. Y estas elecciones no deben depender solo del sacerdote, sino de los miembros de la comunidad, pues tambi\u00e9n la est\u00e9tica religiosa es lenguaje espec\u00edfico, contextualizado, inculturado del acontecimiento de <strong>Dios-con-nosotros<\/strong>.<\/p>","protected":false},"excerpt":{"rendered":"<p>Contraportada de Galilea.153 marzo-abril 2020. Est\u00e9tica y liturgia, un lenguaje entendible.<\/p>","protected":false},"author":1,"featured_media":1409,"comment_status":"open","ping_status":"open","sticky":false,"template":"","format":"standard","meta":{"footnotes":""},"categories":[27],"tags":[170,168],"class_list":["post-1367","post","type-post","status-publish","format-standard","has-post-thumbnail","hentry","category-todavia-te-queda-por-leer","tag-lenguaje","tag-rito"],"yoast_head":"<!-- This site is optimized with the Yoast SEO plugin v23.5 - https:\/\/yoast.com\/wordpress\/plugins\/seo\/ -->\n<title>Est\u00e9tica bien pensada para celebrar - Galilea.153<\/title>\n<meta name=\"description\" content=\"Contraportada Galilea-153 de Silvia Mart\u00ednez Cano: los elementos art\u00edsticos en nuestras celebraciones que favorezcan un lenguaje simb\u00f3lico es fundamental.\" \/>\n<meta name=\"robots\" content=\"index, follow, max-snippet:-1, max-image-preview:large, max-video-preview:-1\" \/>\n<link rel=\"canonical\" href=\"https:\/\/www.cpl.es\/galilea\/ca\/2020\/04\/28\/estetica-bien-pensada-para-celebrar\/\" \/>\n<meta property=\"og:locale\" content=\"ca_ES\" \/>\n<meta property=\"og:type\" content=\"article\" \/>\n<meta property=\"og:title\" content=\"Est\u00e9tica bien pensada para celebrar - Galilea.153\" \/>\n<meta property=\"og:description\" content=\"Contraportada Galilea-153 de Silvia Mart\u00ednez Cano: los elementos art\u00edsticos en nuestras celebraciones que favorezcan un lenguaje simb\u00f3lico es fundamental.\" \/>\n<meta property=\"og:url\" content=\"https:\/\/www.cpl.es\/galilea\/ca\/2020\/04\/28\/estetica-bien-pensada-para-celebrar\/\" \/>\n<meta property=\"og:site_name\" content=\"Galilea.153\" \/>\n<meta property=\"article:publisher\" content=\"https:\/\/www.facebook.com\/CPLeditorial\" \/>\n<meta property=\"article:published_time\" content=\"2020-04-28T09:25:26+00:00\" \/>\n<meta property=\"article:modified_time\" content=\"2020-06-22T05:51:40+00:00\" \/>\n<meta property=\"og:image\" content=\"https:\/\/www.cpl.es\/galilea\/wp-content\/uploads\/2020\/06\/Silvia-Martinez-Cano.jpg\" \/>\n\t<meta property=\"og:image:width\" content=\"589\" \/>\n\t<meta property=\"og:image:height\" content=\"332\" \/>\n\t<meta property=\"og:image:type\" content=\"image\/jpeg\" \/>\n<meta name=\"author\" content=\"Redacci\u00f3n\" \/>\n<meta name=\"twitter:card\" content=\"summary_large_image\" \/>\n<meta name=\"twitter:creator\" content=\"@CPLeditorial\" \/>\n<meta name=\"twitter:site\" content=\"@CPLeditorial\" \/>\n<meta name=\"twitter:label1\" content=\"Escrit per\" \/>\n\t<meta name=\"twitter:data1\" content=\"Redacci\u00f3n\" \/>\n\t<meta name=\"twitter:label2\" content=\"Temps estimat de lectura\" \/>\n\t<meta name=\"twitter:data2\" content=\"3 minuts\" \/>\n<script type=\"application\/ld+json\" class=\"yoast-schema-graph\">{\"@context\":\"https:\/\/schema.org\",\"@graph\":[{\"@type\":\"Article\",\"@id\":\"https:\/\/www.cpl.es\/galilea\/2020\/04\/28\/estetica-bien-pensada-para-celebrar\/#article\",\"isPartOf\":{\"@id\":\"https:\/\/www.cpl.es\/galilea\/2020\/04\/28\/estetica-bien-pensada-para-celebrar\/\"},\"author\":{\"name\":\"Redacci\u00f3n\",\"@id\":\"https:\/\/www.cpl.es\/galilea\/#\/schema\/person\/2acf6b542dd68cf66dab8da157b62bcf\"},\"headline\":\"Est\u00e9tica bien pensada para celebrar\",\"datePublished\":\"2020-04-28T09:25:26+00:00\",\"dateModified\":\"2020-06-22T05:51:40+00:00\",\"mainEntityOfPage\":{\"@id\":\"https:\/\/www.cpl.es\/galilea\/2020\/04\/28\/estetica-bien-pensada-para-celebrar\/\"},\"wordCount\":586,\"commentCount\":0,\"publisher\":{\"@id\":\"https:\/\/www.cpl.es\/galilea\/#organization\"},\"image\":{\"@id\":\"https:\/\/www.cpl.es\/galilea\/2020\/04\/28\/estetica-bien-pensada-para-celebrar\/#primaryimage\"},\"thumbnailUrl\":\"https:\/\/www.cpl.es\/galilea\/wp-content\/uploads\/2020\/06\/Silvia-Martinez-Cano.jpg\",\"keywords\":[\"lenguaje\",\"rito\"],\"articleSection\":[\"Todav\u00eda te queda por leer\"],\"inLanguage\":\"ca\",\"potentialAction\":[{\"@type\":\"CommentAction\",\"name\":\"Comment\",\"target\":[\"https:\/\/www.cpl.es\/galilea\/2020\/04\/28\/estetica-bien-pensada-para-celebrar\/#respond\"]}]},{\"@type\":\"WebPage\",\"@id\":\"https:\/\/www.cpl.es\/galilea\/2020\/04\/28\/estetica-bien-pensada-para-celebrar\/\",\"url\":\"https:\/\/www.cpl.es\/galilea\/2020\/04\/28\/estetica-bien-pensada-para-celebrar\/\",\"name\":\"Est\u00e9tica bien pensada para celebrar - Galilea.153\",\"isPartOf\":{\"@id\":\"https:\/\/www.cpl.es\/galilea\/#website\"},\"primaryImageOfPage\":{\"@id\":\"https:\/\/www.cpl.es\/galilea\/2020\/04\/28\/estetica-bien-pensada-para-celebrar\/#primaryimage\"},\"image\":{\"@id\":\"https:\/\/www.cpl.es\/galilea\/2020\/04\/28\/estetica-bien-pensada-para-celebrar\/#primaryimage\"},\"thumbnailUrl\":\"https:\/\/www.cpl.es\/galilea\/wp-content\/uploads\/2020\/06\/Silvia-Martinez-Cano.jpg\",\"datePublished\":\"2020-04-28T09:25:26+00:00\",\"dateModified\":\"2020-06-22T05:51:40+00:00\",\"description\":\"Contraportada Galilea-153 de Silvia Mart\u00ednez Cano: los elementos art\u00edsticos en nuestras celebraciones que favorezcan un lenguaje simb\u00f3lico es fundamental.\",\"breadcrumb\":{\"@id\":\"https:\/\/www.cpl.es\/galilea\/2020\/04\/28\/estetica-bien-pensada-para-celebrar\/#breadcrumb\"},\"inLanguage\":\"ca\",\"potentialAction\":[{\"@type\":\"ReadAction\",\"target\":[\"https:\/\/www.cpl.es\/galilea\/2020\/04\/28\/estetica-bien-pensada-para-celebrar\/\"]}]},{\"@type\":\"ImageObject\",\"inLanguage\":\"ca\",\"@id\":\"https:\/\/www.cpl.es\/galilea\/2020\/04\/28\/estetica-bien-pensada-para-celebrar\/#primaryimage\",\"url\":\"https:\/\/www.cpl.es\/galilea\/wp-content\/uploads\/2020\/06\/Silvia-Martinez-Cano.jpg\",\"contentUrl\":\"https:\/\/www.cpl.es\/galilea\/wp-content\/uploads\/2020\/06\/Silvia-Martinez-Cano.jpg\",\"width\":589,\"height\":332},{\"@type\":\"BreadcrumbList\",\"@id\":\"https:\/\/www.cpl.es\/galilea\/2020\/04\/28\/estetica-bien-pensada-para-celebrar\/#breadcrumb\",\"itemListElement\":[{\"@type\":\"ListItem\",\"position\":1,\"name\":\"Home\",\"item\":\"https:\/\/www.cpl.es\/galilea\/\"},{\"@type\":\"ListItem\",\"position\":2,\"name\":\"Est\u00e9tica bien pensada para celebrar\"}]},{\"@type\":\"WebSite\",\"@id\":\"https:\/\/www.cpl.es\/galilea\/#website\",\"url\":\"https:\/\/www.cpl.es\/galilea\/\",\"name\":\"Galilea.153\",\"description\":\"Liturgia, pastoral, vida cristiana\",\"publisher\":{\"@id\":\"https:\/\/www.cpl.es\/galilea\/#organization\"},\"potentialAction\":[{\"@type\":\"SearchAction\",\"target\":{\"@type\":\"EntryPoint\",\"urlTemplate\":\"https:\/\/www.cpl.es\/galilea\/?s={search_term_string}\"},\"query-input\":{\"@type\":\"PropertyValueSpecification\",\"valueRequired\":true,\"valueName\":\"search_term_string\"}}],\"inLanguage\":\"ca\"},{\"@type\":\"Organization\",\"@id\":\"https:\/\/www.cpl.es\/galilea\/#organization\",\"name\":\"Centre de Pastoral Lit\u00fargica\",\"url\":\"https:\/\/www.cpl.es\/galilea\/\",\"logo\":{\"@type\":\"ImageObject\",\"inLanguage\":\"ca\",\"@id\":\"https:\/\/www.cpl.es\/galilea\/#\/schema\/logo\/image\/\",\"url\":\"https:\/\/i0.wp.com\/ivory-newt-719188.hostingersite.com\/wp-content\/uploads\/2022\/10\/perfil-xarxes-400x400-1.jpg?fit=400%2C400&ssl=1\",\"contentUrl\":\"https:\/\/i0.wp.com\/ivory-newt-719188.hostingersite.com\/wp-content\/uploads\/2022\/10\/perfil-xarxes-400x400-1.jpg?fit=400%2C400&ssl=1\",\"width\":400,\"height\":400,\"caption\":\"Centre de Pastoral Lit\u00fargica\"},\"image\":{\"@id\":\"https:\/\/www.cpl.es\/galilea\/#\/schema\/logo\/image\/\"},\"sameAs\":[\"https:\/\/www.facebook.com\/CPLeditorial\",\"https:\/\/x.com\/CPLeditorial\",\"https:\/\/www.instagram.com\/cpleditorial\/\",\"https:\/\/www.youtube.com\/c\/CentredePastoralLitrgicaCPL\"]},{\"@type\":\"Person\",\"@id\":\"https:\/\/www.cpl.es\/galilea\/#\/schema\/person\/2acf6b542dd68cf66dab8da157b62bcf\",\"name\":\"Redacci\u00f3n\",\"image\":{\"@type\":\"ImageObject\",\"inLanguage\":\"ca\",\"@id\":\"https:\/\/www.cpl.es\/galilea\/#\/schema\/person\/image\/\",\"url\":\"https:\/\/secure.gravatar.com\/avatar\/a7d8eb81e61989a1685882d33a1b4116?s=96&d=mm&r=g\",\"contentUrl\":\"https:\/\/secure.gravatar.com\/avatar\/a7d8eb81e61989a1685882d33a1b4116?s=96&d=mm&r=g\",\"caption\":\"Redacci\u00f3n\"},\"url\":\"https:\/\/www.cpl.es\/galilea\/ca\/author\/pastoral_wp\/\"}]}<\/script>\n<!-- \/ Yoast SEO plugin. -->","yoast_head_json":{"title":"Est\u00e9tica bien pensada para celebrar - Galilea.153","description":"Contraportada Galilea-153 de Silvia Mart\u00ednez Cano: los elementos art\u00edsticos en nuestras celebraciones que favorezcan un lenguaje simb\u00f3lico es fundamental.","robots":{"index":"index","follow":"follow","max-snippet":"max-snippet:-1","max-image-preview":"max-image-preview:large","max-video-preview":"max-video-preview:-1"},"canonical":"https:\/\/www.cpl.es\/galilea\/ca\/2020\/04\/28\/estetica-bien-pensada-para-celebrar\/","og_locale":"ca_ES","og_type":"article","og_title":"Est\u00e9tica bien pensada para celebrar - Galilea.153","og_description":"Contraportada Galilea-153 de Silvia Mart\u00ednez Cano: los elementos art\u00edsticos en nuestras celebraciones que favorezcan un lenguaje simb\u00f3lico es fundamental.","og_url":"https:\/\/www.cpl.es\/galilea\/ca\/2020\/04\/28\/estetica-bien-pensada-para-celebrar\/","og_site_name":"Galilea.153","article_publisher":"https:\/\/www.facebook.com\/CPLeditorial","article_published_time":"2020-04-28T09:25:26+00:00","article_modified_time":"2020-06-22T05:51:40+00:00","og_image":[{"width":589,"height":332,"url":"https:\/\/www.cpl.es\/galilea\/wp-content\/uploads\/2020\/06\/Silvia-Martinez-Cano.jpg","type":"image\/jpeg"}],"author":"Redacci\u00f3n","twitter_card":"summary_large_image","twitter_creator":"@CPLeditorial","twitter_site":"@CPLeditorial","twitter_misc":{"Escrit per":"Redacci\u00f3n","Temps estimat de lectura":"3 minuts"},"schema":{"@context":"https:\/\/schema.org","@graph":[{"@type":"Article","@id":"https:\/\/www.cpl.es\/galilea\/2020\/04\/28\/estetica-bien-pensada-para-celebrar\/#article","isPartOf":{"@id":"https:\/\/www.cpl.es\/galilea\/2020\/04\/28\/estetica-bien-pensada-para-celebrar\/"},"author":{"name":"Redacci\u00f3n","@id":"https:\/\/www.cpl.es\/galilea\/#\/schema\/person\/2acf6b542dd68cf66dab8da157b62bcf"},"headline":"Est\u00e9tica bien pensada para celebrar","datePublished":"2020-04-28T09:25:26+00:00","dateModified":"2020-06-22T05:51:40+00:00","mainEntityOfPage":{"@id":"https:\/\/www.cpl.es\/galilea\/2020\/04\/28\/estetica-bien-pensada-para-celebrar\/"},"wordCount":586,"commentCount":0,"publisher":{"@id":"https:\/\/www.cpl.es\/galilea\/#organization"},"image":{"@id":"https:\/\/www.cpl.es\/galilea\/2020\/04\/28\/estetica-bien-pensada-para-celebrar\/#primaryimage"},"thumbnailUrl":"https:\/\/www.cpl.es\/galilea\/wp-content\/uploads\/2020\/06\/Silvia-Martinez-Cano.jpg","keywords":["lenguaje","rito"],"articleSection":["Todav\u00eda te queda por leer"],"inLanguage":"ca","potentialAction":[{"@type":"CommentAction","name":"Comment","target":["https:\/\/www.cpl.es\/galilea\/2020\/04\/28\/estetica-bien-pensada-para-celebrar\/#respond"]}]},{"@type":"WebPage","@id":"https:\/\/www.cpl.es\/galilea\/2020\/04\/28\/estetica-bien-pensada-para-celebrar\/","url":"https:\/\/www.cpl.es\/galilea\/2020\/04\/28\/estetica-bien-pensada-para-celebrar\/","name":"Est\u00e9tica bien pensada para celebrar - Galilea.153","isPartOf":{"@id":"https:\/\/www.cpl.es\/galilea\/#website"},"primaryImageOfPage":{"@id":"https:\/\/www.cpl.es\/galilea\/2020\/04\/28\/estetica-bien-pensada-para-celebrar\/#primaryimage"},"image":{"@id":"https:\/\/www.cpl.es\/galilea\/2020\/04\/28\/estetica-bien-pensada-para-celebrar\/#primaryimage"},"thumbnailUrl":"https:\/\/www.cpl.es\/galilea\/wp-content\/uploads\/2020\/06\/Silvia-Martinez-Cano.jpg","datePublished":"2020-04-28T09:25:26+00:00","dateModified":"2020-06-22T05:51:40+00:00","description":"Contraportada Galilea-153 de Silvia Mart\u00ednez Cano: los elementos art\u00edsticos en nuestras celebraciones que favorezcan un lenguaje simb\u00f3lico es fundamental.","breadcrumb":{"@id":"https:\/\/www.cpl.es\/galilea\/2020\/04\/28\/estetica-bien-pensada-para-celebrar\/#breadcrumb"},"inLanguage":"ca","potentialAction":[{"@type":"ReadAction","target":["https:\/\/www.cpl.es\/galilea\/2020\/04\/28\/estetica-bien-pensada-para-celebrar\/"]}]},{"@type":"ImageObject","inLanguage":"ca","@id":"https:\/\/www.cpl.es\/galilea\/2020\/04\/28\/estetica-bien-pensada-para-celebrar\/#primaryimage","url":"https:\/\/www.cpl.es\/galilea\/wp-content\/uploads\/2020\/06\/Silvia-Martinez-Cano.jpg","contentUrl":"https:\/\/www.cpl.es\/galilea\/wp-content\/uploads\/2020\/06\/Silvia-Martinez-Cano.jpg","width":589,"height":332},{"@type":"BreadcrumbList","@id":"https:\/\/www.cpl.es\/galilea\/2020\/04\/28\/estetica-bien-pensada-para-celebrar\/#breadcrumb","itemListElement":[{"@type":"ListItem","position":1,"name":"Home","item":"https:\/\/www.cpl.es\/galilea\/"},{"@type":"ListItem","position":2,"name":"Est\u00e9tica bien pensada para celebrar"}]},{"@type":"WebSite","@id":"https:\/\/www.cpl.es\/galilea\/#website","url":"https:\/\/www.cpl.es\/galilea\/","name":"Galilea.153","description":"Liturgia, pastoral, vida cristiana","publisher":{"@id":"https:\/\/www.cpl.es\/galilea\/#organization"},"potentialAction":[{"@type":"SearchAction","target":{"@type":"EntryPoint","urlTemplate":"https:\/\/www.cpl.es\/galilea\/?s={search_term_string}"},"query-input":{"@type":"PropertyValueSpecification","valueRequired":true,"valueName":"search_term_string"}}],"inLanguage":"ca"},{"@type":"Organization","@id":"https:\/\/www.cpl.es\/galilea\/#organization","name":"Centre de Pastoral Lit\u00fargica","url":"https:\/\/www.cpl.es\/galilea\/","logo":{"@type":"ImageObject","inLanguage":"ca","@id":"https:\/\/www.cpl.es\/galilea\/#\/schema\/logo\/image\/","url":"https:\/\/i0.wp.com\/ivory-newt-719188.hostingersite.com\/wp-content\/uploads\/2022\/10\/perfil-xarxes-400x400-1.jpg?fit=400%2C400&ssl=1","contentUrl":"https:\/\/i0.wp.com\/ivory-newt-719188.hostingersite.com\/wp-content\/uploads\/2022\/10\/perfil-xarxes-400x400-1.jpg?fit=400%2C400&ssl=1","width":400,"height":400,"caption":"Centre de Pastoral Lit\u00fargica"},"image":{"@id":"https:\/\/www.cpl.es\/galilea\/#\/schema\/logo\/image\/"},"sameAs":["https:\/\/www.facebook.com\/CPLeditorial","https:\/\/x.com\/CPLeditorial","https:\/\/www.instagram.com\/cpleditorial\/","https:\/\/www.youtube.com\/c\/CentredePastoralLitrgicaCPL"]},{"@type":"Person","@id":"https:\/\/www.cpl.es\/galilea\/#\/schema\/person\/2acf6b542dd68cf66dab8da157b62bcf","name":"Redacci\u00f3n","image":{"@type":"ImageObject","inLanguage":"ca","@id":"https:\/\/www.cpl.es\/galilea\/#\/schema\/person\/image\/","url":"https:\/\/secure.gravatar.com\/avatar\/a7d8eb81e61989a1685882d33a1b4116?s=96&d=mm&r=g","contentUrl":"https:\/\/secure.gravatar.com\/avatar\/a7d8eb81e61989a1685882d33a1b4116?s=96&d=mm&r=g","caption":"Redacci\u00f3n"},"url":"https:\/\/www.cpl.es\/galilea\/ca\/author\/pastoral_wp\/"}]}},"_links":{"self":[{"href":"https:\/\/www.cpl.es\/galilea\/ca\/wp-json\/wp\/v2\/posts\/1367"}],"collection":[{"href":"https:\/\/www.cpl.es\/galilea\/ca\/wp-json\/wp\/v2\/posts"}],"about":[{"href":"https:\/\/www.cpl.es\/galilea\/ca\/wp-json\/wp\/v2\/types\/post"}],"author":[{"embeddable":true,"href":"https:\/\/www.cpl.es\/galilea\/ca\/wp-json\/wp\/v2\/users\/1"}],"replies":[{"embeddable":true,"href":"https:\/\/www.cpl.es\/galilea\/ca\/wp-json\/wp\/v2\/comments?post=1367"}],"version-history":[{"count":5,"href":"https:\/\/www.cpl.es\/galilea\/ca\/wp-json\/wp\/v2\/posts\/1367\/revisions"}],"predecessor-version":[{"id":1436,"href":"https:\/\/www.cpl.es\/galilea\/ca\/wp-json\/wp\/v2\/posts\/1367\/revisions\/1436"}],"wp:featuredmedia":[{"embeddable":true,"href":"https:\/\/www.cpl.es\/galilea\/ca\/wp-json\/wp\/v2\/media\/1409"}],"wp:attachment":[{"href":"https:\/\/www.cpl.es\/galilea\/ca\/wp-json\/wp\/v2\/media?parent=1367"}],"wp:term":[{"taxonomy":"category","embeddable":true,"href":"https:\/\/www.cpl.es\/galilea\/ca\/wp-json\/wp\/v2\/categories?post=1367"},{"taxonomy":"post_tag","embeddable":true,"href":"https:\/\/www.cpl.es\/galilea\/ca\/wp-json\/wp\/v2\/tags?post=1367"}],"curies":[{"name":"wp","href":"https:\/\/api.w.org\/{rel}","templated":true}]}}