{"id":1354,"date":"2020-04-27T12:02:31","date_gmt":"2020-04-27T10:02:31","guid":{"rendered":"http:\/\/ivory-newt-719188.hostingersite.com\/?p=1354"},"modified":"2020-06-19T12:52:58","modified_gmt":"2020-06-19T10:52:58","slug":"expresar-lo-inexpresable","status":"publish","type":"post","link":"https:\/\/www.cpl.es\/galilea\/ca\/2020\/04\/27\/expresar-lo-inexpresable\/","title":{"rendered":"Expresar lo inexpresable"},"content":{"rendered":"<p style=\"color:#006eb6\" class=\"has-text-color\"><strong> M. \u00c0ngels Termes, editorial del n\u00fam. 12 de Galilea.153 \u00abDios es belleza\u00bb. <\/strong> <\/p>\n\n\n\n<p>El dibujo, la pintura, la escultura, la arquitectura, la m\u00fasica, la literatura en general y la poes\u00eda en particular\u2026 son m\u00faltiples manifestaciones del arte.<\/p>\n\n\n\n<p>El arte es la capacidad de expresar lo inexpresable, desde cualquier emoci\u00f3n humana hasta la fe, y de establecer una comunicaci\u00f3n y comuni\u00f3n profunda entre el autor y el receptor de la obra de arte.<\/p>\n\n\n\n<p>Y esta comuni\u00f3n no solo nos permite la comunicaci\u00f3n de tu a tu, sino que es veh\u00edculo de comunicaci\u00f3n con nuestros antepasados y con culturas alejadas de nosotros.<\/p>\n\n\n\n<!--more-->\n\n\n\n<p>En este sentido el art\u00edculo de Dani Font nos explica la tarea que realizan entidades como <em>Catalonia Sacra<\/em> de acercarnos el patrimonio  cultural religioso heredado a trav\u00e9s de siglos de cristianismo.<\/p>\n\n\n\n<p>Otros art\u00edculos nos conducen al proceso creativo de las piezas de cer\u00e1mica del monasterio de Sant Benet de Montserrat, de la mano de Montserrat Vi\u00f1as, una de las iniciadoras del taller, y a la belleza sencilla y provisional de la comunidad de Taiz\u00e9, tal como nos explica Salvador Garc\u00eda.<\/p>\n\n\n\n<p> \u00d3scar Valado pone en valor el poder de la m\u00fasica, que incluso conduce a la conversi\u00f3n. Y aunque a los mayores como yo nos cueste entender, tambi\u00e9n las tendencias musicales y audiovisuales actuales, tal como explica Merc\u00e8 Sol\u00e9, pueden llevar al absoluto.<\/p>\n\n\n\n<p>Natalia Aldana nos habla de la belleza de la liturgia, no solo en las grandes celebraciones, sino tambi\u00e9n en nuestras misas m\u00e1s humildes. Destaco un p\u00e1rrafo de su art\u00edculo.<\/p>\n\n\n\n<p class=\"has-text-align-justify\"><em>La belleza de la celebraci\u00f3n lit\u00fargica, participar en ella desde la realidad quiz\u00e1s humilde pero aut\u00e9ntica de nuestras comunidades y parroquias, ofreciendo lo que somos y tenemos a Dios con sinceridad de coraz\u00f3n, desde la alabanza y la acci\u00f3n de gracias, con sentido de  fiesta y alegr\u00eda por celebrar y actualizar la Pascua del Se\u00f1or, en comuni\u00f3n con la asamblea celeste, es un arte, el arte de hacer presente y vivir ya aqu\u00ed en la tierra aquello a lo que estamos llamados a vivir eternamente.<\/em><\/p>\n\n\n\n<p>Silvia Mart\u00ednez Cano, en la contraportada, hace algunas sugerencias para ayudar a esta belleza.<\/p>\n\n\n\n<p>Termino con una frase de Elisenda Almirall en la entrevista: \u00abLas im\u00e1genes en las iglesias, por ellas solas, no tienen sentido si no hay vida\u00bb. Y es que de esto se trata, de que la expresi\u00f3n art\u00edstica de la fe comunique Vida.<\/p>\n\n\n\n<figure class=\"wp-block-image\"><img loading=\"lazy\" decoding=\"async\" width=\"1024\" height=\"526\" src=\"http:\/\/ivory-newt-719188.hostingersite.com\/wp-content\/uploads\/2020\/04\/sumario12-1024x526.jpg\" alt=\"\" class=\"wp-image-1358\" srcset=\"https:\/\/www.cpl.es\/galilea\/wp-content\/uploads\/2020\/04\/sumario12-1024x526.jpg 1024w, https:\/\/www.cpl.es\/galilea\/wp-content\/uploads\/2020\/04\/sumario12-300x154.jpg 300w, https:\/\/www.cpl.es\/galilea\/wp-content\/uploads\/2020\/04\/sumario12-768x394.jpg 768w, https:\/\/www.cpl.es\/galilea\/wp-content\/uploads\/2020\/04\/sumario12.jpg 1135w\" sizes=\"(max-width: 709px) 85vw, (max-width: 909px) 67vw, (max-width: 1362px) 62vw, 840px\" \/><\/figure>\n\n\n\n<p><\/p>","protected":false},"excerpt":{"rendered":"<p>M. \u00c0ngels Termes, editorial del n\u00fam. 12 de Galilea.153 \u00abDios es belleza\u00bb. El dibujo, la pintura, la escultura, la arquitectura, la m\u00fasica, la literatura en general y la poes\u00eda en particular\u2026 son m\u00faltiples manifestaciones del arte. El arte es la capacidad de expresar lo inexpresable, desde cualquier emoci\u00f3n humana hasta la fe, y de establecer &hellip; <a href=\"https:\/\/www.cpl.es\/galilea\/ca\/2020\/04\/27\/expresar-lo-inexpresable\/\" class=\"more-link\">Continua llegint <span class=\"screen-reader-text\">\u00abExpresar lo inexpresable\u00bb<\/span><\/a><\/p>","protected":false},"author":1,"featured_media":1414,"comment_status":"open","ping_status":"open","sticky":false,"template":"","format":"standard","meta":{"footnotes":""},"categories":[1],"tags":[],"class_list":["post-1354","post","type-post","status-publish","format-standard","has-post-thumbnail","hentry","category-general"],"yoast_head":"<!-- This site is optimized with the Yoast SEO plugin v23.5 - https:\/\/yoast.com\/wordpress\/plugins\/seo\/ -->\n<title>Expresar lo inexpresable - Galilea.153<\/title>\n<meta name=\"robots\" content=\"index, follow, max-snippet:-1, max-image-preview:large, max-video-preview:-1\" \/>\n<link rel=\"canonical\" href=\"https:\/\/www.cpl.es\/galilea\/ca\/2020\/04\/27\/expresar-lo-inexpresable\/\" \/>\n<meta property=\"og:locale\" content=\"ca_ES\" \/>\n<meta property=\"og:type\" content=\"article\" \/>\n<meta property=\"og:title\" content=\"Expresar lo inexpresable - Galilea.153\" \/>\n<meta property=\"og:description\" content=\"M. \u00c0ngels Termes, editorial del n\u00fam. 12 de Galilea.153 \u00abDios es belleza\u00bb. El dibujo, la pintura, la escultura, la arquitectura, la m\u00fasica, la literatura en general y la poes\u00eda en particular\u2026 son m\u00faltiples manifestaciones del arte. El arte es la capacidad de expresar lo inexpresable, desde cualquier emoci\u00f3n humana hasta la fe, y de establecer &hellip; Continua llegint \u00abExpresar lo inexpresable\u00bb\" \/>\n<meta property=\"og:url\" content=\"https:\/\/www.cpl.es\/galilea\/ca\/2020\/04\/27\/expresar-lo-inexpresable\/\" \/>\n<meta property=\"og:site_name\" content=\"Galilea.153\" \/>\n<meta property=\"article:publisher\" content=\"https:\/\/www.facebook.com\/CPLeditorial\" \/>\n<meta property=\"article:published_time\" content=\"2020-04-27T10:02:31+00:00\" \/>\n<meta property=\"article:modified_time\" content=\"2020-06-19T10:52:58+00:00\" \/>\n<meta property=\"og:image\" content=\"https:\/\/www.cpl.es\/galilea\/wp-content\/uploads\/2020\/06\/Palau-de-la-musica-1024x576.jpg\" \/>\n\t<meta property=\"og:image:width\" content=\"1024\" \/>\n\t<meta property=\"og:image:height\" content=\"576\" \/>\n\t<meta property=\"og:image:type\" content=\"image\/jpeg\" \/>\n<meta name=\"author\" content=\"Redacci\u00f3n\" \/>\n<meta name=\"twitter:card\" content=\"summary_large_image\" \/>\n<meta name=\"twitter:creator\" content=\"@CPLeditorial\" \/>\n<meta name=\"twitter:site\" content=\"@CPLeditorial\" \/>\n<meta name=\"twitter:label1\" content=\"Escrit per\" \/>\n\t<meta name=\"twitter:data1\" content=\"Redacci\u00f3n\" \/>\n\t<meta name=\"twitter:label2\" content=\"Temps estimat de lectura\" \/>\n\t<meta name=\"twitter:data2\" content=\"2 minuts\" \/>\n<script type=\"application\/ld+json\" class=\"yoast-schema-graph\">{\"@context\":\"https:\/\/schema.org\",\"@graph\":[{\"@type\":\"Article\",\"@id\":\"https:\/\/www.cpl.es\/galilea\/2020\/04\/27\/expresar-lo-inexpresable\/#article\",\"isPartOf\":{\"@id\":\"https:\/\/www.cpl.es\/galilea\/2020\/04\/27\/expresar-lo-inexpresable\/\"},\"author\":{\"name\":\"Redacci\u00f3n\",\"@id\":\"https:\/\/www.cpl.es\/galilea\/#\/schema\/person\/2acf6b542dd68cf66dab8da157b62bcf\"},\"headline\":\"Expresar lo inexpresable\",\"datePublished\":\"2020-04-27T10:02:31+00:00\",\"dateModified\":\"2020-06-19T10:52:58+00:00\",\"mainEntityOfPage\":{\"@id\":\"https:\/\/www.cpl.es\/galilea\/2020\/04\/27\/expresar-lo-inexpresable\/\"},\"wordCount\":430,\"commentCount\":0,\"publisher\":{\"@id\":\"https:\/\/www.cpl.es\/galilea\/#organization\"},\"image\":{\"@id\":\"https:\/\/www.cpl.es\/galilea\/2020\/04\/27\/expresar-lo-inexpresable\/#primaryimage\"},\"thumbnailUrl\":\"https:\/\/www.cpl.es\/galilea\/wp-content\/uploads\/2020\/06\/Palau-de-la-musica.jpg\",\"articleSection\":[\"General\"],\"inLanguage\":\"ca\",\"potentialAction\":[{\"@type\":\"CommentAction\",\"name\":\"Comment\",\"target\":[\"https:\/\/www.cpl.es\/galilea\/2020\/04\/27\/expresar-lo-inexpresable\/#respond\"]}]},{\"@type\":\"WebPage\",\"@id\":\"https:\/\/www.cpl.es\/galilea\/2020\/04\/27\/expresar-lo-inexpresable\/\",\"url\":\"https:\/\/www.cpl.es\/galilea\/2020\/04\/27\/expresar-lo-inexpresable\/\",\"name\":\"Expresar lo inexpresable - Galilea.153\",\"isPartOf\":{\"@id\":\"https:\/\/www.cpl.es\/galilea\/#website\"},\"primaryImageOfPage\":{\"@id\":\"https:\/\/www.cpl.es\/galilea\/2020\/04\/27\/expresar-lo-inexpresable\/#primaryimage\"},\"image\":{\"@id\":\"https:\/\/www.cpl.es\/galilea\/2020\/04\/27\/expresar-lo-inexpresable\/#primaryimage\"},\"thumbnailUrl\":\"https:\/\/www.cpl.es\/galilea\/wp-content\/uploads\/2020\/06\/Palau-de-la-musica.jpg\",\"datePublished\":\"2020-04-27T10:02:31+00:00\",\"dateModified\":\"2020-06-19T10:52:58+00:00\",\"breadcrumb\":{\"@id\":\"https:\/\/www.cpl.es\/galilea\/2020\/04\/27\/expresar-lo-inexpresable\/#breadcrumb\"},\"inLanguage\":\"ca\",\"potentialAction\":[{\"@type\":\"ReadAction\",\"target\":[\"https:\/\/www.cpl.es\/galilea\/2020\/04\/27\/expresar-lo-inexpresable\/\"]}]},{\"@type\":\"ImageObject\",\"inLanguage\":\"ca\",\"@id\":\"https:\/\/www.cpl.es\/galilea\/2020\/04\/27\/expresar-lo-inexpresable\/#primaryimage\",\"url\":\"https:\/\/www.cpl.es\/galilea\/wp-content\/uploads\/2020\/06\/Palau-de-la-musica.jpg\",\"contentUrl\":\"https:\/\/www.cpl.es\/galilea\/wp-content\/uploads\/2020\/06\/Palau-de-la-musica.jpg\",\"width\":1280,\"height\":720},{\"@type\":\"BreadcrumbList\",\"@id\":\"https:\/\/www.cpl.es\/galilea\/2020\/04\/27\/expresar-lo-inexpresable\/#breadcrumb\",\"itemListElement\":[{\"@type\":\"ListItem\",\"position\":1,\"name\":\"Home\",\"item\":\"https:\/\/www.cpl.es\/galilea\/\"},{\"@type\":\"ListItem\",\"position\":2,\"name\":\"Expresar lo inexpresable\"}]},{\"@type\":\"WebSite\",\"@id\":\"https:\/\/www.cpl.es\/galilea\/#website\",\"url\":\"https:\/\/www.cpl.es\/galilea\/\",\"name\":\"Galilea.153\",\"description\":\"Liturgia, pastoral, vida cristiana\",\"publisher\":{\"@id\":\"https:\/\/www.cpl.es\/galilea\/#organization\"},\"potentialAction\":[{\"@type\":\"SearchAction\",\"target\":{\"@type\":\"EntryPoint\",\"urlTemplate\":\"https:\/\/www.cpl.es\/galilea\/?s={search_term_string}\"},\"query-input\":{\"@type\":\"PropertyValueSpecification\",\"valueRequired\":true,\"valueName\":\"search_term_string\"}}],\"inLanguage\":\"ca\"},{\"@type\":\"Organization\",\"@id\":\"https:\/\/www.cpl.es\/galilea\/#organization\",\"name\":\"Centre de Pastoral Lit\u00fargica\",\"url\":\"https:\/\/www.cpl.es\/galilea\/\",\"logo\":{\"@type\":\"ImageObject\",\"inLanguage\":\"ca\",\"@id\":\"https:\/\/www.cpl.es\/galilea\/#\/schema\/logo\/image\/\",\"url\":\"https:\/\/i0.wp.com\/ivory-newt-719188.hostingersite.com\/wp-content\/uploads\/2022\/10\/perfil-xarxes-400x400-1.jpg?fit=400%2C400&ssl=1\",\"contentUrl\":\"https:\/\/i0.wp.com\/ivory-newt-719188.hostingersite.com\/wp-content\/uploads\/2022\/10\/perfil-xarxes-400x400-1.jpg?fit=400%2C400&ssl=1\",\"width\":400,\"height\":400,\"caption\":\"Centre de Pastoral Lit\u00fargica\"},\"image\":{\"@id\":\"https:\/\/www.cpl.es\/galilea\/#\/schema\/logo\/image\/\"},\"sameAs\":[\"https:\/\/www.facebook.com\/CPLeditorial\",\"https:\/\/x.com\/CPLeditorial\",\"https:\/\/www.instagram.com\/cpleditorial\/\",\"https:\/\/www.youtube.com\/c\/CentredePastoralLitrgicaCPL\"]},{\"@type\":\"Person\",\"@id\":\"https:\/\/www.cpl.es\/galilea\/#\/schema\/person\/2acf6b542dd68cf66dab8da157b62bcf\",\"name\":\"Redacci\u00f3n\",\"image\":{\"@type\":\"ImageObject\",\"inLanguage\":\"ca\",\"@id\":\"https:\/\/www.cpl.es\/galilea\/#\/schema\/person\/image\/\",\"url\":\"https:\/\/secure.gravatar.com\/avatar\/a7d8eb81e61989a1685882d33a1b4116?s=96&d=mm&r=g\",\"contentUrl\":\"https:\/\/secure.gravatar.com\/avatar\/a7d8eb81e61989a1685882d33a1b4116?s=96&d=mm&r=g\",\"caption\":\"Redacci\u00f3n\"},\"url\":\"https:\/\/www.cpl.es\/galilea\/ca\/author\/pastoral_wp\/\"}]}<\/script>\n<!-- \/ Yoast SEO plugin. -->","yoast_head_json":{"title":"Expresar lo inexpresable - Galilea.153","robots":{"index":"index","follow":"follow","max-snippet":"max-snippet:-1","max-image-preview":"max-image-preview:large","max-video-preview":"max-video-preview:-1"},"canonical":"https:\/\/www.cpl.es\/galilea\/ca\/2020\/04\/27\/expresar-lo-inexpresable\/","og_locale":"ca_ES","og_type":"article","og_title":"Expresar lo inexpresable - Galilea.153","og_description":"M. \u00c0ngels Termes, editorial del n\u00fam. 12 de Galilea.153 \u00abDios es belleza\u00bb. El dibujo, la pintura, la escultura, la arquitectura, la m\u00fasica, la literatura en general y la poes\u00eda en particular\u2026 son m\u00faltiples manifestaciones del arte. El arte es la capacidad de expresar lo inexpresable, desde cualquier emoci\u00f3n humana hasta la fe, y de establecer &hellip; Continua llegint \u00abExpresar lo inexpresable\u00bb","og_url":"https:\/\/www.cpl.es\/galilea\/ca\/2020\/04\/27\/expresar-lo-inexpresable\/","og_site_name":"Galilea.153","article_publisher":"https:\/\/www.facebook.com\/CPLeditorial","article_published_time":"2020-04-27T10:02:31+00:00","article_modified_time":"2020-06-19T10:52:58+00:00","og_image":[{"width":1024,"height":576,"url":"https:\/\/www.cpl.es\/galilea\/wp-content\/uploads\/2020\/06\/Palau-de-la-musica-1024x576.jpg","type":"image\/jpeg"}],"author":"Redacci\u00f3n","twitter_card":"summary_large_image","twitter_creator":"@CPLeditorial","twitter_site":"@CPLeditorial","twitter_misc":{"Escrit per":"Redacci\u00f3n","Temps estimat de lectura":"2 minuts"},"schema":{"@context":"https:\/\/schema.org","@graph":[{"@type":"Article","@id":"https:\/\/www.cpl.es\/galilea\/2020\/04\/27\/expresar-lo-inexpresable\/#article","isPartOf":{"@id":"https:\/\/www.cpl.es\/galilea\/2020\/04\/27\/expresar-lo-inexpresable\/"},"author":{"name":"Redacci\u00f3n","@id":"https:\/\/www.cpl.es\/galilea\/#\/schema\/person\/2acf6b542dd68cf66dab8da157b62bcf"},"headline":"Expresar lo inexpresable","datePublished":"2020-04-27T10:02:31+00:00","dateModified":"2020-06-19T10:52:58+00:00","mainEntityOfPage":{"@id":"https:\/\/www.cpl.es\/galilea\/2020\/04\/27\/expresar-lo-inexpresable\/"},"wordCount":430,"commentCount":0,"publisher":{"@id":"https:\/\/www.cpl.es\/galilea\/#organization"},"image":{"@id":"https:\/\/www.cpl.es\/galilea\/2020\/04\/27\/expresar-lo-inexpresable\/#primaryimage"},"thumbnailUrl":"https:\/\/www.cpl.es\/galilea\/wp-content\/uploads\/2020\/06\/Palau-de-la-musica.jpg","articleSection":["General"],"inLanguage":"ca","potentialAction":[{"@type":"CommentAction","name":"Comment","target":["https:\/\/www.cpl.es\/galilea\/2020\/04\/27\/expresar-lo-inexpresable\/#respond"]}]},{"@type":"WebPage","@id":"https:\/\/www.cpl.es\/galilea\/2020\/04\/27\/expresar-lo-inexpresable\/","url":"https:\/\/www.cpl.es\/galilea\/2020\/04\/27\/expresar-lo-inexpresable\/","name":"Expresar lo inexpresable - Galilea.153","isPartOf":{"@id":"https:\/\/www.cpl.es\/galilea\/#website"},"primaryImageOfPage":{"@id":"https:\/\/www.cpl.es\/galilea\/2020\/04\/27\/expresar-lo-inexpresable\/#primaryimage"},"image":{"@id":"https:\/\/www.cpl.es\/galilea\/2020\/04\/27\/expresar-lo-inexpresable\/#primaryimage"},"thumbnailUrl":"https:\/\/www.cpl.es\/galilea\/wp-content\/uploads\/2020\/06\/Palau-de-la-musica.jpg","datePublished":"2020-04-27T10:02:31+00:00","dateModified":"2020-06-19T10:52:58+00:00","breadcrumb":{"@id":"https:\/\/www.cpl.es\/galilea\/2020\/04\/27\/expresar-lo-inexpresable\/#breadcrumb"},"inLanguage":"ca","potentialAction":[{"@type":"ReadAction","target":["https:\/\/www.cpl.es\/galilea\/2020\/04\/27\/expresar-lo-inexpresable\/"]}]},{"@type":"ImageObject","inLanguage":"ca","@id":"https:\/\/www.cpl.es\/galilea\/2020\/04\/27\/expresar-lo-inexpresable\/#primaryimage","url":"https:\/\/www.cpl.es\/galilea\/wp-content\/uploads\/2020\/06\/Palau-de-la-musica.jpg","contentUrl":"https:\/\/www.cpl.es\/galilea\/wp-content\/uploads\/2020\/06\/Palau-de-la-musica.jpg","width":1280,"height":720},{"@type":"BreadcrumbList","@id":"https:\/\/www.cpl.es\/galilea\/2020\/04\/27\/expresar-lo-inexpresable\/#breadcrumb","itemListElement":[{"@type":"ListItem","position":1,"name":"Home","item":"https:\/\/www.cpl.es\/galilea\/"},{"@type":"ListItem","position":2,"name":"Expresar lo inexpresable"}]},{"@type":"WebSite","@id":"https:\/\/www.cpl.es\/galilea\/#website","url":"https:\/\/www.cpl.es\/galilea\/","name":"Galilea.153","description":"Liturgia, pastoral, vida cristiana","publisher":{"@id":"https:\/\/www.cpl.es\/galilea\/#organization"},"potentialAction":[{"@type":"SearchAction","target":{"@type":"EntryPoint","urlTemplate":"https:\/\/www.cpl.es\/galilea\/?s={search_term_string}"},"query-input":{"@type":"PropertyValueSpecification","valueRequired":true,"valueName":"search_term_string"}}],"inLanguage":"ca"},{"@type":"Organization","@id":"https:\/\/www.cpl.es\/galilea\/#organization","name":"Centre de Pastoral Lit\u00fargica","url":"https:\/\/www.cpl.es\/galilea\/","logo":{"@type":"ImageObject","inLanguage":"ca","@id":"https:\/\/www.cpl.es\/galilea\/#\/schema\/logo\/image\/","url":"https:\/\/i0.wp.com\/ivory-newt-719188.hostingersite.com\/wp-content\/uploads\/2022\/10\/perfil-xarxes-400x400-1.jpg?fit=400%2C400&ssl=1","contentUrl":"https:\/\/i0.wp.com\/ivory-newt-719188.hostingersite.com\/wp-content\/uploads\/2022\/10\/perfil-xarxes-400x400-1.jpg?fit=400%2C400&ssl=1","width":400,"height":400,"caption":"Centre de Pastoral Lit\u00fargica"},"image":{"@id":"https:\/\/www.cpl.es\/galilea\/#\/schema\/logo\/image\/"},"sameAs":["https:\/\/www.facebook.com\/CPLeditorial","https:\/\/x.com\/CPLeditorial","https:\/\/www.instagram.com\/cpleditorial\/","https:\/\/www.youtube.com\/c\/CentredePastoralLitrgicaCPL"]},{"@type":"Person","@id":"https:\/\/www.cpl.es\/galilea\/#\/schema\/person\/2acf6b542dd68cf66dab8da157b62bcf","name":"Redacci\u00f3n","image":{"@type":"ImageObject","inLanguage":"ca","@id":"https:\/\/www.cpl.es\/galilea\/#\/schema\/person\/image\/","url":"https:\/\/secure.gravatar.com\/avatar\/a7d8eb81e61989a1685882d33a1b4116?s=96&d=mm&r=g","contentUrl":"https:\/\/secure.gravatar.com\/avatar\/a7d8eb81e61989a1685882d33a1b4116?s=96&d=mm&r=g","caption":"Redacci\u00f3n"},"url":"https:\/\/www.cpl.es\/galilea\/ca\/author\/pastoral_wp\/"}]}},"_links":{"self":[{"href":"https:\/\/www.cpl.es\/galilea\/ca\/wp-json\/wp\/v2\/posts\/1354"}],"collection":[{"href":"https:\/\/www.cpl.es\/galilea\/ca\/wp-json\/wp\/v2\/posts"}],"about":[{"href":"https:\/\/www.cpl.es\/galilea\/ca\/wp-json\/wp\/v2\/types\/post"}],"author":[{"embeddable":true,"href":"https:\/\/www.cpl.es\/galilea\/ca\/wp-json\/wp\/v2\/users\/1"}],"replies":[{"embeddable":true,"href":"https:\/\/www.cpl.es\/galilea\/ca\/wp-json\/wp\/v2\/comments?post=1354"}],"version-history":[{"count":6,"href":"https:\/\/www.cpl.es\/galilea\/ca\/wp-json\/wp\/v2\/posts\/1354\/revisions"}],"predecessor-version":[{"id":1416,"href":"https:\/\/www.cpl.es\/galilea\/ca\/wp-json\/wp\/v2\/posts\/1354\/revisions\/1416"}],"wp:featuredmedia":[{"embeddable":true,"href":"https:\/\/www.cpl.es\/galilea\/ca\/wp-json\/wp\/v2\/media\/1414"}],"wp:attachment":[{"href":"https:\/\/www.cpl.es\/galilea\/ca\/wp-json\/wp\/v2\/media?parent=1354"}],"wp:term":[{"taxonomy":"category","embeddable":true,"href":"https:\/\/www.cpl.es\/galilea\/ca\/wp-json\/wp\/v2\/categories?post=1354"},{"taxonomy":"post_tag","embeddable":true,"href":"https:\/\/www.cpl.es\/galilea\/ca\/wp-json\/wp\/v2\/tags?post=1354"}],"curies":[{"name":"wp","href":"https:\/\/api.w.org\/{rel}","templated":true}]}}