{"id":1106,"date":"2019-09-16T10:00:28","date_gmt":"2019-09-16T08:00:28","guid":{"rendered":"http:\/\/ivory-newt-719188.hostingersite.com\/?p=1106"},"modified":"2019-09-10T14:45:25","modified_gmt":"2019-09-10T12:45:25","slug":"m-victoria-molins","status":"publish","type":"post","link":"https:\/\/www.cpl.es\/galilea\/ca\/2019\/09\/16\/m-victoria-molins\/","title":{"rendered":"Acoger"},"content":{"rendered":"<p style=\"color:#006eb6\" class=\"has-text-color\">Art\u00edculo de M. Vict\u00f2ria Molins, stj<\/p>\n\n\n\n<p>\u00abAcoger\u00bb, una palabra clave que me cambi\u00f3 la vida hace ya muchos a\u00f1os.<br>Es verdad que la palabra puede tener distintos significados sin\u00f3nimos desde el de abrir nuestro hogar o nuestros brazos a alguien, hasta aceptar o admitir una idea o un consejo de otro. Pero la palabra se me hizo m\u00e1s evidente cuando conoc\u00ed de muy cerca la pobreza y la marginaci\u00f3n.<\/p>\n\n\n\n<p>Y hago referencia, especialmente, al primero de los verbos que el papa Francisco utiliza cuando habla de la Iglesia en salida: \u00abacoger, proteger, promover e integrar\u00bb (F\u00f3rum Social Mundial de las Migraciones que se celebr\u00f3 en M\u00e9xico, el 5-XI-2018, recordando <em>Evangelii Gaudium<\/em> 24).<\/p>\n\n\n\n<!--more-->\n\n\n\n<h4 class=\"wp-block-heading\">El verbo \u00abacoger\u00bb<\/h4>\n\n\n\n<p>Quiero hablar de las dos vertientes del verbo acoger, a las que har\u00e9 referencia desde lo que he vivido y vivo, el libro donde he aprendido a vivir la Buena Nueva, el Evangelio.<\/p>\n\n\n\n<p>La <strong>primera <\/strong>vertiente es <em>acoger con el coraz\u00f3n<\/em>. Abrir las puertas de nuestro coraz\u00f3n a todos y en especial a aquellos a los que se han cerrado todas las puertas. A menudo no podemos hacer nada ante algunos casos. Recuerdo, por ejemplo, el de aquel interno en la c\u00e1rcel que no ten\u00eda ganas de vivir, ni ve\u00eda con ilusi\u00f3n la idea de salir. Y este era su argumento: \u00abTotal\u2026 si muero, a m\u00ed nadie me echar\u00e1 en falta, ni nadie me espera cuando salga de la c\u00e1rcel\u2026\u00bb.<\/p>\n\n\n\n<p>Ante una soledad tan terrible y un futuro tan incierto, lo \u00fanico que yo pod\u00eda hacer era ofrecerle mi amistad, <em>acogerlo con el coraz\u00f3n<\/em>. Desde entonces es mi amigo del alma, ha recobrado las ganas de vivir y estamos preparando juntos su salida a la calle, cuando acabe de cumplir la condena. Solo es un ejemplo de los muchos amigos que Dios me ha regalado cuando he abierto mi coraz\u00f3n a sus vidas.<\/p>\n\n\n\n<p>La <strong>segunda <\/strong>vertiente es <em>acogerlo con recursos humanos<\/em> siempre que sea posible. Y es aqu\u00ed donde quiero referirme al deseo del papa Francisco de convertir algunas iglesias \u2013al menos una c\u00e9ntrica en las grandes ciudades\u2013 en \u00abHospital de campa\u00f1a, donde todos y en especial los m\u00e1s desfavorecidos puedan encontrar un lugar para curarse de las heridas del cuerpo y del alma\u00bb.<\/p>\n\n\n\n<h4 class=\"wp-block-heading\">Santa Ana, hospital de campa\u00f1a<\/h4>\n\n\n\n<p>As\u00ed fue como empezamos  \u2013hace ya m\u00e1s de dos a\u00f1os\u2013 a abrir las puertas de Santa Ana, en Barcelona, una iglesia g\u00f3tica de gran belleza y muy visitada por los turistas, en un lugar de acogida. Ahora todos aquellos que desafortunadamente abundan en las grandes ciudades, los sin techo, pueden encontrar la acogida del coraz\u00f3n, la de la amistad, la de compartir y vivir comunitariamente, y, siempre que sea posible, la ayuda de recursos humanos para recobrar todo lo que la marginaci\u00f3n de la sociedad les ha hecho perder.<\/p>","protected":false},"excerpt":{"rendered":"<p>Art\u00edculo de M. Vict\u00f2ria Molins, stj \u00abAcoger\u00bb, una palabra clave que me cambi\u00f3 la vida hace ya muchos a\u00f1os.Es verdad que la palabra puede tener distintos significados sin\u00f3nimos desde el de abrir nuestro hogar o nuestros brazos a alguien, hasta aceptar o admitir una idea o un consejo de otro. Pero la palabra se me &hellip; <a href=\"https:\/\/www.cpl.es\/galilea\/ca\/2019\/09\/16\/m-victoria-molins\/\" class=\"more-link\">Continua llegint <span class=\"screen-reader-text\">\u00abAcoger\u00bb<\/span><\/a><\/p>","protected":false},"author":1,"featured_media":1085,"comment_status":"open","ping_status":"closed","sticky":false,"template":"","format":"standard","meta":{"footnotes":""},"categories":[27],"tags":[137,140,139,138],"class_list":["post-1106","post","type-post","status-publish","format-standard","has-post-thumbnail","hentry","category-todavia-te-queda-por-leer","tag-acoger","tag-evangelii-gaudium","tag-hospital-de-campana","tag-m-victoria-molins"],"yoast_head":"<!-- This site is optimized with the Yoast SEO plugin v23.5 - https:\/\/yoast.com\/wordpress\/plugins\/seo\/ -->\n<title>Galilea.153 - Acoger - Todav\u00eda te queda por leer<\/title>\n<meta name=\"description\" content=\"La contraportada de Galilea.153 n\u00fam. 9 de M. Vict\u00f2ria Molins sobre las dos vertientes del verbo \u00abacoger\u00bb: acoger con el coraz\u00f3n; acoger con recursos.\" \/>\n<meta name=\"robots\" content=\"index, follow, max-snippet:-1, max-image-preview:large, max-video-preview:-1\" \/>\n<link rel=\"canonical\" href=\"https:\/\/www.cpl.es\/galilea\/ca\/2019\/09\/16\/m-victoria-molins\/\" \/>\n<meta property=\"og:locale\" content=\"ca_ES\" \/>\n<meta property=\"og:type\" content=\"article\" \/>\n<meta property=\"og:title\" content=\"Galilea.153 - Acoger - Todav\u00eda te queda por leer\" \/>\n<meta property=\"og:description\" content=\"La contraportada de Galilea.153 n\u00fam. 9 de M. Vict\u00f2ria Molins sobre las dos vertientes del verbo \u00abacoger\u00bb: acoger con el coraz\u00f3n; acoger con recursos.\" \/>\n<meta property=\"og:url\" content=\"https:\/\/www.cpl.es\/galilea\/ca\/2019\/09\/16\/m-victoria-molins\/\" \/>\n<meta property=\"og:site_name\" content=\"Galilea.153\" \/>\n<meta property=\"article:publisher\" content=\"https:\/\/www.facebook.com\/CPLeditorial\" \/>\n<meta property=\"article:published_time\" content=\"2019-09-16T08:00:28+00:00\" \/>\n<meta property=\"article:modified_time\" content=\"2019-09-10T12:45:25+00:00\" \/>\n<meta property=\"og:image\" content=\"https:\/\/www.cpl.es\/galilea\/wp-content\/uploads\/2019\/09\/acoger-galilea-153.jpg\" \/>\n\t<meta property=\"og:image:width\" content=\"1280\" \/>\n\t<meta property=\"og:image:height\" content=\"720\" \/>\n\t<meta property=\"og:image:type\" content=\"image\/jpeg\" \/>\n<meta name=\"author\" content=\"Redacci\u00f3n\" \/>\n<meta name=\"twitter:card\" content=\"summary_large_image\" \/>\n<meta name=\"twitter:creator\" content=\"@CPLeditorial\" \/>\n<meta name=\"twitter:site\" content=\"@CPLeditorial\" \/>\n<meta name=\"twitter:label1\" content=\"Escrit per\" \/>\n\t<meta name=\"twitter:data1\" content=\"Redacci\u00f3n\" \/>\n\t<meta name=\"twitter:label2\" content=\"Temps estimat de lectura\" \/>\n\t<meta name=\"twitter:data2\" content=\"2 minuts\" \/>\n<script type=\"application\/ld+json\" class=\"yoast-schema-graph\">{\"@context\":\"https:\/\/schema.org\",\"@graph\":[{\"@type\":\"Article\",\"@id\":\"https:\/\/www.cpl.es\/galilea\/2019\/09\/16\/m-victoria-molins\/#article\",\"isPartOf\":{\"@id\":\"https:\/\/www.cpl.es\/galilea\/2019\/09\/16\/m-victoria-molins\/\"},\"author\":{\"name\":\"Redacci\u00f3n\",\"@id\":\"https:\/\/www.cpl.es\/galilea\/#\/schema\/person\/2acf6b542dd68cf66dab8da157b62bcf\"},\"headline\":\"Acoger\",\"datePublished\":\"2019-09-16T08:00:28+00:00\",\"dateModified\":\"2019-09-10T12:45:25+00:00\",\"mainEntityOfPage\":{\"@id\":\"https:\/\/www.cpl.es\/galilea\/2019\/09\/16\/m-victoria-molins\/\"},\"wordCount\":490,\"commentCount\":0,\"publisher\":{\"@id\":\"https:\/\/www.cpl.es\/galilea\/#organization\"},\"image\":{\"@id\":\"https:\/\/www.cpl.es\/galilea\/2019\/09\/16\/m-victoria-molins\/#primaryimage\"},\"thumbnailUrl\":\"https:\/\/www.cpl.es\/galilea\/wp-content\/uploads\/2019\/09\/acoger-galilea-153.jpg\",\"keywords\":[\"acoger\",\"Evangelii Gaudium\",\"hospital de campa\u00f1a\",\"M. Vict\u00f2ria Molins\"],\"articleSection\":[\"Todav\u00eda te queda por leer\"],\"inLanguage\":\"ca\",\"potentialAction\":[{\"@type\":\"CommentAction\",\"name\":\"Comment\",\"target\":[\"https:\/\/www.cpl.es\/galilea\/2019\/09\/16\/m-victoria-molins\/#respond\"]}]},{\"@type\":\"WebPage\",\"@id\":\"https:\/\/www.cpl.es\/galilea\/2019\/09\/16\/m-victoria-molins\/\",\"url\":\"https:\/\/www.cpl.es\/galilea\/2019\/09\/16\/m-victoria-molins\/\",\"name\":\"Galilea.153 - Acoger - Todav\u00eda te queda por leer\",\"isPartOf\":{\"@id\":\"https:\/\/www.cpl.es\/galilea\/#website\"},\"primaryImageOfPage\":{\"@id\":\"https:\/\/www.cpl.es\/galilea\/2019\/09\/16\/m-victoria-molins\/#primaryimage\"},\"image\":{\"@id\":\"https:\/\/www.cpl.es\/galilea\/2019\/09\/16\/m-victoria-molins\/#primaryimage\"},\"thumbnailUrl\":\"https:\/\/www.cpl.es\/galilea\/wp-content\/uploads\/2019\/09\/acoger-galilea-153.jpg\",\"datePublished\":\"2019-09-16T08:00:28+00:00\",\"dateModified\":\"2019-09-10T12:45:25+00:00\",\"description\":\"La contraportada de Galilea.153 n\u00fam. 9 de M. Vict\u00f2ria Molins sobre las dos vertientes del verbo \u00abacoger\u00bb: acoger con el coraz\u00f3n; acoger con recursos.\",\"breadcrumb\":{\"@id\":\"https:\/\/www.cpl.es\/galilea\/2019\/09\/16\/m-victoria-molins\/#breadcrumb\"},\"inLanguage\":\"ca\",\"potentialAction\":[{\"@type\":\"ReadAction\",\"target\":[\"https:\/\/www.cpl.es\/galilea\/2019\/09\/16\/m-victoria-molins\/\"]}]},{\"@type\":\"ImageObject\",\"inLanguage\":\"ca\",\"@id\":\"https:\/\/www.cpl.es\/galilea\/2019\/09\/16\/m-victoria-molins\/#primaryimage\",\"url\":\"https:\/\/www.cpl.es\/galilea\/wp-content\/uploads\/2019\/09\/acoger-galilea-153.jpg\",\"contentUrl\":\"https:\/\/www.cpl.es\/galilea\/wp-content\/uploads\/2019\/09\/acoger-galilea-153.jpg\",\"width\":1280,\"height\":720},{\"@type\":\"BreadcrumbList\",\"@id\":\"https:\/\/www.cpl.es\/galilea\/2019\/09\/16\/m-victoria-molins\/#breadcrumb\",\"itemListElement\":[{\"@type\":\"ListItem\",\"position\":1,\"name\":\"Home\",\"item\":\"https:\/\/www.cpl.es\/galilea\/\"},{\"@type\":\"ListItem\",\"position\":2,\"name\":\"Acoger\"}]},{\"@type\":\"WebSite\",\"@id\":\"https:\/\/www.cpl.es\/galilea\/#website\",\"url\":\"https:\/\/www.cpl.es\/galilea\/\",\"name\":\"Galilea.153\",\"description\":\"Liturgia, pastoral, vida cristiana\",\"publisher\":{\"@id\":\"https:\/\/www.cpl.es\/galilea\/#organization\"},\"potentialAction\":[{\"@type\":\"SearchAction\",\"target\":{\"@type\":\"EntryPoint\",\"urlTemplate\":\"https:\/\/www.cpl.es\/galilea\/?s={search_term_string}\"},\"query-input\":{\"@type\":\"PropertyValueSpecification\",\"valueRequired\":true,\"valueName\":\"search_term_string\"}}],\"inLanguage\":\"ca\"},{\"@type\":\"Organization\",\"@id\":\"https:\/\/www.cpl.es\/galilea\/#organization\",\"name\":\"Centre de Pastoral Lit\u00fargica\",\"url\":\"https:\/\/www.cpl.es\/galilea\/\",\"logo\":{\"@type\":\"ImageObject\",\"inLanguage\":\"ca\",\"@id\":\"https:\/\/www.cpl.es\/galilea\/#\/schema\/logo\/image\/\",\"url\":\"https:\/\/i0.wp.com\/ivory-newt-719188.hostingersite.com\/wp-content\/uploads\/2022\/10\/perfil-xarxes-400x400-1.jpg?fit=400%2C400&ssl=1\",\"contentUrl\":\"https:\/\/i0.wp.com\/ivory-newt-719188.hostingersite.com\/wp-content\/uploads\/2022\/10\/perfil-xarxes-400x400-1.jpg?fit=400%2C400&ssl=1\",\"width\":400,\"height\":400,\"caption\":\"Centre de Pastoral Lit\u00fargica\"},\"image\":{\"@id\":\"https:\/\/www.cpl.es\/galilea\/#\/schema\/logo\/image\/\"},\"sameAs\":[\"https:\/\/www.facebook.com\/CPLeditorial\",\"https:\/\/x.com\/CPLeditorial\",\"https:\/\/www.instagram.com\/cpleditorial\/\",\"https:\/\/www.youtube.com\/c\/CentredePastoralLitrgicaCPL\"]},{\"@type\":\"Person\",\"@id\":\"https:\/\/www.cpl.es\/galilea\/#\/schema\/person\/2acf6b542dd68cf66dab8da157b62bcf\",\"name\":\"Redacci\u00f3n\",\"image\":{\"@type\":\"ImageObject\",\"inLanguage\":\"ca\",\"@id\":\"https:\/\/www.cpl.es\/galilea\/#\/schema\/person\/image\/\",\"url\":\"https:\/\/secure.gravatar.com\/avatar\/a7d8eb81e61989a1685882d33a1b4116?s=96&d=mm&r=g\",\"contentUrl\":\"https:\/\/secure.gravatar.com\/avatar\/a7d8eb81e61989a1685882d33a1b4116?s=96&d=mm&r=g\",\"caption\":\"Redacci\u00f3n\"},\"url\":\"https:\/\/www.cpl.es\/galilea\/ca\/author\/pastoral_wp\/\"}]}<\/script>\n<!-- \/ Yoast SEO plugin. -->","yoast_head_json":{"title":"Galilea.153 - Acoger - Todav\u00eda te queda por leer","description":"La contraportada de Galilea.153 n\u00fam. 9 de M. Vict\u00f2ria Molins sobre las dos vertientes del verbo \u00abacoger\u00bb: acoger con el coraz\u00f3n; acoger con recursos.","robots":{"index":"index","follow":"follow","max-snippet":"max-snippet:-1","max-image-preview":"max-image-preview:large","max-video-preview":"max-video-preview:-1"},"canonical":"https:\/\/www.cpl.es\/galilea\/ca\/2019\/09\/16\/m-victoria-molins\/","og_locale":"ca_ES","og_type":"article","og_title":"Galilea.153 - Acoger - Todav\u00eda te queda por leer","og_description":"La contraportada de Galilea.153 n\u00fam. 9 de M. Vict\u00f2ria Molins sobre las dos vertientes del verbo \u00abacoger\u00bb: acoger con el coraz\u00f3n; acoger con recursos.","og_url":"https:\/\/www.cpl.es\/galilea\/ca\/2019\/09\/16\/m-victoria-molins\/","og_site_name":"Galilea.153","article_publisher":"https:\/\/www.facebook.com\/CPLeditorial","article_published_time":"2019-09-16T08:00:28+00:00","article_modified_time":"2019-09-10T12:45:25+00:00","og_image":[{"width":1280,"height":720,"url":"https:\/\/www.cpl.es\/galilea\/wp-content\/uploads\/2019\/09\/acoger-galilea-153.jpg","type":"image\/jpeg"}],"author":"Redacci\u00f3n","twitter_card":"summary_large_image","twitter_creator":"@CPLeditorial","twitter_site":"@CPLeditorial","twitter_misc":{"Escrit per":"Redacci\u00f3n","Temps estimat de lectura":"2 minuts"},"schema":{"@context":"https:\/\/schema.org","@graph":[{"@type":"Article","@id":"https:\/\/www.cpl.es\/galilea\/2019\/09\/16\/m-victoria-molins\/#article","isPartOf":{"@id":"https:\/\/www.cpl.es\/galilea\/2019\/09\/16\/m-victoria-molins\/"},"author":{"name":"Redacci\u00f3n","@id":"https:\/\/www.cpl.es\/galilea\/#\/schema\/person\/2acf6b542dd68cf66dab8da157b62bcf"},"headline":"Acoger","datePublished":"2019-09-16T08:00:28+00:00","dateModified":"2019-09-10T12:45:25+00:00","mainEntityOfPage":{"@id":"https:\/\/www.cpl.es\/galilea\/2019\/09\/16\/m-victoria-molins\/"},"wordCount":490,"commentCount":0,"publisher":{"@id":"https:\/\/www.cpl.es\/galilea\/#organization"},"image":{"@id":"https:\/\/www.cpl.es\/galilea\/2019\/09\/16\/m-victoria-molins\/#primaryimage"},"thumbnailUrl":"https:\/\/www.cpl.es\/galilea\/wp-content\/uploads\/2019\/09\/acoger-galilea-153.jpg","keywords":["acoger","Evangelii Gaudium","hospital de campa\u00f1a","M. Vict\u00f2ria Molins"],"articleSection":["Todav\u00eda te queda por leer"],"inLanguage":"ca","potentialAction":[{"@type":"CommentAction","name":"Comment","target":["https:\/\/www.cpl.es\/galilea\/2019\/09\/16\/m-victoria-molins\/#respond"]}]},{"@type":"WebPage","@id":"https:\/\/www.cpl.es\/galilea\/2019\/09\/16\/m-victoria-molins\/","url":"https:\/\/www.cpl.es\/galilea\/2019\/09\/16\/m-victoria-molins\/","name":"Galilea.153 - Acoger - Todav\u00eda te queda por leer","isPartOf":{"@id":"https:\/\/www.cpl.es\/galilea\/#website"},"primaryImageOfPage":{"@id":"https:\/\/www.cpl.es\/galilea\/2019\/09\/16\/m-victoria-molins\/#primaryimage"},"image":{"@id":"https:\/\/www.cpl.es\/galilea\/2019\/09\/16\/m-victoria-molins\/#primaryimage"},"thumbnailUrl":"https:\/\/www.cpl.es\/galilea\/wp-content\/uploads\/2019\/09\/acoger-galilea-153.jpg","datePublished":"2019-09-16T08:00:28+00:00","dateModified":"2019-09-10T12:45:25+00:00","description":"La contraportada de Galilea.153 n\u00fam. 9 de M. Vict\u00f2ria Molins sobre las dos vertientes del verbo \u00abacoger\u00bb: acoger con el coraz\u00f3n; acoger con recursos.","breadcrumb":{"@id":"https:\/\/www.cpl.es\/galilea\/2019\/09\/16\/m-victoria-molins\/#breadcrumb"},"inLanguage":"ca","potentialAction":[{"@type":"ReadAction","target":["https:\/\/www.cpl.es\/galilea\/2019\/09\/16\/m-victoria-molins\/"]}]},{"@type":"ImageObject","inLanguage":"ca","@id":"https:\/\/www.cpl.es\/galilea\/2019\/09\/16\/m-victoria-molins\/#primaryimage","url":"https:\/\/www.cpl.es\/galilea\/wp-content\/uploads\/2019\/09\/acoger-galilea-153.jpg","contentUrl":"https:\/\/www.cpl.es\/galilea\/wp-content\/uploads\/2019\/09\/acoger-galilea-153.jpg","width":1280,"height":720},{"@type":"BreadcrumbList","@id":"https:\/\/www.cpl.es\/galilea\/2019\/09\/16\/m-victoria-molins\/#breadcrumb","itemListElement":[{"@type":"ListItem","position":1,"name":"Home","item":"https:\/\/www.cpl.es\/galilea\/"},{"@type":"ListItem","position":2,"name":"Acoger"}]},{"@type":"WebSite","@id":"https:\/\/www.cpl.es\/galilea\/#website","url":"https:\/\/www.cpl.es\/galilea\/","name":"Galilea.153","description":"Liturgia, pastoral, vida cristiana","publisher":{"@id":"https:\/\/www.cpl.es\/galilea\/#organization"},"potentialAction":[{"@type":"SearchAction","target":{"@type":"EntryPoint","urlTemplate":"https:\/\/www.cpl.es\/galilea\/?s={search_term_string}"},"query-input":{"@type":"PropertyValueSpecification","valueRequired":true,"valueName":"search_term_string"}}],"inLanguage":"ca"},{"@type":"Organization","@id":"https:\/\/www.cpl.es\/galilea\/#organization","name":"Centre de Pastoral Lit\u00fargica","url":"https:\/\/www.cpl.es\/galilea\/","logo":{"@type":"ImageObject","inLanguage":"ca","@id":"https:\/\/www.cpl.es\/galilea\/#\/schema\/logo\/image\/","url":"https:\/\/i0.wp.com\/ivory-newt-719188.hostingersite.com\/wp-content\/uploads\/2022\/10\/perfil-xarxes-400x400-1.jpg?fit=400%2C400&ssl=1","contentUrl":"https:\/\/i0.wp.com\/ivory-newt-719188.hostingersite.com\/wp-content\/uploads\/2022\/10\/perfil-xarxes-400x400-1.jpg?fit=400%2C400&ssl=1","width":400,"height":400,"caption":"Centre de Pastoral Lit\u00fargica"},"image":{"@id":"https:\/\/www.cpl.es\/galilea\/#\/schema\/logo\/image\/"},"sameAs":["https:\/\/www.facebook.com\/CPLeditorial","https:\/\/x.com\/CPLeditorial","https:\/\/www.instagram.com\/cpleditorial\/","https:\/\/www.youtube.com\/c\/CentredePastoralLitrgicaCPL"]},{"@type":"Person","@id":"https:\/\/www.cpl.es\/galilea\/#\/schema\/person\/2acf6b542dd68cf66dab8da157b62bcf","name":"Redacci\u00f3n","image":{"@type":"ImageObject","inLanguage":"ca","@id":"https:\/\/www.cpl.es\/galilea\/#\/schema\/person\/image\/","url":"https:\/\/secure.gravatar.com\/avatar\/a7d8eb81e61989a1685882d33a1b4116?s=96&d=mm&r=g","contentUrl":"https:\/\/secure.gravatar.com\/avatar\/a7d8eb81e61989a1685882d33a1b4116?s=96&d=mm&r=g","caption":"Redacci\u00f3n"},"url":"https:\/\/www.cpl.es\/galilea\/ca\/author\/pastoral_wp\/"}]}},"_links":{"self":[{"href":"https:\/\/www.cpl.es\/galilea\/ca\/wp-json\/wp\/v2\/posts\/1106"}],"collection":[{"href":"https:\/\/www.cpl.es\/galilea\/ca\/wp-json\/wp\/v2\/posts"}],"about":[{"href":"https:\/\/www.cpl.es\/galilea\/ca\/wp-json\/wp\/v2\/types\/post"}],"author":[{"embeddable":true,"href":"https:\/\/www.cpl.es\/galilea\/ca\/wp-json\/wp\/v2\/users\/1"}],"replies":[{"embeddable":true,"href":"https:\/\/www.cpl.es\/galilea\/ca\/wp-json\/wp\/v2\/comments?post=1106"}],"version-history":[{"count":3,"href":"https:\/\/www.cpl.es\/galilea\/ca\/wp-json\/wp\/v2\/posts\/1106\/revisions"}],"predecessor-version":[{"id":1116,"href":"https:\/\/www.cpl.es\/galilea\/ca\/wp-json\/wp\/v2\/posts\/1106\/revisions\/1116"}],"wp:featuredmedia":[{"embeddable":true,"href":"https:\/\/www.cpl.es\/galilea\/ca\/wp-json\/wp\/v2\/media\/1085"}],"wp:attachment":[{"href":"https:\/\/www.cpl.es\/galilea\/ca\/wp-json\/wp\/v2\/media?parent=1106"}],"wp:term":[{"taxonomy":"category","embeddable":true,"href":"https:\/\/www.cpl.es\/galilea\/ca\/wp-json\/wp\/v2\/categories?post=1106"},{"taxonomy":"post_tag","embeddable":true,"href":"https:\/\/www.cpl.es\/galilea\/ca\/wp-json\/wp\/v2\/tags?post=1106"}],"curies":[{"name":"wp","href":"https:\/\/api.w.org\/{rel}","templated":true}]}}