{"id":9099,"date":"2023-06-01T00:00:00","date_gmt":"2023-05-31T22:00:00","guid":{"rendered":"https:\/\/nuevaweb.cpl.es\/lou-com-balla-i-una-catifa-floral-per-corpus-al-seminari-conciliar-de-barcelona\/"},"modified":"2024-04-25T16:02:40","modified_gmt":"2024-04-25T14:02:40","slug":"lou-com-balla-i-una-catifa-floral-per-corpus-al-seminari-conciliar-de-barcelona","status":"publish","type":"post","link":"https:\/\/www.cpl.es\/ca\/lou-com-balla-i-una-catifa-floral-per-corpus-al-seminari-conciliar-de-barcelona\/","title":{"rendered":"L\u2019OU COM BALLA I UNA CATIFA FLORAL PER CORPUS AL SEMINARI CONCILIAR DE BARCELONA"},"content":{"rendered":"<p>El claustre de Sant Miquel del\u00a0<strong>Seminari Conciliar de Barcelona (SCB)<\/strong>\u00a0acollir\u00e0 la celebraci\u00f3 del Corpus cultural per\u00a0<a href=\"https:\/\/micloud.movistar.es\/share\/Hgp4vWx3yFdNuNWQ\">segon any consecutiu<\/a>. Es podran visitar, del 7 al 10 de juny, l\u2019ou com balla i la catifa floral dissenyada pel seminarista\u00a0<strong>Xavier Campmany de Arquer\u00a0<\/strong>inspirada en el\u00a0<strong>salm 85<\/strong>: \u00abLa fidelitat germinar\u00e0 de la terra, i la bondat mirar\u00e0 des del cel\u00bb.<\/p>\n<p>Per fer l\u2019ou com balla en mig d\u2019un\u00a0<strong>decret de sequera<\/strong>, s\u2019ha habilitat un\u00a0<a href=\"https:\/\/micloud.movistar.es\/share\/dzOiQmUWTiuCz0Ao\">circuit tancat<\/a>\u00a0amb aigua de pluja recollida aquests \u00faltims dies que, posteriorment, es reutilitzar\u00e0 per regar les zones verdes de l\u2019edifici. El guarniment de l\u2019ou com balla el fa\u00a0<a href=\"https:\/\/www.viverdelrec.cat\/rec\/\">PSM Viver del Rec<\/a>\u00a0i el de la catifa floral va a c\u00e0rrec de col\u00b7laboradors del Seminari i seminaristes.<\/p>\n<p>Amb aquesta tradici\u00f3, tan arrelada a la nostra ciutat de Barcelona,<strong>\u00a0s\u2019obre l\u2019edifici del SCB\u00a0<\/strong>per apropar-lo a la ciutadania, mostrar-ne el patrimoni, la vida acad\u00e8mica i els serveis que s\u2019ofereixen, per prendre consci\u00e8ncia que\u00a0<strong>\u00abel cor de la Di\u00f2cesi\u00bb<\/strong>\u00a0batega amb ritme.<\/p>\n<p><strong>L\u2019horari de visita<\/strong>\u00a0\u00e9s dimecres 7, de 15 a 20 h; dijous 8 i divendres 9, de 9 a 20 h; dissabte 10, de 9 a 13.30 h. L\u2019acc\u00e9s \u00e9s lliure.<\/p>\n<p><strong>Les institucions participants<\/strong><\/p>\n<p>Es consolida la col\u00b7laboraci\u00f3 entre les diferents institucions amb seu al Seminari:<\/p>\n<p><a href=\"https:\/\/www.edusantpacia.cat\/ca\">Ateneu Universitari Sant Paci\u00e0<\/a><br \/>\n<a href=\"https:\/\/bibliotecaepiscopalbcn.org\/?lang=cat\">Biblioteca P\u00fablica Episcopal del Seminari de Barcelona<\/a><br \/>\n<a href=\"https:\/\/www.cpl.es\/?lang=cat\">Centre de Pastoral Lit\u00fargica<\/a><br \/>\n<a href=\"https:\/\/www.iscreb.org\/ca\">Institut Superior de Ci\u00e8ncies Religioses de Barcelona<\/a><br \/>\n<a href=\"https:\/\/pastoralfamiliar.esglesia.barcelona\/es\/\">Secretariat Dioces\u00e0 de Pastoral Familiar de Barcelona<\/a><br \/>\n<a href=\"https:\/\/esglesia.barcelona\/pastoral-salut\/\">Servei d\u2019Acompanyament en el Dol i la Malaltia de Barcelona<\/a><br \/>\n<a href=\"https:\/\/seminaribarcelona.cat\/\">Seminari Conciliar de Barcelona<\/a><\/p>\n<p><strong>Festa popular i lit\u00fargica<\/strong><\/p>\n<p>L\u2019ou com balla ens ensenya la m\u00e0gia de la senzillesa. Aquesta manifestaci\u00f3, pr\u00f2pia de la\u00a0<strong>festa de Corpus barcelonina<\/strong>, ha esdevingut amb el pas dels anys un s\u00edmbol de la identitat festiva de la ciutat.\u00a0Els elements de l\u2019ou com balla s\u00f3n l\u2019ou, l\u2019aigua i l'abundor de flors, tots tres amb interpretacions simb\u00f2liques de fecunditat i regeneraci\u00f3, pr\u00f2pies de l\u2019estaci\u00f3 primaveral en plena vitalitat. Popularment, l\u2019ou com balla representa la Sagrada Forma dins una rica cust\u00f2dia ornada amb pedres precioses.<\/p>\n<p>\u00c9s dif\u00edcil de precisar-ne l\u2019origen. Sembla que ja existia l\u2019any 1440, tal com es dedueix d'una anotaci\u00f3 dels llibres de comptes de l\u2019obreria de la seu. Segons aquesta anotaci\u00f3, el claustre de la\u00a0<strong>Catedral de Barcelona<\/strong>\u00a0va rebre l\u2019enc\u00e0rrec d\u2019arranjar la capella per la\u00a0<strong>diada de Corpus<\/strong>\u00a0i, a m\u00e9s, s'hi registra el cost d\u2019una partida d\u2019ous per al brollador.\u00a0A l\u2019hora de cercar-ne l\u2019origen, tamb\u00e9 hem de tenir presents les similituds entre l\u2019ou com balla i els jocs d\u2019aigua que feien els musulmans en els brolladors dels patis interiors. Un d\u2019aquests jocs consisteix justament a fer gronxar una piloteta sobre el raig d\u2019aigua d'una font.<\/p>\n<p>El brollador del claustre de la\u00a0<strong>Catedral de Barcelona<\/strong>\u00a0i la\u00a0<strong>Casa de l\u2019Ardiaca<\/strong>\u00a0s\u00f3n els indrets tradicionals on trobarem l\u2019ou com balla. Actualment, es pot veure en m\u00e9s patis d\u2019edificis hist\u00f2rics i singulars de Barcelona. Aquest impuls de la diada de Corpus com a festa ciutadana ens posa a l\u2019abast un seguit d\u2019ous balladors que ens conviden a sortir al carrer i a passejar pels racons m\u00e9s bells de la ciutat.\u00a0Enguany, el\u00a0<strong>claustre de Sant Miquel del SCB<\/strong>, situat a l\u2019Eixample, se suma per segona vegada a la llista de 21 patis i claustres d\u2019enc\u00eds on l\u2019ou balla a la font.<\/p>\n<p>Web de l\u2019Ajuntament de Barcelona:\u00a0<a href=\"https:\/\/www.barcelona.cat\/culturapopular\/ca\/festes-i-tradicions\/festivitat-de-corpus-christi\">Festivitat de Corpus Christi<\/a><\/p>\n","protected":false},"excerpt":{"rendered":"<p>Corpus del 7 al 10 de juny de 2023, amb l\u2019ou com balla i una catifa floral.<\/p>\n","protected":false},"author":1,"featured_media":7538,"comment_status":"closed","ping_status":"open","sticky":false,"template":"","format":"standard","meta":{"_acf_changed":false,"inline_featured_image":false,"footnotes":""},"categories":[1],"tags":[],"class_list":["post-9099","post","type-post","status-publish","format-standard","has-post-thumbnail","hentry","category-sin-categorizar"],"acf":[],"yoast_head":"<!-- This site is optimized with the Yoast SEO plugin v27.3 - https:\/\/yoast.com\/product\/yoast-seo-wordpress\/ -->\n<title>L\u2019OU COM BALLA I UNA CATIFA FLORAL PER CORPUS AL SEMINARI CONCILIAR DE BARCELONA - CPL<\/title>\n<meta name=\"robots\" content=\"index, follow, max-snippet:-1, max-image-preview:large, max-video-preview:-1\" \/>\n<link rel=\"canonical\" href=\"https:\/\/www.cpl.es\/ca\/lou-com-balla-i-una-catifa-floral-per-corpus-al-seminari-conciliar-de-barcelona\/\" \/>\n<meta property=\"og:locale\" content=\"ca_ES\" \/>\n<meta property=\"og:type\" content=\"article\" \/>\n<meta property=\"og:title\" content=\"L\u2019OU COM BALLA I UNA CATIFA FLORAL PER CORPUS AL SEMINARI CONCILIAR DE BARCELONA - CPL\" \/>\n<meta property=\"og:description\" content=\"Corpus del 7 al 10 de juny de 2023, amb l\u2019ou com balla i una catifa floral.\" \/>\n<meta property=\"og:url\" content=\"https:\/\/www.cpl.es\/ca\/lou-com-balla-i-una-catifa-floral-per-corpus-al-seminari-conciliar-de-barcelona\/\" \/>\n<meta property=\"og:site_name\" content=\"CPL\" \/>\n<meta property=\"article:published_time\" content=\"2023-05-31T22:00:00+00:00\" \/>\n<meta property=\"article:modified_time\" content=\"2024-04-25T14:02:40+00:00\" \/>\n<meta property=\"og:image\" content=\"https:\/\/www.cpl.es\/wp-content\/uploads\/20230601162346.jpg\" \/>\n\t<meta property=\"og:image:width\" content=\"640\" \/>\n\t<meta property=\"og:image:height\" content=\"360\" \/>\n\t<meta property=\"og:image:type\" content=\"image\/jpeg\" \/>\n<meta name=\"author\" content=\"Webico\" \/>\n<meta name=\"twitter:card\" content=\"summary_large_image\" \/>\n<meta name=\"twitter:label1\" content=\"Escrit per\" \/>\n\t<meta name=\"twitter:data1\" content=\"Webico\" \/>\n\t<meta name=\"twitter:label2\" content=\"Temps estimat de lectura\" \/>\n\t<meta name=\"twitter:data2\" content=\"3 minuts\" \/>\n<script type=\"application\/ld+json\" class=\"yoast-schema-graph\">{\"@context\":\"https:\\\/\\\/schema.org\",\"@graph\":[{\"@type\":\"Article\",\"@id\":\"https:\\\/\\\/www.cpl.es\\\/ca\\\/lou-com-balla-i-una-catifa-floral-per-corpus-al-seminari-conciliar-de-barcelona\\\/#article\",\"isPartOf\":{\"@id\":\"https:\\\/\\\/www.cpl.es\\\/ca\\\/lou-com-balla-i-una-catifa-floral-per-corpus-al-seminari-conciliar-de-barcelona\\\/\"},\"author\":{\"name\":\"Webico\",\"@id\":\"https:\\\/\\\/www.cpl.es\\\/#\\\/schema\\\/person\\\/c0da6273f3a04849f3909ff1a4ed9640\"},\"headline\":\"L\u2019OU COM BALLA I UNA CATIFA FLORAL PER CORPUS AL SEMINARI CONCILIAR DE BARCELONA\",\"datePublished\":\"2023-05-31T22:00:00+00:00\",\"dateModified\":\"2024-04-25T14:02:40+00:00\",\"mainEntityOfPage\":{\"@id\":\"https:\\\/\\\/www.cpl.es\\\/ca\\\/lou-com-balla-i-una-catifa-floral-per-corpus-al-seminari-conciliar-de-barcelona\\\/\"},\"wordCount\":628,\"publisher\":{\"@id\":\"https:\\\/\\\/www.cpl.es\\\/#organization\"},\"image\":{\"@id\":\"https:\\\/\\\/www.cpl.es\\\/ca\\\/lou-com-balla-i-una-catifa-floral-per-corpus-al-seminari-conciliar-de-barcelona\\\/#primaryimage\"},\"thumbnailUrl\":\"https:\\\/\\\/www.cpl.es\\\/wp-content\\\/uploads\\\/20230601162346.jpg\",\"articleSection\":[\"Sin categorizar\"],\"inLanguage\":\"ca\"},{\"@type\":\"WebPage\",\"@id\":\"https:\\\/\\\/www.cpl.es\\\/ca\\\/lou-com-balla-i-una-catifa-floral-per-corpus-al-seminari-conciliar-de-barcelona\\\/\",\"url\":\"https:\\\/\\\/www.cpl.es\\\/ca\\\/lou-com-balla-i-una-catifa-floral-per-corpus-al-seminari-conciliar-de-barcelona\\\/\",\"name\":\"L\u2019OU COM BALLA I UNA CATIFA FLORAL PER CORPUS AL SEMINARI CONCILIAR DE BARCELONA - CPL\",\"isPartOf\":{\"@id\":\"https:\\\/\\\/www.cpl.es\\\/#website\"},\"primaryImageOfPage\":{\"@id\":\"https:\\\/\\\/www.cpl.es\\\/ca\\\/lou-com-balla-i-una-catifa-floral-per-corpus-al-seminari-conciliar-de-barcelona\\\/#primaryimage\"},\"image\":{\"@id\":\"https:\\\/\\\/www.cpl.es\\\/ca\\\/lou-com-balla-i-una-catifa-floral-per-corpus-al-seminari-conciliar-de-barcelona\\\/#primaryimage\"},\"thumbnailUrl\":\"https:\\\/\\\/www.cpl.es\\\/wp-content\\\/uploads\\\/20230601162346.jpg\",\"datePublished\":\"2023-05-31T22:00:00+00:00\",\"dateModified\":\"2024-04-25T14:02:40+00:00\",\"breadcrumb\":{\"@id\":\"https:\\\/\\\/www.cpl.es\\\/ca\\\/lou-com-balla-i-una-catifa-floral-per-corpus-al-seminari-conciliar-de-barcelona\\\/#breadcrumb\"},\"inLanguage\":\"ca\",\"potentialAction\":[{\"@type\":\"ReadAction\",\"target\":[\"https:\\\/\\\/www.cpl.es\\\/ca\\\/lou-com-balla-i-una-catifa-floral-per-corpus-al-seminari-conciliar-de-barcelona\\\/\"]}]},{\"@type\":\"ImageObject\",\"inLanguage\":\"ca\",\"@id\":\"https:\\\/\\\/www.cpl.es\\\/ca\\\/lou-com-balla-i-una-catifa-floral-per-corpus-al-seminari-conciliar-de-barcelona\\\/#primaryimage\",\"url\":\"https:\\\/\\\/www.cpl.es\\\/wp-content\\\/uploads\\\/20230601162346.jpg\",\"contentUrl\":\"https:\\\/\\\/www.cpl.es\\\/wp-content\\\/uploads\\\/20230601162346.jpg\",\"width\":640,\"height\":360},{\"@type\":\"BreadcrumbList\",\"@id\":\"https:\\\/\\\/www.cpl.es\\\/ca\\\/lou-com-balla-i-una-catifa-floral-per-corpus-al-seminari-conciliar-de-barcelona\\\/#breadcrumb\",\"itemListElement\":[{\"@type\":\"ListItem\",\"position\":1,\"name\":\"Portada\",\"item\":\"https:\\\/\\\/www.cpl.es\\\/ca\\\/\"},{\"@type\":\"ListItem\",\"position\":2,\"name\":\"L\u2019OU COM BALLA I UNA CATIFA FLORAL PER CORPUS AL SEMINARI CONCILIAR DE BARCELONA\"}]},{\"@type\":\"WebSite\",\"@id\":\"https:\\\/\\\/www.cpl.es\\\/#website\",\"url\":\"https:\\\/\\\/www.cpl.es\\\/\",\"name\":\"CPL\",\"description\":\"Centre de Pastoral Lit\u00fargica de Barcelona\",\"publisher\":{\"@id\":\"https:\\\/\\\/www.cpl.es\\\/#organization\"},\"alternateName\":\"Centre de Pastoral Lit\u00fargica\",\"potentialAction\":[{\"@type\":\"SearchAction\",\"target\":{\"@type\":\"EntryPoint\",\"urlTemplate\":\"https:\\\/\\\/www.cpl.es\\\/?s={search_term_string}\"},\"query-input\":{\"@type\":\"PropertyValueSpecification\",\"valueRequired\":true,\"valueName\":\"search_term_string\"}}],\"inLanguage\":\"ca\"},{\"@type\":\"Organization\",\"@id\":\"https:\\\/\\\/www.cpl.es\\\/#organization\",\"name\":\"Centre de Pastoral Lit\u00fargica\",\"alternateName\":\"Centre de Pastoral Lit\u00fargica de Barcelona\",\"url\":\"https:\\\/\\\/www.cpl.es\\\/\",\"logo\":{\"@type\":\"ImageObject\",\"inLanguage\":\"ca\",\"@id\":\"https:\\\/\\\/www.cpl.es\\\/#\\\/schema\\\/logo\\\/image\\\/\",\"url\":\"https:\\\/\\\/www.cpl.es\\\/wp-content\\\/uploads\\\/logo-cpl.svg\",\"contentUrl\":\"https:\\\/\\\/www.cpl.es\\\/wp-content\\\/uploads\\\/logo-cpl.svg\",\"caption\":\"Centre de Pastoral Lit\u00fargica\"},\"image\":{\"@id\":\"https:\\\/\\\/www.cpl.es\\\/#\\\/schema\\\/logo\\\/image\\\/\"}},{\"@type\":\"Person\",\"@id\":\"https:\\\/\\\/www.cpl.es\\\/#\\\/schema\\\/person\\\/c0da6273f3a04849f3909ff1a4ed9640\",\"name\":\"Webico\",\"sameAs\":[\"https:\\\/\\\/nueva.cpl.es\"]}]}<\/script>\n<!-- \/ Yoast SEO plugin. -->","yoast_head_json":{"title":"L\u2019OU COM BALLA I UNA CATIFA FLORAL PER CORPUS AL SEMINARI CONCILIAR DE BARCELONA - CPL","robots":{"index":"index","follow":"follow","max-snippet":"max-snippet:-1","max-image-preview":"max-image-preview:large","max-video-preview":"max-video-preview:-1"},"canonical":"https:\/\/www.cpl.es\/ca\/lou-com-balla-i-una-catifa-floral-per-corpus-al-seminari-conciliar-de-barcelona\/","og_locale":"ca_ES","og_type":"article","og_title":"L\u2019OU COM BALLA I UNA CATIFA FLORAL PER CORPUS AL SEMINARI CONCILIAR DE BARCELONA - CPL","og_description":"Corpus del 7 al 10 de juny de 2023, amb l\u2019ou com balla i una catifa floral.","og_url":"https:\/\/www.cpl.es\/ca\/lou-com-balla-i-una-catifa-floral-per-corpus-al-seminari-conciliar-de-barcelona\/","og_site_name":"CPL","article_published_time":"2023-05-31T22:00:00+00:00","article_modified_time":"2024-04-25T14:02:40+00:00","og_image":[{"width":640,"height":360,"url":"https:\/\/www.cpl.es\/wp-content\/uploads\/20230601162346.jpg","type":"image\/jpeg"}],"author":"Webico","twitter_card":"summary_large_image","twitter_misc":{"Escrit per":"Webico","Temps estimat de lectura":"3 minuts"},"schema":{"@context":"https:\/\/schema.org","@graph":[{"@type":"Article","@id":"https:\/\/www.cpl.es\/ca\/lou-com-balla-i-una-catifa-floral-per-corpus-al-seminari-conciliar-de-barcelona\/#article","isPartOf":{"@id":"https:\/\/www.cpl.es\/ca\/lou-com-balla-i-una-catifa-floral-per-corpus-al-seminari-conciliar-de-barcelona\/"},"author":{"name":"Webico","@id":"https:\/\/www.cpl.es\/#\/schema\/person\/c0da6273f3a04849f3909ff1a4ed9640"},"headline":"L\u2019OU COM BALLA I UNA CATIFA FLORAL PER CORPUS AL SEMINARI CONCILIAR DE BARCELONA","datePublished":"2023-05-31T22:00:00+00:00","dateModified":"2024-04-25T14:02:40+00:00","mainEntityOfPage":{"@id":"https:\/\/www.cpl.es\/ca\/lou-com-balla-i-una-catifa-floral-per-corpus-al-seminari-conciliar-de-barcelona\/"},"wordCount":628,"publisher":{"@id":"https:\/\/www.cpl.es\/#organization"},"image":{"@id":"https:\/\/www.cpl.es\/ca\/lou-com-balla-i-una-catifa-floral-per-corpus-al-seminari-conciliar-de-barcelona\/#primaryimage"},"thumbnailUrl":"https:\/\/www.cpl.es\/wp-content\/uploads\/20230601162346.jpg","articleSection":["Sin categorizar"],"inLanguage":"ca"},{"@type":"WebPage","@id":"https:\/\/www.cpl.es\/ca\/lou-com-balla-i-una-catifa-floral-per-corpus-al-seminari-conciliar-de-barcelona\/","url":"https:\/\/www.cpl.es\/ca\/lou-com-balla-i-una-catifa-floral-per-corpus-al-seminari-conciliar-de-barcelona\/","name":"L\u2019OU COM BALLA I UNA CATIFA FLORAL PER CORPUS AL SEMINARI CONCILIAR DE BARCELONA - CPL","isPartOf":{"@id":"https:\/\/www.cpl.es\/#website"},"primaryImageOfPage":{"@id":"https:\/\/www.cpl.es\/ca\/lou-com-balla-i-una-catifa-floral-per-corpus-al-seminari-conciliar-de-barcelona\/#primaryimage"},"image":{"@id":"https:\/\/www.cpl.es\/ca\/lou-com-balla-i-una-catifa-floral-per-corpus-al-seminari-conciliar-de-barcelona\/#primaryimage"},"thumbnailUrl":"https:\/\/www.cpl.es\/wp-content\/uploads\/20230601162346.jpg","datePublished":"2023-05-31T22:00:00+00:00","dateModified":"2024-04-25T14:02:40+00:00","breadcrumb":{"@id":"https:\/\/www.cpl.es\/ca\/lou-com-balla-i-una-catifa-floral-per-corpus-al-seminari-conciliar-de-barcelona\/#breadcrumb"},"inLanguage":"ca","potentialAction":[{"@type":"ReadAction","target":["https:\/\/www.cpl.es\/ca\/lou-com-balla-i-una-catifa-floral-per-corpus-al-seminari-conciliar-de-barcelona\/"]}]},{"@type":"ImageObject","inLanguage":"ca","@id":"https:\/\/www.cpl.es\/ca\/lou-com-balla-i-una-catifa-floral-per-corpus-al-seminari-conciliar-de-barcelona\/#primaryimage","url":"https:\/\/www.cpl.es\/wp-content\/uploads\/20230601162346.jpg","contentUrl":"https:\/\/www.cpl.es\/wp-content\/uploads\/20230601162346.jpg","width":640,"height":360},{"@type":"BreadcrumbList","@id":"https:\/\/www.cpl.es\/ca\/lou-com-balla-i-una-catifa-floral-per-corpus-al-seminari-conciliar-de-barcelona\/#breadcrumb","itemListElement":[{"@type":"ListItem","position":1,"name":"Portada","item":"https:\/\/www.cpl.es\/ca\/"},{"@type":"ListItem","position":2,"name":"L\u2019OU COM BALLA I UNA CATIFA FLORAL PER CORPUS AL SEMINARI CONCILIAR DE BARCELONA"}]},{"@type":"WebSite","@id":"https:\/\/www.cpl.es\/#website","url":"https:\/\/www.cpl.es\/","name":"CPL","description":"Centre de Pastoral Lit\u00fargica de Barcelona","publisher":{"@id":"https:\/\/www.cpl.es\/#organization"},"alternateName":"Centre de Pastoral Lit\u00fargica","potentialAction":[{"@type":"SearchAction","target":{"@type":"EntryPoint","urlTemplate":"https:\/\/www.cpl.es\/?s={search_term_string}"},"query-input":{"@type":"PropertyValueSpecification","valueRequired":true,"valueName":"search_term_string"}}],"inLanguage":"ca"},{"@type":"Organization","@id":"https:\/\/www.cpl.es\/#organization","name":"Centre de Pastoral Lit\u00fargica","alternateName":"Centre de Pastoral Lit\u00fargica de Barcelona","url":"https:\/\/www.cpl.es\/","logo":{"@type":"ImageObject","inLanguage":"ca","@id":"https:\/\/www.cpl.es\/#\/schema\/logo\/image\/","url":"https:\/\/www.cpl.es\/wp-content\/uploads\/logo-cpl.svg","contentUrl":"https:\/\/www.cpl.es\/wp-content\/uploads\/logo-cpl.svg","caption":"Centre de Pastoral Lit\u00fargica"},"image":{"@id":"https:\/\/www.cpl.es\/#\/schema\/logo\/image\/"}},{"@type":"Person","@id":"https:\/\/www.cpl.es\/#\/schema\/person\/c0da6273f3a04849f3909ff1a4ed9640","name":"Webico","sameAs":["https:\/\/nueva.cpl.es"]}]}},"_links":{"self":[{"href":"https:\/\/www.cpl.es\/ca\/wp-json\/wp\/v2\/posts\/9099","targetHints":{"allow":["GET"]}}],"collection":[{"href":"https:\/\/www.cpl.es\/ca\/wp-json\/wp\/v2\/posts"}],"about":[{"href":"https:\/\/www.cpl.es\/ca\/wp-json\/wp\/v2\/types\/post"}],"author":[{"embeddable":true,"href":"https:\/\/www.cpl.es\/ca\/wp-json\/wp\/v2\/users\/1"}],"replies":[{"embeddable":true,"href":"https:\/\/www.cpl.es\/ca\/wp-json\/wp\/v2\/comments?post=9099"}],"version-history":[{"count":1,"href":"https:\/\/www.cpl.es\/ca\/wp-json\/wp\/v2\/posts\/9099\/revisions"}],"predecessor-version":[{"id":11053,"href":"https:\/\/www.cpl.es\/ca\/wp-json\/wp\/v2\/posts\/9099\/revisions\/11053"}],"wp:featuredmedia":[{"embeddable":true,"href":"https:\/\/www.cpl.es\/ca\/wp-json\/wp\/v2\/media\/7538"}],"wp:attachment":[{"href":"https:\/\/www.cpl.es\/ca\/wp-json\/wp\/v2\/media?parent=9099"}],"wp:term":[{"taxonomy":"category","embeddable":true,"href":"https:\/\/www.cpl.es\/ca\/wp-json\/wp\/v2\/categories?post=9099"},{"taxonomy":"post_tag","embeddable":true,"href":"https:\/\/www.cpl.es\/ca\/wp-json\/wp\/v2\/tags?post=9099"}],"curies":[{"name":"wp","href":"https:\/\/api.w.org\/{rel}","templated":true}]}}