{"id":9050,"date":"2021-03-15T00:00:00","date_gmt":"2021-03-14T23:00:00","guid":{"rendered":"https:\/\/nuevaweb.cpl.es\/un-sant-josep-especial\/"},"modified":"2023-12-05T10:55:34","modified_gmt":"2023-12-05T09:55:34","slug":"un-sant-josep-especial","status":"publish","type":"post","link":"https:\/\/www.cpl.es\/ca\/un-sant-josep-especial\/","title":{"rendered":"UN SANT JOSEP ESPECIAL"},"content":{"rendered":"<p>Aquest any la solemnitat de\u00a0<strong>sant Josep<\/strong>\u00a0t\u00e9 un ress\u00f2 especial, degut a l\u2019Any de Sant Josep que ha convocat el\u00a0<strong>papa Francesc<\/strong>. En el n\u00famero 4 de la revista\u00a0<em>Missa Dominical<\/em>\u00a0d\u2019enguany hi ha els materials necessaris per celebrar lit\u00fargicament aquesta festa, amb les refer\u00e8ncies adients a l\u2019<strong>Any de Sant Josep<\/strong>: orientacions per a la celebraci\u00f3, notes exeg\u00e8tiques, projecte d\u2019homilia, i full per a la celebraci\u00f3. I dedica un dels articles a l\u2019Any de Sant Josep amb la refer\u00e8ncia a la carta apost\u00f2lica\u00a0<em><a href=\"http:\/\/www.documents.arquebisbattarragona.cat\/2020\/12\/08\/carta-apostolica-patrus-corde\/\">Patris corde<\/a><\/em>, i un altre al dia del Seminari d\u2019enguany, amb el lema \u201cPare i germ\u00e0, com sant Josep\u201d.<\/p>\n<p>El full encartat en el n\u00famero 6,\u00a0<a href=\"https:\/\/www.cpl.es\/wp-content\/uploads\/Sant-Josep.pdf\">Any cristi\u00e0 65<\/a>\u00a0(PDF), t\u00e9 un cant per a sant Josep. Un himne titulat \u201cSant del silenci\u201d, amb m\u00fasica d\u2019<strong>Albert Taul\u00e9\u00a0<\/strong>i lletra de\u00a0<strong>Pere Valls Garreta<\/strong>, que estava incl\u00f2s en l\u2019<em>Himnari lit\u00fargic catal\u00e0<\/em>, preparat per Mn.\u00a0<strong>Pere Farn\u00e9s<\/strong>\u00a0i publicat per editorial Regina l\u2019any 1989 i reeditat posteriorment pel CPL l\u2019any 2003. La lletra apareixia tamb\u00e9 en la primera edici\u00f3 de la Lit\u00fargia de les Hores, al volum II (himnes catalans en ap\u00e8ndix), i tamb\u00e9 en el Di\u00fcrnal. Com que en la nova edici\u00f3 de la Lit\u00fargia de les Hores no apareixen els himnes de nova composici\u00f3 en catal\u00e0, val la pena recuperar-lo ara. Aquest full inclou tamb\u00e9 la preg\u00e0ria del papa Francesc a Sant Josep, i un fragment de la seva carta apost\u00f2lica.<\/p>\n<p>El\u00a0f<a href=\"https:\/\/www.cpl.es\/wp-content\/uploads\/San-Jose.pdf\" target=\"_blank\" rel=\"noopener\">ull en castell\u00e0<\/a>\u00a0(PDF) proposa un cant per a sant Josep, en aquest cas l\u2019\u201cHimno a san Jos\u00e9\u201d, amb lletra de\u00a0<strong>Jos\u00e9 Luis Blanco<\/strong>\u00a0i m\u00fasica de\u00a0<strong>J. Men\u00e9ndez<\/strong>, un cant de nova composici\u00f3 que ha estat incl\u00f2s en la nova edici\u00f3 de la Lit\u00fargia de les Hores en castell\u00e0.<\/p>\n<p>Foto: A. M. Canal<\/p>\n","protected":false},"excerpt":{"rendered":"<p>Un material espec\u00edfic per celebrar la seva solemnitat, 19 de mar\u00e7.<\/p>\n","protected":false},"author":1,"featured_media":7456,"comment_status":"closed","ping_status":"open","sticky":false,"template":"","format":"standard","meta":{"_acf_changed":false,"inline_featured_image":false,"footnotes":""},"categories":[1],"tags":[],"class_list":["post-9050","post","type-post","status-publish","format-standard","has-post-thumbnail","hentry","category-sin-categorizar"],"acf":[],"yoast_head":"<!-- This site is optimized with the Yoast SEO plugin v27.3 - https:\/\/yoast.com\/product\/yoast-seo-wordpress\/ -->\n<title>UN SANT JOSEP ESPECIAL - CPL<\/title>\n<meta name=\"robots\" content=\"index, follow, max-snippet:-1, max-image-preview:large, max-video-preview:-1\" \/>\n<link rel=\"canonical\" href=\"https:\/\/www.cpl.es\/ca\/un-sant-josep-especial\/\" \/>\n<meta property=\"og:locale\" content=\"ca_ES\" \/>\n<meta property=\"og:type\" content=\"article\" \/>\n<meta property=\"og:title\" content=\"UN SANT JOSEP ESPECIAL - CPL\" \/>\n<meta property=\"og:description\" content=\"Un material espec\u00edfic per celebrar la seva solemnitat, 19 de mar\u00e7.\" \/>\n<meta property=\"og:url\" content=\"https:\/\/www.cpl.es\/ca\/un-sant-josep-especial\/\" \/>\n<meta property=\"og:site_name\" content=\"CPL\" \/>\n<meta property=\"article:published_time\" content=\"2021-03-14T23:00:00+00:00\" \/>\n<meta property=\"article:modified_time\" content=\"2023-12-05T09:55:34+00:00\" \/>\n<meta property=\"og:image\" content=\"https:\/\/www.cpl.es\/wp-content\/uploads\/20210315074758.jpg\" \/>\n\t<meta property=\"og:image:width\" content=\"1280\" \/>\n\t<meta property=\"og:image:height\" content=\"720\" \/>\n\t<meta property=\"og:image:type\" content=\"image\/jpeg\" \/>\n<meta name=\"author\" content=\"Webico\" \/>\n<meta name=\"twitter:card\" content=\"summary_large_image\" \/>\n<meta name=\"twitter:label1\" content=\"Escrit per\" \/>\n\t<meta name=\"twitter:data1\" content=\"Webico\" \/>\n\t<meta name=\"twitter:label2\" content=\"Temps estimat de lectura\" \/>\n\t<meta name=\"twitter:data2\" content=\"2 minuts\" \/>\n<script type=\"application\/ld+json\" class=\"yoast-schema-graph\">{\"@context\":\"https:\\\/\\\/schema.org\",\"@graph\":[{\"@type\":\"Article\",\"@id\":\"https:\\\/\\\/www.cpl.es\\\/ca\\\/un-sant-josep-especial\\\/#article\",\"isPartOf\":{\"@id\":\"https:\\\/\\\/www.cpl.es\\\/ca\\\/un-sant-josep-especial\\\/\"},\"author\":{\"name\":\"Webico\",\"@id\":\"https:\\\/\\\/www.cpl.es\\\/#\\\/schema\\\/person\\\/c0da6273f3a04849f3909ff1a4ed9640\"},\"headline\":\"UN SANT JOSEP ESPECIAL\",\"datePublished\":\"2021-03-14T23:00:00+00:00\",\"dateModified\":\"2023-12-05T09:55:34+00:00\",\"mainEntityOfPage\":{\"@id\":\"https:\\\/\\\/www.cpl.es\\\/ca\\\/un-sant-josep-especial\\\/\"},\"wordCount\":321,\"publisher\":{\"@id\":\"https:\\\/\\\/www.cpl.es\\\/#organization\"},\"image\":{\"@id\":\"https:\\\/\\\/www.cpl.es\\\/ca\\\/un-sant-josep-especial\\\/#primaryimage\"},\"thumbnailUrl\":\"https:\\\/\\\/www.cpl.es\\\/wp-content\\\/uploads\\\/20210315074758.jpg\",\"articleSection\":[\"Sin categorizar\"],\"inLanguage\":\"ca\"},{\"@type\":\"WebPage\",\"@id\":\"https:\\\/\\\/www.cpl.es\\\/ca\\\/un-sant-josep-especial\\\/\",\"url\":\"https:\\\/\\\/www.cpl.es\\\/ca\\\/un-sant-josep-especial\\\/\",\"name\":\"UN SANT JOSEP ESPECIAL - CPL\",\"isPartOf\":{\"@id\":\"https:\\\/\\\/www.cpl.es\\\/#website\"},\"primaryImageOfPage\":{\"@id\":\"https:\\\/\\\/www.cpl.es\\\/ca\\\/un-sant-josep-especial\\\/#primaryimage\"},\"image\":{\"@id\":\"https:\\\/\\\/www.cpl.es\\\/ca\\\/un-sant-josep-especial\\\/#primaryimage\"},\"thumbnailUrl\":\"https:\\\/\\\/www.cpl.es\\\/wp-content\\\/uploads\\\/20210315074758.jpg\",\"datePublished\":\"2021-03-14T23:00:00+00:00\",\"dateModified\":\"2023-12-05T09:55:34+00:00\",\"breadcrumb\":{\"@id\":\"https:\\\/\\\/www.cpl.es\\\/ca\\\/un-sant-josep-especial\\\/#breadcrumb\"},\"inLanguage\":\"ca\",\"potentialAction\":[{\"@type\":\"ReadAction\",\"target\":[\"https:\\\/\\\/www.cpl.es\\\/ca\\\/un-sant-josep-especial\\\/\"]}]},{\"@type\":\"ImageObject\",\"inLanguage\":\"ca\",\"@id\":\"https:\\\/\\\/www.cpl.es\\\/ca\\\/un-sant-josep-especial\\\/#primaryimage\",\"url\":\"https:\\\/\\\/www.cpl.es\\\/wp-content\\\/uploads\\\/20210315074758.jpg\",\"contentUrl\":\"https:\\\/\\\/www.cpl.es\\\/wp-content\\\/uploads\\\/20210315074758.jpg\",\"width\":1280,\"height\":720},{\"@type\":\"BreadcrumbList\",\"@id\":\"https:\\\/\\\/www.cpl.es\\\/ca\\\/un-sant-josep-especial\\\/#breadcrumb\",\"itemListElement\":[{\"@type\":\"ListItem\",\"position\":1,\"name\":\"Portada\",\"item\":\"https:\\\/\\\/www.cpl.es\\\/ca\\\/\"},{\"@type\":\"ListItem\",\"position\":2,\"name\":\"UN SANT JOSEP ESPECIAL\"}]},{\"@type\":\"WebSite\",\"@id\":\"https:\\\/\\\/www.cpl.es\\\/#website\",\"url\":\"https:\\\/\\\/www.cpl.es\\\/\",\"name\":\"CPL\",\"description\":\"Centre de Pastoral Lit\u00fargica de Barcelona\",\"publisher\":{\"@id\":\"https:\\\/\\\/www.cpl.es\\\/#organization\"},\"alternateName\":\"Centre de Pastoral Lit\u00fargica\",\"potentialAction\":[{\"@type\":\"SearchAction\",\"target\":{\"@type\":\"EntryPoint\",\"urlTemplate\":\"https:\\\/\\\/www.cpl.es\\\/?s={search_term_string}\"},\"query-input\":{\"@type\":\"PropertyValueSpecification\",\"valueRequired\":true,\"valueName\":\"search_term_string\"}}],\"inLanguage\":\"ca\"},{\"@type\":\"Organization\",\"@id\":\"https:\\\/\\\/www.cpl.es\\\/#organization\",\"name\":\"Centre de Pastoral Lit\u00fargica\",\"alternateName\":\"Centre de Pastoral Lit\u00fargica de Barcelona\",\"url\":\"https:\\\/\\\/www.cpl.es\\\/\",\"logo\":{\"@type\":\"ImageObject\",\"inLanguage\":\"ca\",\"@id\":\"https:\\\/\\\/www.cpl.es\\\/#\\\/schema\\\/logo\\\/image\\\/\",\"url\":\"https:\\\/\\\/www.cpl.es\\\/wp-content\\\/uploads\\\/logo-cpl.svg\",\"contentUrl\":\"https:\\\/\\\/www.cpl.es\\\/wp-content\\\/uploads\\\/logo-cpl.svg\",\"caption\":\"Centre de Pastoral Lit\u00fargica\"},\"image\":{\"@id\":\"https:\\\/\\\/www.cpl.es\\\/#\\\/schema\\\/logo\\\/image\\\/\"}},{\"@type\":\"Person\",\"@id\":\"https:\\\/\\\/www.cpl.es\\\/#\\\/schema\\\/person\\\/c0da6273f3a04849f3909ff1a4ed9640\",\"name\":\"Webico\",\"sameAs\":[\"https:\\\/\\\/nueva.cpl.es\"]}]}<\/script>\n<!-- \/ Yoast SEO plugin. -->","yoast_head_json":{"title":"UN SANT JOSEP ESPECIAL - CPL","robots":{"index":"index","follow":"follow","max-snippet":"max-snippet:-1","max-image-preview":"max-image-preview:large","max-video-preview":"max-video-preview:-1"},"canonical":"https:\/\/www.cpl.es\/ca\/un-sant-josep-especial\/","og_locale":"ca_ES","og_type":"article","og_title":"UN SANT JOSEP ESPECIAL - CPL","og_description":"Un material espec\u00edfic per celebrar la seva solemnitat, 19 de mar\u00e7.","og_url":"https:\/\/www.cpl.es\/ca\/un-sant-josep-especial\/","og_site_name":"CPL","article_published_time":"2021-03-14T23:00:00+00:00","article_modified_time":"2023-12-05T09:55:34+00:00","og_image":[{"width":1280,"height":720,"url":"https:\/\/www.cpl.es\/wp-content\/uploads\/20210315074758.jpg","type":"image\/jpeg"}],"author":"Webico","twitter_card":"summary_large_image","twitter_misc":{"Escrit per":"Webico","Temps estimat de lectura":"2 minuts"},"schema":{"@context":"https:\/\/schema.org","@graph":[{"@type":"Article","@id":"https:\/\/www.cpl.es\/ca\/un-sant-josep-especial\/#article","isPartOf":{"@id":"https:\/\/www.cpl.es\/ca\/un-sant-josep-especial\/"},"author":{"name":"Webico","@id":"https:\/\/www.cpl.es\/#\/schema\/person\/c0da6273f3a04849f3909ff1a4ed9640"},"headline":"UN SANT JOSEP ESPECIAL","datePublished":"2021-03-14T23:00:00+00:00","dateModified":"2023-12-05T09:55:34+00:00","mainEntityOfPage":{"@id":"https:\/\/www.cpl.es\/ca\/un-sant-josep-especial\/"},"wordCount":321,"publisher":{"@id":"https:\/\/www.cpl.es\/#organization"},"image":{"@id":"https:\/\/www.cpl.es\/ca\/un-sant-josep-especial\/#primaryimage"},"thumbnailUrl":"https:\/\/www.cpl.es\/wp-content\/uploads\/20210315074758.jpg","articleSection":["Sin categorizar"],"inLanguage":"ca"},{"@type":"WebPage","@id":"https:\/\/www.cpl.es\/ca\/un-sant-josep-especial\/","url":"https:\/\/www.cpl.es\/ca\/un-sant-josep-especial\/","name":"UN SANT JOSEP ESPECIAL - CPL","isPartOf":{"@id":"https:\/\/www.cpl.es\/#website"},"primaryImageOfPage":{"@id":"https:\/\/www.cpl.es\/ca\/un-sant-josep-especial\/#primaryimage"},"image":{"@id":"https:\/\/www.cpl.es\/ca\/un-sant-josep-especial\/#primaryimage"},"thumbnailUrl":"https:\/\/www.cpl.es\/wp-content\/uploads\/20210315074758.jpg","datePublished":"2021-03-14T23:00:00+00:00","dateModified":"2023-12-05T09:55:34+00:00","breadcrumb":{"@id":"https:\/\/www.cpl.es\/ca\/un-sant-josep-especial\/#breadcrumb"},"inLanguage":"ca","potentialAction":[{"@type":"ReadAction","target":["https:\/\/www.cpl.es\/ca\/un-sant-josep-especial\/"]}]},{"@type":"ImageObject","inLanguage":"ca","@id":"https:\/\/www.cpl.es\/ca\/un-sant-josep-especial\/#primaryimage","url":"https:\/\/www.cpl.es\/wp-content\/uploads\/20210315074758.jpg","contentUrl":"https:\/\/www.cpl.es\/wp-content\/uploads\/20210315074758.jpg","width":1280,"height":720},{"@type":"BreadcrumbList","@id":"https:\/\/www.cpl.es\/ca\/un-sant-josep-especial\/#breadcrumb","itemListElement":[{"@type":"ListItem","position":1,"name":"Portada","item":"https:\/\/www.cpl.es\/ca\/"},{"@type":"ListItem","position":2,"name":"UN SANT JOSEP ESPECIAL"}]},{"@type":"WebSite","@id":"https:\/\/www.cpl.es\/#website","url":"https:\/\/www.cpl.es\/","name":"CPL","description":"Centre de Pastoral Lit\u00fargica de Barcelona","publisher":{"@id":"https:\/\/www.cpl.es\/#organization"},"alternateName":"Centre de Pastoral Lit\u00fargica","potentialAction":[{"@type":"SearchAction","target":{"@type":"EntryPoint","urlTemplate":"https:\/\/www.cpl.es\/?s={search_term_string}"},"query-input":{"@type":"PropertyValueSpecification","valueRequired":true,"valueName":"search_term_string"}}],"inLanguage":"ca"},{"@type":"Organization","@id":"https:\/\/www.cpl.es\/#organization","name":"Centre de Pastoral Lit\u00fargica","alternateName":"Centre de Pastoral Lit\u00fargica de Barcelona","url":"https:\/\/www.cpl.es\/","logo":{"@type":"ImageObject","inLanguage":"ca","@id":"https:\/\/www.cpl.es\/#\/schema\/logo\/image\/","url":"https:\/\/www.cpl.es\/wp-content\/uploads\/logo-cpl.svg","contentUrl":"https:\/\/www.cpl.es\/wp-content\/uploads\/logo-cpl.svg","caption":"Centre de Pastoral Lit\u00fargica"},"image":{"@id":"https:\/\/www.cpl.es\/#\/schema\/logo\/image\/"}},{"@type":"Person","@id":"https:\/\/www.cpl.es\/#\/schema\/person\/c0da6273f3a04849f3909ff1a4ed9640","name":"Webico","sameAs":["https:\/\/nueva.cpl.es"]}]}},"_links":{"self":[{"href":"https:\/\/www.cpl.es\/ca\/wp-json\/wp\/v2\/posts\/9050","targetHints":{"allow":["GET"]}}],"collection":[{"href":"https:\/\/www.cpl.es\/ca\/wp-json\/wp\/v2\/posts"}],"about":[{"href":"https:\/\/www.cpl.es\/ca\/wp-json\/wp\/v2\/types\/post"}],"author":[{"embeddable":true,"href":"https:\/\/www.cpl.es\/ca\/wp-json\/wp\/v2\/users\/1"}],"replies":[{"embeddable":true,"href":"https:\/\/www.cpl.es\/ca\/wp-json\/wp\/v2\/comments?post=9050"}],"version-history":[{"count":2,"href":"https:\/\/www.cpl.es\/ca\/wp-json\/wp\/v2\/posts\/9050\/revisions"}],"predecessor-version":[{"id":10980,"href":"https:\/\/www.cpl.es\/ca\/wp-json\/wp\/v2\/posts\/9050\/revisions\/10980"}],"wp:featuredmedia":[{"embeddable":true,"href":"https:\/\/www.cpl.es\/ca\/wp-json\/wp\/v2\/media\/7456"}],"wp:attachment":[{"href":"https:\/\/www.cpl.es\/ca\/wp-json\/wp\/v2\/media?parent=9050"}],"wp:term":[{"taxonomy":"category","embeddable":true,"href":"https:\/\/www.cpl.es\/ca\/wp-json\/wp\/v2\/categories?post=9050"},{"taxonomy":"post_tag","embeddable":true,"href":"https:\/\/www.cpl.es\/ca\/wp-json\/wp\/v2\/tags?post=9050"}],"curies":[{"name":"wp","href":"https:\/\/api.w.org\/{rel}","templated":true}]}}