{"id":9002,"date":"2019-11-19T00:00:00","date_gmt":"2019-11-18T23:00:00","guid":{"rendered":"https:\/\/nuevaweb.cpl.es\/liturgia-versus-espiritualitat\/"},"modified":"2023-12-05T09:24:00","modified_gmt":"2023-12-05T08:24:00","slug":"liturgia-versus-espiritualitat","status":"publish","type":"post","link":"https:\/\/www.cpl.es\/ca\/liturgia-versus-espiritualitat\/","title":{"rendered":"LIT\u00daRGIA VERSUS ESPIRITUALITAT?"},"content":{"rendered":"<p>L\u2019altre dia escoltava una confer\u00e8ncia molt i molt suggeridora d\u2019una persona cristiana jove, culta, amb tres carreres universit\u00e0ries, un comprom\u00eds acreditat fent servei als altres i una espiritualitat que es notava treballada. Sense postureig. Amb tota l\u2019autenticitat.<\/p>\n<p>Parlava del necessari equilibri entre l\u2019acci\u00f3, l\u2019espiritualitat i la formaci\u00f3, cosa que comparteixo del tot. Per\u00f2 alguna cosa va grinyolar dintre meu i les meves neurones, domesticades al Centre de Pastoral Lit\u00fargica, on treballo, van saltar: espiritualitat? Com \u00e9s que no parla de lit\u00fargia? A cop calent, em va sortir de reivindicar all\u00e0 mateix la lit\u00fargia, pel seu car\u00e0cter comunitari i de pres\u00e8ncia i memorial desitjat expl\u00edcitament per Jesucrist, contraposant-la a l\u2019espiritualitat (m\u00e9s individual i diversa encara que igualment necess\u00e0ria). Vaig trobar resposta en algunes persones presents a la sala, que van posar en dubte l\u2019efic\u00e0cia (si \u00e9s que es pot dir aix\u00ed) d\u2019unes misses, deien, ben allunyades del llenguatge i de la vida dels homes i dones d\u2019avui. Vaig encaixar una senyora golejada.<\/p>\n<p>Una mica m\u00e9s fredament, vaig pensar que alguna cosa no rutlla quan la lit\u00fargia no apareix espont\u00e0niament a la llista de \u00abcoses importants\u00bb en la vida cristiana de molta gent que fa tot el possible per viure la seva fe a fons i de manera coherent. Solem fer revisi\u00f3 de vida, estudis d\u2019evangeli, exercicis espirituals, preg\u00e0ries de moltes menes; hi ha qui resa el Rosari o qui fa meditaci\u00f3 en silenci, per\u00f2 la lit\u00fargia \u00e9s una altra cosa.<\/p>\n<p>Ho expressa molt b\u00e9 Goffredo Boselli, en un llibre que acabem de publicar al CPL (<em>El sentido espiritual de la liturgia<\/em>), quan diu que el cam\u00ed de coneixement de l\u2019Escriptura que han fet molts cristians i que ha aconseguit que la B\u00edblia sigui font d\u2019espiritualitat per a molta gent, no ha existit per a la lit\u00fargia. I que ens caldria una mena de\u00a0<em>lectio liturgica<\/em>\u00a0per aproximar-nos, per exemple, al sentit de la preg\u00e0ria eucar\u00edstica, que sol passar desapercebut per a molts dels participants a les misses. Potser perqu\u00e8 vivim una vida sacramental dissociada dels moments vitals importants, o la sentim molt distant. En la hist\u00f2ria de la lit\u00fargia, em deia no fa gaire un amic liturgista, mai no han arribat a \u00abfuncionar\u00bb alhora tots els sagraments. Quan n\u2019arreglem un, n\u2019espatllem un altre. Durant molts anys, combregar era cosa de pocs i molt de tant en tant. Mentre que aix\u00f2 ha millorat, el sagrament de la reconciliaci\u00f3 s\u2019ha desenquadernat. Si m\u00e9s no a l\u2019Esgl\u00e9sia occidental, no acabem de trobar una\u00a0<em>mistag\u00f2gia<\/em>\u00a0satisfact\u00f2ria (aquest cam\u00ed d\u2019iniciaci\u00f3 vital al misteri pasqual) i ens quedem en una mena de ritus de tr\u00e0mit.<\/p>\n<p>Aix\u00f2 mateix diu Jos\u00e9 Manuel Bernal en una altra recent publicaci\u00f3 del CPL (<em>Rescatar la lit\u00fargia<\/em>). Per poc que us interessi el tema, hi trobareu articles molt curts que ajuden a comprendre molt millor la lit\u00fargia des de la perspectiva dels cristians amb pocs coneixements teol\u00f2gics o lit\u00fargics com jo mateixa. En fi, crec que transmetre el gust per la lit\u00fargia \u00e9s un dels reptes m\u00e9s seriosos que t\u00e9 avui l\u2019Esgl\u00e9sia.<\/p>\n","protected":false},"excerpt":{"rendered":"<p>Article de Merc\u00e8 Sol\u00e9 publicat en la secci\u00f3 de lit\u00fargia del setmanari Catalunya Cristiana, 17 de novembre de 2019.<\/p>\n","protected":false},"author":1,"featured_media":7372,"comment_status":"closed","ping_status":"open","sticky":false,"template":"","format":"standard","meta":{"_acf_changed":false,"inline_featured_image":false,"footnotes":""},"categories":[1],"tags":[],"class_list":["post-9002","post","type-post","status-publish","format-standard","has-post-thumbnail","hentry","category-sin-categorizar"],"acf":[],"yoast_head":"<!-- This site is optimized with the Yoast SEO plugin v27.3 - https:\/\/yoast.com\/product\/yoast-seo-wordpress\/ -->\n<title>LIT\u00daRGIA VERSUS ESPIRITUALITAT? - CPL<\/title>\n<meta name=\"robots\" content=\"index, follow, max-snippet:-1, max-image-preview:large, max-video-preview:-1\" \/>\n<link rel=\"canonical\" href=\"https:\/\/www.cpl.es\/ca\/liturgia-versus-espiritualitat\/\" \/>\n<meta property=\"og:locale\" content=\"ca_ES\" \/>\n<meta property=\"og:type\" content=\"article\" \/>\n<meta property=\"og:title\" content=\"LIT\u00daRGIA VERSUS ESPIRITUALITAT? - CPL\" \/>\n<meta property=\"og:description\" content=\"Article de Merc\u00e8 Sol\u00e9 publicat en la secci\u00f3 de lit\u00fargia del setmanari Catalunya Cristiana, 17 de novembre de 2019.\" \/>\n<meta property=\"og:url\" content=\"https:\/\/www.cpl.es\/ca\/liturgia-versus-espiritualitat\/\" \/>\n<meta property=\"og:site_name\" content=\"CPL\" \/>\n<meta property=\"article:published_time\" content=\"2019-11-18T23:00:00+00:00\" \/>\n<meta property=\"article:modified_time\" content=\"2023-12-05T08:24:00+00:00\" \/>\n<meta property=\"og:image\" content=\"https:\/\/www.cpl.es\/wp-content\/uploads\/20191119123813.jpg\" \/>\n\t<meta property=\"og:image:width\" content=\"1512\" \/>\n\t<meta property=\"og:image:height\" content=\"880\" \/>\n\t<meta property=\"og:image:type\" content=\"image\/jpeg\" \/>\n<meta name=\"author\" content=\"Webico\" \/>\n<meta name=\"twitter:card\" content=\"summary_large_image\" \/>\n<meta name=\"twitter:label1\" content=\"Escrit per\" \/>\n\t<meta name=\"twitter:data1\" content=\"Webico\" \/>\n\t<meta name=\"twitter:label2\" content=\"Temps estimat de lectura\" \/>\n\t<meta name=\"twitter:data2\" content=\"3 minuts\" \/>\n<script type=\"application\/ld+json\" class=\"yoast-schema-graph\">{\"@context\":\"https:\\\/\\\/schema.org\",\"@graph\":[{\"@type\":\"Article\",\"@id\":\"https:\\\/\\\/www.cpl.es\\\/ca\\\/liturgia-versus-espiritualitat\\\/#article\",\"isPartOf\":{\"@id\":\"https:\\\/\\\/www.cpl.es\\\/ca\\\/liturgia-versus-espiritualitat\\\/\"},\"author\":{\"name\":\"Webico\",\"@id\":\"https:\\\/\\\/www.cpl.es\\\/#\\\/schema\\\/person\\\/e0710ad98477b8afb5160d4e642115ab\"},\"headline\":\"LIT\u00daRGIA VERSUS ESPIRITUALITAT?\",\"datePublished\":\"2019-11-18T23:00:00+00:00\",\"dateModified\":\"2023-12-05T08:24:00+00:00\",\"mainEntityOfPage\":{\"@id\":\"https:\\\/\\\/www.cpl.es\\\/ca\\\/liturgia-versus-espiritualitat\\\/\"},\"wordCount\":556,\"publisher\":{\"@id\":\"https:\\\/\\\/www.cpl.es\\\/#organization\"},\"image\":{\"@id\":\"https:\\\/\\\/www.cpl.es\\\/ca\\\/liturgia-versus-espiritualitat\\\/#primaryimage\"},\"thumbnailUrl\":\"https:\\\/\\\/www.cpl.es\\\/wp-content\\\/uploads\\\/20191119123813.jpg\",\"articleSection\":[\"Sin categorizar\"],\"inLanguage\":\"ca\"},{\"@type\":\"WebPage\",\"@id\":\"https:\\\/\\\/www.cpl.es\\\/ca\\\/liturgia-versus-espiritualitat\\\/\",\"url\":\"https:\\\/\\\/www.cpl.es\\\/ca\\\/liturgia-versus-espiritualitat\\\/\",\"name\":\"LIT\u00daRGIA VERSUS ESPIRITUALITAT? - CPL\",\"isPartOf\":{\"@id\":\"https:\\\/\\\/www.cpl.es\\\/#website\"},\"primaryImageOfPage\":{\"@id\":\"https:\\\/\\\/www.cpl.es\\\/ca\\\/liturgia-versus-espiritualitat\\\/#primaryimage\"},\"image\":{\"@id\":\"https:\\\/\\\/www.cpl.es\\\/ca\\\/liturgia-versus-espiritualitat\\\/#primaryimage\"},\"thumbnailUrl\":\"https:\\\/\\\/www.cpl.es\\\/wp-content\\\/uploads\\\/20191119123813.jpg\",\"datePublished\":\"2019-11-18T23:00:00+00:00\",\"dateModified\":\"2023-12-05T08:24:00+00:00\",\"breadcrumb\":{\"@id\":\"https:\\\/\\\/www.cpl.es\\\/ca\\\/liturgia-versus-espiritualitat\\\/#breadcrumb\"},\"inLanguage\":\"ca\",\"potentialAction\":[{\"@type\":\"ReadAction\",\"target\":[\"https:\\\/\\\/www.cpl.es\\\/ca\\\/liturgia-versus-espiritualitat\\\/\"]}]},{\"@type\":\"ImageObject\",\"inLanguage\":\"ca\",\"@id\":\"https:\\\/\\\/www.cpl.es\\\/ca\\\/liturgia-versus-espiritualitat\\\/#primaryimage\",\"url\":\"https:\\\/\\\/www.cpl.es\\\/wp-content\\\/uploads\\\/20191119123813.jpg\",\"contentUrl\":\"https:\\\/\\\/www.cpl.es\\\/wp-content\\\/uploads\\\/20191119123813.jpg\",\"width\":1512,\"height\":880},{\"@type\":\"BreadcrumbList\",\"@id\":\"https:\\\/\\\/www.cpl.es\\\/ca\\\/liturgia-versus-espiritualitat\\\/#breadcrumb\",\"itemListElement\":[{\"@type\":\"ListItem\",\"position\":1,\"name\":\"Portada\",\"item\":\"https:\\\/\\\/www.cpl.es\\\/ca\\\/\"},{\"@type\":\"ListItem\",\"position\":2,\"name\":\"LIT\u00daRGIA VERSUS ESPIRITUALITAT?\"}]},{\"@type\":\"WebSite\",\"@id\":\"https:\\\/\\\/www.cpl.es\\\/#website\",\"url\":\"https:\\\/\\\/www.cpl.es\\\/\",\"name\":\"CPL\",\"description\":\"Centre de Pastoral Lit\u00fargica de Barcelona\",\"publisher\":{\"@id\":\"https:\\\/\\\/www.cpl.es\\\/#organization\"},\"alternateName\":\"Centre de Pastoral Lit\u00fargica\",\"potentialAction\":[{\"@type\":\"SearchAction\",\"target\":{\"@type\":\"EntryPoint\",\"urlTemplate\":\"https:\\\/\\\/www.cpl.es\\\/?s={search_term_string}\"},\"query-input\":{\"@type\":\"PropertyValueSpecification\",\"valueRequired\":true,\"valueName\":\"search_term_string\"}}],\"inLanguage\":\"ca\"},{\"@type\":\"Organization\",\"@id\":\"https:\\\/\\\/www.cpl.es\\\/#organization\",\"name\":\"Centre de Pastoral Lit\u00fargica\",\"alternateName\":\"Centre de Pastoral Lit\u00fargica de Barcelona\",\"url\":\"https:\\\/\\\/www.cpl.es\\\/\",\"logo\":{\"@type\":\"ImageObject\",\"inLanguage\":\"ca\",\"@id\":\"https:\\\/\\\/www.cpl.es\\\/#\\\/schema\\\/logo\\\/image\\\/\",\"url\":\"https:\\\/\\\/www.cpl.es\\\/wp-content\\\/uploads\\\/logo-cpl.svg\",\"contentUrl\":\"https:\\\/\\\/www.cpl.es\\\/wp-content\\\/uploads\\\/logo-cpl.svg\",\"caption\":\"Centre de Pastoral Lit\u00fargica\"},\"image\":{\"@id\":\"https:\\\/\\\/www.cpl.es\\\/#\\\/schema\\\/logo\\\/image\\\/\"}},{\"@type\":\"Person\",\"@id\":\"https:\\\/\\\/www.cpl.es\\\/#\\\/schema\\\/person\\\/e0710ad98477b8afb5160d4e642115ab\",\"name\":\"Webico\",\"sameAs\":[\"https:\\\/\\\/nueva.cpl.es\"]}]}<\/script>\n<!-- \/ Yoast SEO plugin. -->","yoast_head_json":{"title":"LIT\u00daRGIA VERSUS ESPIRITUALITAT? - CPL","robots":{"index":"index","follow":"follow","max-snippet":"max-snippet:-1","max-image-preview":"max-image-preview:large","max-video-preview":"max-video-preview:-1"},"canonical":"https:\/\/www.cpl.es\/ca\/liturgia-versus-espiritualitat\/","og_locale":"ca_ES","og_type":"article","og_title":"LIT\u00daRGIA VERSUS ESPIRITUALITAT? - CPL","og_description":"Article de Merc\u00e8 Sol\u00e9 publicat en la secci\u00f3 de lit\u00fargia del setmanari Catalunya Cristiana, 17 de novembre de 2019.","og_url":"https:\/\/www.cpl.es\/ca\/liturgia-versus-espiritualitat\/","og_site_name":"CPL","article_published_time":"2019-11-18T23:00:00+00:00","article_modified_time":"2023-12-05T08:24:00+00:00","og_image":[{"width":1512,"height":880,"url":"https:\/\/www.cpl.es\/wp-content\/uploads\/20191119123813.jpg","type":"image\/jpeg"}],"author":"Webico","twitter_card":"summary_large_image","twitter_misc":{"Escrit per":"Webico","Temps estimat de lectura":"3 minuts"},"schema":{"@context":"https:\/\/schema.org","@graph":[{"@type":"Article","@id":"https:\/\/www.cpl.es\/ca\/liturgia-versus-espiritualitat\/#article","isPartOf":{"@id":"https:\/\/www.cpl.es\/ca\/liturgia-versus-espiritualitat\/"},"author":{"name":"Webico","@id":"https:\/\/www.cpl.es\/#\/schema\/person\/e0710ad98477b8afb5160d4e642115ab"},"headline":"LIT\u00daRGIA VERSUS ESPIRITUALITAT?","datePublished":"2019-11-18T23:00:00+00:00","dateModified":"2023-12-05T08:24:00+00:00","mainEntityOfPage":{"@id":"https:\/\/www.cpl.es\/ca\/liturgia-versus-espiritualitat\/"},"wordCount":556,"publisher":{"@id":"https:\/\/www.cpl.es\/#organization"},"image":{"@id":"https:\/\/www.cpl.es\/ca\/liturgia-versus-espiritualitat\/#primaryimage"},"thumbnailUrl":"https:\/\/www.cpl.es\/wp-content\/uploads\/20191119123813.jpg","articleSection":["Sin categorizar"],"inLanguage":"ca"},{"@type":"WebPage","@id":"https:\/\/www.cpl.es\/ca\/liturgia-versus-espiritualitat\/","url":"https:\/\/www.cpl.es\/ca\/liturgia-versus-espiritualitat\/","name":"LIT\u00daRGIA VERSUS ESPIRITUALITAT? - CPL","isPartOf":{"@id":"https:\/\/www.cpl.es\/#website"},"primaryImageOfPage":{"@id":"https:\/\/www.cpl.es\/ca\/liturgia-versus-espiritualitat\/#primaryimage"},"image":{"@id":"https:\/\/www.cpl.es\/ca\/liturgia-versus-espiritualitat\/#primaryimage"},"thumbnailUrl":"https:\/\/www.cpl.es\/wp-content\/uploads\/20191119123813.jpg","datePublished":"2019-11-18T23:00:00+00:00","dateModified":"2023-12-05T08:24:00+00:00","breadcrumb":{"@id":"https:\/\/www.cpl.es\/ca\/liturgia-versus-espiritualitat\/#breadcrumb"},"inLanguage":"ca","potentialAction":[{"@type":"ReadAction","target":["https:\/\/www.cpl.es\/ca\/liturgia-versus-espiritualitat\/"]}]},{"@type":"ImageObject","inLanguage":"ca","@id":"https:\/\/www.cpl.es\/ca\/liturgia-versus-espiritualitat\/#primaryimage","url":"https:\/\/www.cpl.es\/wp-content\/uploads\/20191119123813.jpg","contentUrl":"https:\/\/www.cpl.es\/wp-content\/uploads\/20191119123813.jpg","width":1512,"height":880},{"@type":"BreadcrumbList","@id":"https:\/\/www.cpl.es\/ca\/liturgia-versus-espiritualitat\/#breadcrumb","itemListElement":[{"@type":"ListItem","position":1,"name":"Portada","item":"https:\/\/www.cpl.es\/ca\/"},{"@type":"ListItem","position":2,"name":"LIT\u00daRGIA VERSUS ESPIRITUALITAT?"}]},{"@type":"WebSite","@id":"https:\/\/www.cpl.es\/#website","url":"https:\/\/www.cpl.es\/","name":"CPL","description":"Centre de Pastoral Lit\u00fargica de Barcelona","publisher":{"@id":"https:\/\/www.cpl.es\/#organization"},"alternateName":"Centre de Pastoral Lit\u00fargica","potentialAction":[{"@type":"SearchAction","target":{"@type":"EntryPoint","urlTemplate":"https:\/\/www.cpl.es\/?s={search_term_string}"},"query-input":{"@type":"PropertyValueSpecification","valueRequired":true,"valueName":"search_term_string"}}],"inLanguage":"ca"},{"@type":"Organization","@id":"https:\/\/www.cpl.es\/#organization","name":"Centre de Pastoral Lit\u00fargica","alternateName":"Centre de Pastoral Lit\u00fargica de Barcelona","url":"https:\/\/www.cpl.es\/","logo":{"@type":"ImageObject","inLanguage":"ca","@id":"https:\/\/www.cpl.es\/#\/schema\/logo\/image\/","url":"https:\/\/www.cpl.es\/wp-content\/uploads\/logo-cpl.svg","contentUrl":"https:\/\/www.cpl.es\/wp-content\/uploads\/logo-cpl.svg","caption":"Centre de Pastoral Lit\u00fargica"},"image":{"@id":"https:\/\/www.cpl.es\/#\/schema\/logo\/image\/"}},{"@type":"Person","@id":"https:\/\/www.cpl.es\/#\/schema\/person\/e0710ad98477b8afb5160d4e642115ab","name":"Webico","sameAs":["https:\/\/nueva.cpl.es"]}]}},"_links":{"self":[{"href":"https:\/\/www.cpl.es\/ca\/wp-json\/wp\/v2\/posts\/9002","targetHints":{"allow":["GET"]}}],"collection":[{"href":"https:\/\/www.cpl.es\/ca\/wp-json\/wp\/v2\/posts"}],"about":[{"href":"https:\/\/www.cpl.es\/ca\/wp-json\/wp\/v2\/types\/post"}],"author":[{"embeddable":true,"href":"https:\/\/www.cpl.es\/ca\/wp-json\/wp\/v2\/users\/1"}],"replies":[{"embeddable":true,"href":"https:\/\/www.cpl.es\/ca\/wp-json\/wp\/v2\/comments?post=9002"}],"version-history":[{"count":1,"href":"https:\/\/www.cpl.es\/ca\/wp-json\/wp\/v2\/posts\/9002\/revisions"}],"predecessor-version":[{"id":10873,"href":"https:\/\/www.cpl.es\/ca\/wp-json\/wp\/v2\/posts\/9002\/revisions\/10873"}],"wp:featuredmedia":[{"embeddable":true,"href":"https:\/\/www.cpl.es\/ca\/wp-json\/wp\/v2\/media\/7372"}],"wp:attachment":[{"href":"https:\/\/www.cpl.es\/ca\/wp-json\/wp\/v2\/media?parent=9002"}],"wp:term":[{"taxonomy":"category","embeddable":true,"href":"https:\/\/www.cpl.es\/ca\/wp-json\/wp\/v2\/categories?post=9002"},{"taxonomy":"post_tag","embeddable":true,"href":"https:\/\/www.cpl.es\/ca\/wp-json\/wp\/v2\/tags?post=9002"}],"curies":[{"name":"wp","href":"https:\/\/api.w.org\/{rel}","templated":true}]}}