{"id":8974,"date":"2018-11-06T00:00:00","date_gmt":"2018-11-05T23:00:00","guid":{"rendered":"https:\/\/nuevaweb.cpl.es\/larbre-de-missa-dominical\/"},"modified":"2023-12-05T09:01:01","modified_gmt":"2023-12-05T08:01:01","slug":"larbre-de-missa-dominical","status":"publish","type":"post","link":"https:\/\/www.cpl.es\/ca\/larbre-de-missa-dominical\/","title":{"rendered":"L\u2019ARBRE DE &#8220;MISSA DOMINICAL&#8221;"},"content":{"rendered":"<p align=\"left\">Amb l\u2019inici de l\u2019Advent, la revista\u00a0<em>Missa Dominical<\/em>, publicada pel Centre de Pastoral Lit\u00fargica, complir\u00e0 50 anys. \u00c9s una revista, adre\u00e7ada sobretot a capellans, per preparar l\u2019Eucaristia de diumenges i festes, i inclou des de petits articles sobre lit\u00fargia, a orientacions generals per a la celebraci\u00f3, comentaris b\u00edblics de les lectures del dia, esborranys d\u2019homilies&#8230; i uns fulls per a la celebraci\u00f3 que segurament molts coneixereu, perqu\u00e8 contenen algunes monicions i suggeriments per a les preg\u00e0ries. S\u00f3n en aquell full que llegeix tant el moss\u00e8n com el monitor i que sol encartar-se en unes tapes de pl\u00e0stic de color verd o granat.<\/p>\n<p align=\"left\"><em>Missa Dominical\u00a0<\/em>mai no ha tingut pretensions de ser altra cosa que un \u201csubsidi\u201d, paraulota de l\u2019argot eclesi\u00e0stic que no m\u2019agrada gens i que vol dir un ajut per a la celebraci\u00f3. Se suposa que \u00e9s el capell\u00e0 i l\u2019equip de lit\u00fargia corresponent qui preparen la missa dominical. I els llibres que es fan servir s\u00f3n el missal i el leccionari.\u00a0<em>Missa Dominical\u00a0<\/em>(<em>MD\u00a0<\/em>per als amics i amigues) \u00e9s, senzillament, un suport. Tot i que, amb els anys, hem anat comprovant com algunes persones es prenien els fulls de\u00a0<em>Missa Dominical\u00a0<\/em>com si fossin paraula de D\u00e9u. Per\u00f2 no, no ho s\u00f3n. Es vol promoure la creativitat i la participaci\u00f3, no pas suplir-les. Com no es volen suplir els llibres lit\u00fargics.<\/p>\n<p align=\"left\">Aquest aniversari, en el qual em sento molt implicada perqu\u00e8\u00a0<em>MD\u00a0<\/em>forma part de la meva feina, m\u2019ha fet pensar que MD ha donat fruits molt saborosos i s\u2019ha convertit en un arbre frond\u00f3s on molts cristians, conscientment o no, s\u2019hi ajoquen: 1) Ha creat tot un estil propi de celebrar, just despr\u00e9s del Concili Vatic\u00e0 II, quan encara no hi havia materials en la nostra llengua i amb els criteris que establia la constituci\u00f3 \u201cSacrosanctum Concilium\u201d. Un esfor\u00e7 creatiu impressionant, que ja tenim molt assumit, per\u00f2 que sense Missa Dominical segurament hagu\u00e9s estat diferent. Amb l\u2019afegit\u00f3 d\u2019haver contribu\u00eft a la normalitzaci\u00f3 ling\u00fc\u00edstica en l\u2019\u00e0mbit lit\u00fargic. 2) Ha treballat, junt amb tot el CPL, per fer cants nous i per difondre un cantoral que ha tingut m\u00faltiples edicions i que continua sent de refer\u00e8ncia. 3) Ha creat pensament entorn de la celebraci\u00f3 dominical, un pensament fet des de Catalunya, amb col\u00b7laboradors molt diversos, que s\u2019ha est\u00e8s per m\u00faltiples parr\u00f2quies de l\u2019estat espanyol i de l\u2019Am\u00e8rica Llatina. 4) Ha dif\u00f2s materials senzills i molt pr\u00e0ctics per a la pastoral lit\u00fargica. En diem \u201cfulls verds\u201d i tenen clara vocaci\u00f3 martirol\u00f2gica de ser retallats, copiats, enganxats, refosos i tunejats en publicacions parroquials mil. Vol dir que s\u00f3n \u00fatils i gaireb\u00e9 capil\u00b7lars. Un exemple en s\u00f3n els fulls que es fan per Setmana Santa o per Nadal: una imatge bonica, un text que expliqui b\u00e9 qu\u00e8 celebrem a la lit\u00fargia, una petita preg\u00e0ria i l\u2019oportunitat de ser personalitzat. Aix\u00f2 arriba a m\u00e9s de 100.000 persones cada vegada. \u00c9s una eina potent i senzilla. 5) Ha donat peu a cartells i targetons, una forma moderna de les antigues estampes: per difondre les preg\u00e0ries m\u00e9s comunes, amb una imatge bonica. Des de l\u2019acollida als refugiats a una preg\u00e0ria per als difunts. 6) Ha produ\u00eft llibres diversos (ara el CPL en publica cinc!) aplegant els seus articles; i 7) Va veure n\u00e9ixer una iniciativa excel\u00b7lent per als grups de lit\u00fargia: el\u00a0<em>Bloc MD<\/em>, una petita publicaci\u00f3 encartada a\u00a0<em>MD\u00a0<\/em>i adre\u00e7ada als laics de l\u2019equip de lit\u00fargia. El Bloc ha mort aquest any per donar vida a una altra revista independent:\u00a0<em>Galilea.153<\/em>.<\/p>\n<p align=\"left\">Cinquanta anys plens de vida. Gr\u00e0cies a persones com Joaquim Gomis (que en va ser el primer director), Pere Tena, Josep Lligadas, Jos\u00e9 Aldaz\u00e1bal, Xavier Aymerich i tants d\u2019altres, com en Cecili T\u00fanica, que durant molts anys el va compaginar. MD no est\u00e0 en els circu\u00efts de guanyar premis o de tenir alguna mena de glamour, o de fer-se veure d\u2019una altra manera que no sigui per fer feina al servei de la comunitat. Totes les energies van a l\u2019elaboraci\u00f3 de la revista. Per\u00f2 aquest \u00e9s ja, per ell mateix, un valor evang\u00e8lic. Em sento privilegiada per treballar-hi.de<\/p>\n<p>Merc\u00e8 Sol\u00e9,\u00a0\u201cL\u2019arbre de \u2018Missa Dominical\u2019\u201d,\u00a0<em>Foc Nou<\/em>\u00a0setembre-octubre (2018) 16.<\/p>\n","protected":false},"excerpt":{"rendered":"<p>Merc\u00e8 Sol\u00e9 escriu a la revista &#8220;Foc Nou&#8221; sobre els 50 anys de \u2018Missa Dominical\u2019.<\/p>\n","protected":false},"author":1,"featured_media":0,"comment_status":"closed","ping_status":"open","sticky":false,"template":"","format":"standard","meta":{"_acf_changed":false,"inline_featured_image":false,"footnotes":""},"categories":[178],"tags":[],"class_list":["post-8974","post","type-post","status-publish","format-standard","hentry","category-noticies"],"acf":[],"yoast_head":"<!-- This site is optimized with the Yoast SEO plugin v27.3 - https:\/\/yoast.com\/product\/yoast-seo-wordpress\/ -->\n<title>L\u2019ARBRE DE &quot;MISSA DOMINICAL&quot; - CPL<\/title>\n<meta name=\"robots\" content=\"index, follow, max-snippet:-1, max-image-preview:large, max-video-preview:-1\" \/>\n<link rel=\"canonical\" href=\"https:\/\/www.cpl.es\/ca\/larbre-de-missa-dominical\/\" \/>\n<meta property=\"og:locale\" content=\"ca_ES\" \/>\n<meta property=\"og:type\" content=\"article\" \/>\n<meta property=\"og:title\" content=\"L\u2019ARBRE DE &quot;MISSA DOMINICAL&quot; - CPL\" \/>\n<meta property=\"og:description\" content=\"Merc\u00e8 Sol\u00e9 escriu a la revista &quot;Foc Nou&quot; sobre els 50 anys de \u2018Missa Dominical\u2019.\" \/>\n<meta property=\"og:url\" content=\"https:\/\/www.cpl.es\/ca\/larbre-de-missa-dominical\/\" \/>\n<meta property=\"og:site_name\" content=\"CPL\" \/>\n<meta property=\"article:published_time\" content=\"2018-11-05T23:00:00+00:00\" \/>\n<meta property=\"article:modified_time\" content=\"2023-12-05T08:01:01+00:00\" \/>\n<meta name=\"author\" content=\"Webico\" \/>\n<meta name=\"twitter:card\" content=\"summary_large_image\" \/>\n<meta name=\"twitter:label1\" content=\"Escrit per\" \/>\n\t<meta name=\"twitter:data1\" content=\"Webico\" \/>\n\t<meta name=\"twitter:label2\" content=\"Temps estimat de lectura\" \/>\n\t<meta name=\"twitter:data2\" content=\"4 minuts\" \/>\n<script type=\"application\/ld+json\" class=\"yoast-schema-graph\">{\"@context\":\"https:\\\/\\\/schema.org\",\"@graph\":[{\"@type\":\"Article\",\"@id\":\"https:\\\/\\\/www.cpl.es\\\/ca\\\/larbre-de-missa-dominical\\\/#article\",\"isPartOf\":{\"@id\":\"https:\\\/\\\/www.cpl.es\\\/ca\\\/larbre-de-missa-dominical\\\/\"},\"author\":{\"name\":\"Webico\",\"@id\":\"https:\\\/\\\/www.cpl.es\\\/#\\\/schema\\\/person\\\/e0710ad98477b8afb5160d4e642115ab\"},\"headline\":\"L\u2019ARBRE DE &#8220;MISSA DOMINICAL&#8221;\",\"datePublished\":\"2018-11-05T23:00:00+00:00\",\"dateModified\":\"2023-12-05T08:01:01+00:00\",\"mainEntityOfPage\":{\"@id\":\"https:\\\/\\\/www.cpl.es\\\/ca\\\/larbre-de-missa-dominical\\\/\"},\"wordCount\":757,\"publisher\":{\"@id\":\"https:\\\/\\\/www.cpl.es\\\/#organization\"},\"articleSection\":[\"Not\u00edcies\"],\"inLanguage\":\"ca\"},{\"@type\":\"WebPage\",\"@id\":\"https:\\\/\\\/www.cpl.es\\\/ca\\\/larbre-de-missa-dominical\\\/\",\"url\":\"https:\\\/\\\/www.cpl.es\\\/ca\\\/larbre-de-missa-dominical\\\/\",\"name\":\"L\u2019ARBRE DE \\\"MISSA DOMINICAL\\\" - CPL\",\"isPartOf\":{\"@id\":\"https:\\\/\\\/www.cpl.es\\\/#website\"},\"datePublished\":\"2018-11-05T23:00:00+00:00\",\"dateModified\":\"2023-12-05T08:01:01+00:00\",\"breadcrumb\":{\"@id\":\"https:\\\/\\\/www.cpl.es\\\/ca\\\/larbre-de-missa-dominical\\\/#breadcrumb\"},\"inLanguage\":\"ca\",\"potentialAction\":[{\"@type\":\"ReadAction\",\"target\":[\"https:\\\/\\\/www.cpl.es\\\/ca\\\/larbre-de-missa-dominical\\\/\"]}]},{\"@type\":\"BreadcrumbList\",\"@id\":\"https:\\\/\\\/www.cpl.es\\\/ca\\\/larbre-de-missa-dominical\\\/#breadcrumb\",\"itemListElement\":[{\"@type\":\"ListItem\",\"position\":1,\"name\":\"Portada\",\"item\":\"https:\\\/\\\/www.cpl.es\\\/ca\\\/\"},{\"@type\":\"ListItem\",\"position\":2,\"name\":\"L\u2019ARBRE DE &#8220;MISSA DOMINICAL&#8221;\"}]},{\"@type\":\"WebSite\",\"@id\":\"https:\\\/\\\/www.cpl.es\\\/#website\",\"url\":\"https:\\\/\\\/www.cpl.es\\\/\",\"name\":\"CPL\",\"description\":\"Centre de Pastoral Lit\u00fargica de Barcelona\",\"publisher\":{\"@id\":\"https:\\\/\\\/www.cpl.es\\\/#organization\"},\"alternateName\":\"Centre de Pastoral Lit\u00fargica\",\"potentialAction\":[{\"@type\":\"SearchAction\",\"target\":{\"@type\":\"EntryPoint\",\"urlTemplate\":\"https:\\\/\\\/www.cpl.es\\\/?s={search_term_string}\"},\"query-input\":{\"@type\":\"PropertyValueSpecification\",\"valueRequired\":true,\"valueName\":\"search_term_string\"}}],\"inLanguage\":\"ca\"},{\"@type\":\"Organization\",\"@id\":\"https:\\\/\\\/www.cpl.es\\\/#organization\",\"name\":\"Centre de Pastoral Lit\u00fargica\",\"alternateName\":\"Centre de Pastoral Lit\u00fargica de Barcelona\",\"url\":\"https:\\\/\\\/www.cpl.es\\\/\",\"logo\":{\"@type\":\"ImageObject\",\"inLanguage\":\"ca\",\"@id\":\"https:\\\/\\\/www.cpl.es\\\/#\\\/schema\\\/logo\\\/image\\\/\",\"url\":\"https:\\\/\\\/www.cpl.es\\\/wp-content\\\/uploads\\\/logo-cpl.svg\",\"contentUrl\":\"https:\\\/\\\/www.cpl.es\\\/wp-content\\\/uploads\\\/logo-cpl.svg\",\"caption\":\"Centre de Pastoral Lit\u00fargica\"},\"image\":{\"@id\":\"https:\\\/\\\/www.cpl.es\\\/#\\\/schema\\\/logo\\\/image\\\/\"}},{\"@type\":\"Person\",\"@id\":\"https:\\\/\\\/www.cpl.es\\\/#\\\/schema\\\/person\\\/e0710ad98477b8afb5160d4e642115ab\",\"name\":\"Webico\",\"sameAs\":[\"https:\\\/\\\/nueva.cpl.es\"]}]}<\/script>\n<!-- \/ Yoast SEO plugin. -->","yoast_head_json":{"title":"L\u2019ARBRE DE \"MISSA DOMINICAL\" - CPL","robots":{"index":"index","follow":"follow","max-snippet":"max-snippet:-1","max-image-preview":"max-image-preview:large","max-video-preview":"max-video-preview:-1"},"canonical":"https:\/\/www.cpl.es\/ca\/larbre-de-missa-dominical\/","og_locale":"ca_ES","og_type":"article","og_title":"L\u2019ARBRE DE \"MISSA DOMINICAL\" - CPL","og_description":"Merc\u00e8 Sol\u00e9 escriu a la revista \"Foc Nou\" sobre els 50 anys de \u2018Missa Dominical\u2019.","og_url":"https:\/\/www.cpl.es\/ca\/larbre-de-missa-dominical\/","og_site_name":"CPL","article_published_time":"2018-11-05T23:00:00+00:00","article_modified_time":"2023-12-05T08:01:01+00:00","author":"Webico","twitter_card":"summary_large_image","twitter_misc":{"Escrit per":"Webico","Temps estimat de lectura":"4 minuts"},"schema":{"@context":"https:\/\/schema.org","@graph":[{"@type":"Article","@id":"https:\/\/www.cpl.es\/ca\/larbre-de-missa-dominical\/#article","isPartOf":{"@id":"https:\/\/www.cpl.es\/ca\/larbre-de-missa-dominical\/"},"author":{"name":"Webico","@id":"https:\/\/www.cpl.es\/#\/schema\/person\/e0710ad98477b8afb5160d4e642115ab"},"headline":"L\u2019ARBRE DE &#8220;MISSA DOMINICAL&#8221;","datePublished":"2018-11-05T23:00:00+00:00","dateModified":"2023-12-05T08:01:01+00:00","mainEntityOfPage":{"@id":"https:\/\/www.cpl.es\/ca\/larbre-de-missa-dominical\/"},"wordCount":757,"publisher":{"@id":"https:\/\/www.cpl.es\/#organization"},"articleSection":["Not\u00edcies"],"inLanguage":"ca"},{"@type":"WebPage","@id":"https:\/\/www.cpl.es\/ca\/larbre-de-missa-dominical\/","url":"https:\/\/www.cpl.es\/ca\/larbre-de-missa-dominical\/","name":"L\u2019ARBRE DE \"MISSA DOMINICAL\" - CPL","isPartOf":{"@id":"https:\/\/www.cpl.es\/#website"},"datePublished":"2018-11-05T23:00:00+00:00","dateModified":"2023-12-05T08:01:01+00:00","breadcrumb":{"@id":"https:\/\/www.cpl.es\/ca\/larbre-de-missa-dominical\/#breadcrumb"},"inLanguage":"ca","potentialAction":[{"@type":"ReadAction","target":["https:\/\/www.cpl.es\/ca\/larbre-de-missa-dominical\/"]}]},{"@type":"BreadcrumbList","@id":"https:\/\/www.cpl.es\/ca\/larbre-de-missa-dominical\/#breadcrumb","itemListElement":[{"@type":"ListItem","position":1,"name":"Portada","item":"https:\/\/www.cpl.es\/ca\/"},{"@type":"ListItem","position":2,"name":"L\u2019ARBRE DE &#8220;MISSA DOMINICAL&#8221;"}]},{"@type":"WebSite","@id":"https:\/\/www.cpl.es\/#website","url":"https:\/\/www.cpl.es\/","name":"CPL","description":"Centre de Pastoral Lit\u00fargica de Barcelona","publisher":{"@id":"https:\/\/www.cpl.es\/#organization"},"alternateName":"Centre de Pastoral Lit\u00fargica","potentialAction":[{"@type":"SearchAction","target":{"@type":"EntryPoint","urlTemplate":"https:\/\/www.cpl.es\/?s={search_term_string}"},"query-input":{"@type":"PropertyValueSpecification","valueRequired":true,"valueName":"search_term_string"}}],"inLanguage":"ca"},{"@type":"Organization","@id":"https:\/\/www.cpl.es\/#organization","name":"Centre de Pastoral Lit\u00fargica","alternateName":"Centre de Pastoral Lit\u00fargica de Barcelona","url":"https:\/\/www.cpl.es\/","logo":{"@type":"ImageObject","inLanguage":"ca","@id":"https:\/\/www.cpl.es\/#\/schema\/logo\/image\/","url":"https:\/\/www.cpl.es\/wp-content\/uploads\/logo-cpl.svg","contentUrl":"https:\/\/www.cpl.es\/wp-content\/uploads\/logo-cpl.svg","caption":"Centre de Pastoral Lit\u00fargica"},"image":{"@id":"https:\/\/www.cpl.es\/#\/schema\/logo\/image\/"}},{"@type":"Person","@id":"https:\/\/www.cpl.es\/#\/schema\/person\/e0710ad98477b8afb5160d4e642115ab","name":"Webico","sameAs":["https:\/\/nueva.cpl.es"]}]}},"_links":{"self":[{"href":"https:\/\/www.cpl.es\/ca\/wp-json\/wp\/v2\/posts\/8974","targetHints":{"allow":["GET"]}}],"collection":[{"href":"https:\/\/www.cpl.es\/ca\/wp-json\/wp\/v2\/posts"}],"about":[{"href":"https:\/\/www.cpl.es\/ca\/wp-json\/wp\/v2\/types\/post"}],"author":[{"embeddable":true,"href":"https:\/\/www.cpl.es\/ca\/wp-json\/wp\/v2\/users\/1"}],"replies":[{"embeddable":true,"href":"https:\/\/www.cpl.es\/ca\/wp-json\/wp\/v2\/comments?post=8974"}],"version-history":[{"count":1,"href":"https:\/\/www.cpl.es\/ca\/wp-json\/wp\/v2\/posts\/8974\/revisions"}],"predecessor-version":[{"id":10832,"href":"https:\/\/www.cpl.es\/ca\/wp-json\/wp\/v2\/posts\/8974\/revisions\/10832"}],"wp:attachment":[{"href":"https:\/\/www.cpl.es\/ca\/wp-json\/wp\/v2\/media?parent=8974"}],"wp:term":[{"taxonomy":"category","embeddable":true,"href":"https:\/\/www.cpl.es\/ca\/wp-json\/wp\/v2\/categories?post=8974"},{"taxonomy":"post_tag","embeddable":true,"href":"https:\/\/www.cpl.es\/ca\/wp-json\/wp\/v2\/tags?post=8974"}],"curies":[{"name":"wp","href":"https:\/\/api.w.org\/{rel}","templated":true}]}}