{"id":8959,"date":"2018-04-13T00:00:00","date_gmt":"2018-04-12T22:00:00","guid":{"rendered":"https:\/\/nuevaweb.cpl.es\/galilea-153-una-aventura-agosarada-per-a-un-nou-moment-eclesial\/"},"modified":"2023-12-04T13:05:06","modified_gmt":"2023-12-04T12:05:06","slug":"galilea-153-una-aventura-agosarada-per-a-un-nou-moment-eclesial","status":"publish","type":"post","link":"https:\/\/www.cpl.es\/ca\/galilea-153-una-aventura-agosarada-per-a-un-nou-moment-eclesial\/","title":{"rendered":"GALILEA.153: UNA AVENTURA AGOSARADA PER A UN NOU MOMENT ECLESIAL"},"content":{"rendered":"<p>El Monestir de Sant Pau del Camp, Barcelona, va ser el marc on es va presentar p\u00fablicament la revista\u00a0<em><a href=\"http:\/\/galilea153.cpl.es\/\" target=\"_blank\" rel=\"noopener\">Galilea.153. Lit\u00fargia, pastoral, vida cristiana<\/a><\/em>. Durant l\u2019acte van intervenir Josep Maria Romaguera, president del CPL, Maria \u00c0ngels Termes, directora de\u00a0<em>Galilea.153<\/em>, Maria del Mar Albajar, abadessa de Sant Benet de Montserrat. Maria Escalas i Cori Casanova es van ocupar de l\u2019aportaci\u00f3 musical.<\/p>\n<p>En paraules de Maria \u00c0ngels Termes, \u201cde la celebraci\u00f3 de la passi\u00f3, mort i resurrecci\u00f3 del Senyor en neix una nova vida que \u00e9s la que hem de viure els cristians\u201d i la revista \u201cvol unir aquests dos aspectes de les persones creients: celebraci\u00f3 i vida\u201d. La directora va explicar que la revista s\u2019edita tamb\u00e9 en castell\u00e0 i t\u00e9 associada una\u00a0<a href=\"http:\/\/galilea153.cpl.es\/\" target=\"_blank\" rel=\"noopener\">p\u00e0gina web<\/a>\u00a0on es poden trobar diversos materials complementaris.<\/p>\n<p>Josep Maria Romaguera, president del CPL, va posar l\u2019\u00e8mfasi en l\u2019aposta decidida del Centre per apropar al la\u00efcat i a les persones cristianes la lit\u00fargia \u201ccom experi\u00e8ncia d\u2019encontre entre D\u00e9u i nosaltres\u201d i transmetre \u201cuna lit\u00fargia viva per a una Esgl\u00e9sia viva\u201d. Tamb\u00e9 va agrair a les persones que conformen el consell de la revista el seu entusiasme.<\/p>\n<p>L\u2019abadessa de Sant Benet de Montserrat i integrant del consell de la revista, Maria del Mar Albajar, va reflexionar sobre la lit\u00fargia com a relaci\u00f3 transformadora entre D\u00e9u i nosaltres. Va contextualitzar la sortida de la\u00a0<a href=\"http:\/\/cpl.es\/comunicaciones\/detalle\/neix_la_revista_galilea_153_per_apropar_la_liturgia_als_laics\" target=\"_blank\" rel=\"noopener\">revista\u00a0<em>Galilea.153<\/em><\/a>\u00a0en un moment eclesial de pobresa de les nostres comunitats i va animar a realitzar una tasca de replantejament \u201cde les nostres celebracions, les nostres preg\u00e0ries, les nostres lit\u00fargies aprofitant aquesta situaci\u00f3\u201d. Les seves paraules van girar al voltant de la lit\u00fargia que explicita la pres\u00e8ncia de D\u00e9u; celebrar \u00e9s fer lloc en nosaltres a l\u2019absolut, a D\u00e9u; la lit\u00fargia ens aporta la relaci\u00f3 amb D\u00e9u que ens transforma comunit\u00e0riament; els llenguatges que fem servir a la lit\u00fargia han de ser inclusius i visibilitzar la diversitat existent.<\/p>\n<p><strong>Consell de la revista \u201cGalilea.153\u201d<\/strong><\/p>\n<p>Amb Maria \u00c0ngels Termes, directora, hi ha un equip de redacci\u00f3 format per Antoni M.C. Canal, Jos\u00e9 Antonio Go\u00f1i, Maria Guarch, Quiteria Guirao, Merc\u00e8 Sol\u00e9 i Joan Torra i un consell assessor format per: Maria del Mar Albajar, Dolores Aleixandre, Elisenda Almirall, Maria Ant\u00f2nia Bog\u00f3nez, Anna-Bel Carbonell, Cori Casanova, Paula Depalma, Albert Dresaire, Ascentxu G\u00f3mez, Manolo Ju\u00e1rez, Jordi Juli\u00e0, Montserrat Lluveras, Tere Mart\u00edn, Juan Carlos P\u00e9rez, Marta Pons, Pim Queralt, Josep Roca, Laura Rubio.<\/p>\n<p><a href=\"http:\/\/bit.ly\/2EFXsiY\" target=\"_blank\" rel=\"noopener\">\u00c0lbum de fotos de l\u2019acte<\/a><\/p>\n","protected":false},"excerpt":{"rendered":"<p>El 12 d&#8217;abril es va presentat la revista &#8220;Galilea.153. Lit\u00fargia, pastoral, vida cristiana&#8221;<\/p>\n","protected":false},"author":1,"featured_media":7310,"comment_status":"closed","ping_status":"open","sticky":false,"template":"","format":"standard","meta":{"_acf_changed":false,"inline_featured_image":false,"footnotes":""},"categories":[1],"tags":[],"class_list":["post-8959","post","type-post","status-publish","format-standard","has-post-thumbnail","hentry","category-sin-categorizar"],"acf":[],"yoast_head":"<!-- This site is optimized with the Yoast SEO plugin v27.3 - https:\/\/yoast.com\/product\/yoast-seo-wordpress\/ -->\n<title>GALILEA.153: UNA AVENTURA AGOSARADA PER A UN NOU MOMENT ECLESIAL - CPL<\/title>\n<meta name=\"robots\" content=\"index, follow, max-snippet:-1, max-image-preview:large, max-video-preview:-1\" \/>\n<link rel=\"canonical\" href=\"https:\/\/www.cpl.es\/ca\/galilea-153-una-aventura-agosarada-per-a-un-nou-moment-eclesial\/\" \/>\n<meta property=\"og:locale\" content=\"ca_ES\" \/>\n<meta property=\"og:type\" content=\"article\" \/>\n<meta property=\"og:title\" content=\"GALILEA.153: UNA AVENTURA AGOSARADA PER A UN NOU MOMENT ECLESIAL - CPL\" \/>\n<meta property=\"og:description\" content=\"El 12 d&#039;abril es va presentat la revista &quot;Galilea.153. Lit\u00fargia, pastoral, vida cristiana&quot;\" \/>\n<meta property=\"og:url\" content=\"https:\/\/www.cpl.es\/ca\/galilea-153-una-aventura-agosarada-per-a-un-nou-moment-eclesial\/\" \/>\n<meta property=\"og:site_name\" content=\"CPL\" \/>\n<meta property=\"article:published_time\" content=\"2018-04-12T22:00:00+00:00\" \/>\n<meta property=\"article:modified_time\" content=\"2023-12-04T12:05:06+00:00\" \/>\n<meta property=\"og:image\" content=\"https:\/\/www.cpl.es\/wp-content\/uploads\/20180413134354.jpg\" \/>\n\t<meta property=\"og:image:width\" content=\"640\" \/>\n\t<meta property=\"og:image:height\" content=\"427\" \/>\n\t<meta property=\"og:image:type\" content=\"image\/jpeg\" \/>\n<meta name=\"author\" content=\"Webico\" \/>\n<meta name=\"twitter:card\" content=\"summary_large_image\" \/>\n<meta name=\"twitter:label1\" content=\"Escrit per\" \/>\n\t<meta name=\"twitter:data1\" content=\"Webico\" \/>\n\t<meta name=\"twitter:label2\" content=\"Temps estimat de lectura\" \/>\n\t<meta name=\"twitter:data2\" content=\"2 minuts\" \/>\n<script type=\"application\/ld+json\" class=\"yoast-schema-graph\">{\"@context\":\"https:\\\/\\\/schema.org\",\"@graph\":[{\"@type\":\"Article\",\"@id\":\"https:\\\/\\\/www.cpl.es\\\/ca\\\/galilea-153-una-aventura-agosarada-per-a-un-nou-moment-eclesial\\\/#article\",\"isPartOf\":{\"@id\":\"https:\\\/\\\/www.cpl.es\\\/ca\\\/galilea-153-una-aventura-agosarada-per-a-un-nou-moment-eclesial\\\/\"},\"author\":{\"name\":\"Webico\",\"@id\":\"https:\\\/\\\/www.cpl.es\\\/#\\\/schema\\\/person\\\/c0da6273f3a04849f3909ff1a4ed9640\"},\"headline\":\"GALILEA.153: UNA AVENTURA AGOSARADA PER A UN NOU MOMENT ECLESIAL\",\"datePublished\":\"2018-04-12T22:00:00+00:00\",\"dateModified\":\"2023-12-04T12:05:06+00:00\",\"mainEntityOfPage\":{\"@id\":\"https:\\\/\\\/www.cpl.es\\\/ca\\\/galilea-153-una-aventura-agosarada-per-a-un-nou-moment-eclesial\\\/\"},\"wordCount\":446,\"publisher\":{\"@id\":\"https:\\\/\\\/www.cpl.es\\\/#organization\"},\"image\":{\"@id\":\"https:\\\/\\\/www.cpl.es\\\/ca\\\/galilea-153-una-aventura-agosarada-per-a-un-nou-moment-eclesial\\\/#primaryimage\"},\"thumbnailUrl\":\"https:\\\/\\\/www.cpl.es\\\/wp-content\\\/uploads\\\/20180413134354.jpg\",\"articleSection\":[\"Sin categorizar\"],\"inLanguage\":\"ca\"},{\"@type\":\"WebPage\",\"@id\":\"https:\\\/\\\/www.cpl.es\\\/ca\\\/galilea-153-una-aventura-agosarada-per-a-un-nou-moment-eclesial\\\/\",\"url\":\"https:\\\/\\\/www.cpl.es\\\/ca\\\/galilea-153-una-aventura-agosarada-per-a-un-nou-moment-eclesial\\\/\",\"name\":\"GALILEA.153: UNA AVENTURA AGOSARADA PER A UN NOU MOMENT ECLESIAL - CPL\",\"isPartOf\":{\"@id\":\"https:\\\/\\\/www.cpl.es\\\/#website\"},\"primaryImageOfPage\":{\"@id\":\"https:\\\/\\\/www.cpl.es\\\/ca\\\/galilea-153-una-aventura-agosarada-per-a-un-nou-moment-eclesial\\\/#primaryimage\"},\"image\":{\"@id\":\"https:\\\/\\\/www.cpl.es\\\/ca\\\/galilea-153-una-aventura-agosarada-per-a-un-nou-moment-eclesial\\\/#primaryimage\"},\"thumbnailUrl\":\"https:\\\/\\\/www.cpl.es\\\/wp-content\\\/uploads\\\/20180413134354.jpg\",\"datePublished\":\"2018-04-12T22:00:00+00:00\",\"dateModified\":\"2023-12-04T12:05:06+00:00\",\"breadcrumb\":{\"@id\":\"https:\\\/\\\/www.cpl.es\\\/ca\\\/galilea-153-una-aventura-agosarada-per-a-un-nou-moment-eclesial\\\/#breadcrumb\"},\"inLanguage\":\"ca\",\"potentialAction\":[{\"@type\":\"ReadAction\",\"target\":[\"https:\\\/\\\/www.cpl.es\\\/ca\\\/galilea-153-una-aventura-agosarada-per-a-un-nou-moment-eclesial\\\/\"]}]},{\"@type\":\"ImageObject\",\"inLanguage\":\"ca\",\"@id\":\"https:\\\/\\\/www.cpl.es\\\/ca\\\/galilea-153-una-aventura-agosarada-per-a-un-nou-moment-eclesial\\\/#primaryimage\",\"url\":\"https:\\\/\\\/www.cpl.es\\\/wp-content\\\/uploads\\\/20180413134354.jpg\",\"contentUrl\":\"https:\\\/\\\/www.cpl.es\\\/wp-content\\\/uploads\\\/20180413134354.jpg\",\"width\":640,\"height\":427},{\"@type\":\"BreadcrumbList\",\"@id\":\"https:\\\/\\\/www.cpl.es\\\/ca\\\/galilea-153-una-aventura-agosarada-per-a-un-nou-moment-eclesial\\\/#breadcrumb\",\"itemListElement\":[{\"@type\":\"ListItem\",\"position\":1,\"name\":\"Portada\",\"item\":\"https:\\\/\\\/www.cpl.es\\\/ca\\\/\"},{\"@type\":\"ListItem\",\"position\":2,\"name\":\"GALILEA.153: UNA AVENTURA AGOSARADA PER A UN NOU MOMENT ECLESIAL\"}]},{\"@type\":\"WebSite\",\"@id\":\"https:\\\/\\\/www.cpl.es\\\/#website\",\"url\":\"https:\\\/\\\/www.cpl.es\\\/\",\"name\":\"CPL\",\"description\":\"Centre de Pastoral Lit\u00fargica de Barcelona\",\"publisher\":{\"@id\":\"https:\\\/\\\/www.cpl.es\\\/#organization\"},\"alternateName\":\"Centre de Pastoral Lit\u00fargica\",\"potentialAction\":[{\"@type\":\"SearchAction\",\"target\":{\"@type\":\"EntryPoint\",\"urlTemplate\":\"https:\\\/\\\/www.cpl.es\\\/?s={search_term_string}\"},\"query-input\":{\"@type\":\"PropertyValueSpecification\",\"valueRequired\":true,\"valueName\":\"search_term_string\"}}],\"inLanguage\":\"ca\"},{\"@type\":\"Organization\",\"@id\":\"https:\\\/\\\/www.cpl.es\\\/#organization\",\"name\":\"Centre de Pastoral Lit\u00fargica\",\"alternateName\":\"Centre de Pastoral Lit\u00fargica de Barcelona\",\"url\":\"https:\\\/\\\/www.cpl.es\\\/\",\"logo\":{\"@type\":\"ImageObject\",\"inLanguage\":\"ca\",\"@id\":\"https:\\\/\\\/www.cpl.es\\\/#\\\/schema\\\/logo\\\/image\\\/\",\"url\":\"https:\\\/\\\/www.cpl.es\\\/wp-content\\\/uploads\\\/logo-cpl.svg\",\"contentUrl\":\"https:\\\/\\\/www.cpl.es\\\/wp-content\\\/uploads\\\/logo-cpl.svg\",\"caption\":\"Centre de Pastoral Lit\u00fargica\"},\"image\":{\"@id\":\"https:\\\/\\\/www.cpl.es\\\/#\\\/schema\\\/logo\\\/image\\\/\"}},{\"@type\":\"Person\",\"@id\":\"https:\\\/\\\/www.cpl.es\\\/#\\\/schema\\\/person\\\/c0da6273f3a04849f3909ff1a4ed9640\",\"name\":\"Webico\",\"sameAs\":[\"https:\\\/\\\/nueva.cpl.es\"]}]}<\/script>\n<!-- \/ Yoast SEO plugin. -->","yoast_head_json":{"title":"GALILEA.153: UNA AVENTURA AGOSARADA PER A UN NOU MOMENT ECLESIAL - CPL","robots":{"index":"index","follow":"follow","max-snippet":"max-snippet:-1","max-image-preview":"max-image-preview:large","max-video-preview":"max-video-preview:-1"},"canonical":"https:\/\/www.cpl.es\/ca\/galilea-153-una-aventura-agosarada-per-a-un-nou-moment-eclesial\/","og_locale":"ca_ES","og_type":"article","og_title":"GALILEA.153: UNA AVENTURA AGOSARADA PER A UN NOU MOMENT ECLESIAL - CPL","og_description":"El 12 d'abril es va presentat la revista \"Galilea.153. Lit\u00fargia, pastoral, vida cristiana\"","og_url":"https:\/\/www.cpl.es\/ca\/galilea-153-una-aventura-agosarada-per-a-un-nou-moment-eclesial\/","og_site_name":"CPL","article_published_time":"2018-04-12T22:00:00+00:00","article_modified_time":"2023-12-04T12:05:06+00:00","og_image":[{"width":640,"height":427,"url":"https:\/\/www.cpl.es\/wp-content\/uploads\/20180413134354.jpg","type":"image\/jpeg"}],"author":"Webico","twitter_card":"summary_large_image","twitter_misc":{"Escrit per":"Webico","Temps estimat de lectura":"2 minuts"},"schema":{"@context":"https:\/\/schema.org","@graph":[{"@type":"Article","@id":"https:\/\/www.cpl.es\/ca\/galilea-153-una-aventura-agosarada-per-a-un-nou-moment-eclesial\/#article","isPartOf":{"@id":"https:\/\/www.cpl.es\/ca\/galilea-153-una-aventura-agosarada-per-a-un-nou-moment-eclesial\/"},"author":{"name":"Webico","@id":"https:\/\/www.cpl.es\/#\/schema\/person\/c0da6273f3a04849f3909ff1a4ed9640"},"headline":"GALILEA.153: UNA AVENTURA AGOSARADA PER A UN NOU MOMENT ECLESIAL","datePublished":"2018-04-12T22:00:00+00:00","dateModified":"2023-12-04T12:05:06+00:00","mainEntityOfPage":{"@id":"https:\/\/www.cpl.es\/ca\/galilea-153-una-aventura-agosarada-per-a-un-nou-moment-eclesial\/"},"wordCount":446,"publisher":{"@id":"https:\/\/www.cpl.es\/#organization"},"image":{"@id":"https:\/\/www.cpl.es\/ca\/galilea-153-una-aventura-agosarada-per-a-un-nou-moment-eclesial\/#primaryimage"},"thumbnailUrl":"https:\/\/www.cpl.es\/wp-content\/uploads\/20180413134354.jpg","articleSection":["Sin categorizar"],"inLanguage":"ca"},{"@type":"WebPage","@id":"https:\/\/www.cpl.es\/ca\/galilea-153-una-aventura-agosarada-per-a-un-nou-moment-eclesial\/","url":"https:\/\/www.cpl.es\/ca\/galilea-153-una-aventura-agosarada-per-a-un-nou-moment-eclesial\/","name":"GALILEA.153: UNA AVENTURA AGOSARADA PER A UN NOU MOMENT ECLESIAL - CPL","isPartOf":{"@id":"https:\/\/www.cpl.es\/#website"},"primaryImageOfPage":{"@id":"https:\/\/www.cpl.es\/ca\/galilea-153-una-aventura-agosarada-per-a-un-nou-moment-eclesial\/#primaryimage"},"image":{"@id":"https:\/\/www.cpl.es\/ca\/galilea-153-una-aventura-agosarada-per-a-un-nou-moment-eclesial\/#primaryimage"},"thumbnailUrl":"https:\/\/www.cpl.es\/wp-content\/uploads\/20180413134354.jpg","datePublished":"2018-04-12T22:00:00+00:00","dateModified":"2023-12-04T12:05:06+00:00","breadcrumb":{"@id":"https:\/\/www.cpl.es\/ca\/galilea-153-una-aventura-agosarada-per-a-un-nou-moment-eclesial\/#breadcrumb"},"inLanguage":"ca","potentialAction":[{"@type":"ReadAction","target":["https:\/\/www.cpl.es\/ca\/galilea-153-una-aventura-agosarada-per-a-un-nou-moment-eclesial\/"]}]},{"@type":"ImageObject","inLanguage":"ca","@id":"https:\/\/www.cpl.es\/ca\/galilea-153-una-aventura-agosarada-per-a-un-nou-moment-eclesial\/#primaryimage","url":"https:\/\/www.cpl.es\/wp-content\/uploads\/20180413134354.jpg","contentUrl":"https:\/\/www.cpl.es\/wp-content\/uploads\/20180413134354.jpg","width":640,"height":427},{"@type":"BreadcrumbList","@id":"https:\/\/www.cpl.es\/ca\/galilea-153-una-aventura-agosarada-per-a-un-nou-moment-eclesial\/#breadcrumb","itemListElement":[{"@type":"ListItem","position":1,"name":"Portada","item":"https:\/\/www.cpl.es\/ca\/"},{"@type":"ListItem","position":2,"name":"GALILEA.153: UNA AVENTURA AGOSARADA PER A UN NOU MOMENT ECLESIAL"}]},{"@type":"WebSite","@id":"https:\/\/www.cpl.es\/#website","url":"https:\/\/www.cpl.es\/","name":"CPL","description":"Centre de Pastoral Lit\u00fargica de Barcelona","publisher":{"@id":"https:\/\/www.cpl.es\/#organization"},"alternateName":"Centre de Pastoral Lit\u00fargica","potentialAction":[{"@type":"SearchAction","target":{"@type":"EntryPoint","urlTemplate":"https:\/\/www.cpl.es\/?s={search_term_string}"},"query-input":{"@type":"PropertyValueSpecification","valueRequired":true,"valueName":"search_term_string"}}],"inLanguage":"ca"},{"@type":"Organization","@id":"https:\/\/www.cpl.es\/#organization","name":"Centre de Pastoral Lit\u00fargica","alternateName":"Centre de Pastoral Lit\u00fargica de Barcelona","url":"https:\/\/www.cpl.es\/","logo":{"@type":"ImageObject","inLanguage":"ca","@id":"https:\/\/www.cpl.es\/#\/schema\/logo\/image\/","url":"https:\/\/www.cpl.es\/wp-content\/uploads\/logo-cpl.svg","contentUrl":"https:\/\/www.cpl.es\/wp-content\/uploads\/logo-cpl.svg","caption":"Centre de Pastoral Lit\u00fargica"},"image":{"@id":"https:\/\/www.cpl.es\/#\/schema\/logo\/image\/"}},{"@type":"Person","@id":"https:\/\/www.cpl.es\/#\/schema\/person\/c0da6273f3a04849f3909ff1a4ed9640","name":"Webico","sameAs":["https:\/\/nueva.cpl.es"]}]}},"_links":{"self":[{"href":"https:\/\/www.cpl.es\/ca\/wp-json\/wp\/v2\/posts\/8959","targetHints":{"allow":["GET"]}}],"collection":[{"href":"https:\/\/www.cpl.es\/ca\/wp-json\/wp\/v2\/posts"}],"about":[{"href":"https:\/\/www.cpl.es\/ca\/wp-json\/wp\/v2\/types\/post"}],"author":[{"embeddable":true,"href":"https:\/\/www.cpl.es\/ca\/wp-json\/wp\/v2\/users\/1"}],"replies":[{"embeddable":true,"href":"https:\/\/www.cpl.es\/ca\/wp-json\/wp\/v2\/comments?post=8959"}],"version-history":[{"count":1,"href":"https:\/\/www.cpl.es\/ca\/wp-json\/wp\/v2\/posts\/8959\/revisions"}],"predecessor-version":[{"id":10811,"href":"https:\/\/www.cpl.es\/ca\/wp-json\/wp\/v2\/posts\/8959\/revisions\/10811"}],"wp:featuredmedia":[{"embeddable":true,"href":"https:\/\/www.cpl.es\/ca\/wp-json\/wp\/v2\/media\/7310"}],"wp:attachment":[{"href":"https:\/\/www.cpl.es\/ca\/wp-json\/wp\/v2\/media?parent=8959"}],"wp:term":[{"taxonomy":"category","embeddable":true,"href":"https:\/\/www.cpl.es\/ca\/wp-json\/wp\/v2\/categories?post=8959"},{"taxonomy":"post_tag","embeddable":true,"href":"https:\/\/www.cpl.es\/ca\/wp-json\/wp\/v2\/tags?post=8959"}],"curies":[{"name":"wp","href":"https:\/\/api.w.org\/{rel}","templated":true}]}}