{"id":8920,"date":"2017-05-24T00:00:00","date_gmt":"2017-05-23T22:00:00","guid":{"rendered":"https:\/\/nuevaweb.cpl.es\/pregaria-dultima-hora-per-les-victimes-a-la-ciutat-de-manchester\/"},"modified":"2023-12-04T12:42:19","modified_gmt":"2023-12-04T11:42:19","slug":"pregaria-dultima-hora-per-les-victimes-a-la-ciutat-de-manchester","status":"publish","type":"post","link":"https:\/\/www.cpl.es\/ca\/pregaria-dultima-hora-per-les-victimes-a-la-ciutat-de-manchester\/","title":{"rendered":"PREG\u00c0RIA D&#8217;\u00daLTIMA HORA: PER LES V\u00cdCTIMES A LA CIUTAT DE MANCHESTER"},"content":{"rendered":"<p>Preg\u00e0ria universal: A Jes\u00fas ressuscitat, vida i esperan\u00e7a de la humanitat sencera, preguem-li i diguem-li: JES\u00daS RESSUSCITAT, ESCOLTEU-NOS<\/p>\n<ol>\n<li>Per l\u2019Esgl\u00e9sia, per tots els qui volem seguir Jesucrist i donar testimoni de la seva Bona Nova. PREGUEM:<\/li>\n<li>Per tots els homes i dones del m\u00f3n, que porten a dintre la llavor de la vida de D\u00e9u, fins i tot encara que no ho s\u00e0piguen. PREGUEM:<\/li>\n<li>Per tots aquells que s\u2019esforcen per construir un m\u00f3n m\u00e9s just, m\u00e9s digne i m\u00e9s fraternal. PREGUEM:<\/li>\n<li>Pels qui treballen en els mitjans de comunicaci\u00f3 social. PREGUEM:<\/li>\n<li><strong>Per les v\u00edctimes de l\u2019atemptat perpetrat a la ciutat de Manchester. Perqu\u00e8 la pau que brolla del cor de Crist a la Creu arribi a tots els racons de la Terra. PREGUEM:<\/strong><\/li>\n<li>Pels qui estem reunits aqu\u00ed, com a comunitat cristiana, celebrant l\u2019Eucaristia de Jes\u00fas. PREGUEM:<\/li>\n<\/ol>\n<p>Escolteu-nos, Jes\u00fas ressuscitat, i envieu-nos el do de l\u2019Esperit Sant, a nosaltres, a tota l\u2019Esgl\u00e9sia, i al m\u00f3n sencer. V\u00f3s, que viviu i regneu pels segles dels segles.<\/p>\n","protected":false},"excerpt":{"rendered":"<p>Ascensi\u00f3 del Senyor. Oferim aqu\u00ed un text per afegir al formulari de la preg\u00e0ria dels fidels en relaci\u00f3 a l&#8217;atemptat a la ciutat de Manchester.<\/p>\n","protected":false},"author":1,"featured_media":7274,"comment_status":"closed","ping_status":"open","sticky":false,"template":"","format":"standard","meta":{"_acf_changed":false,"inline_featured_image":false,"footnotes":""},"categories":[1],"tags":[],"class_list":["post-8920","post","type-post","status-publish","format-standard","has-post-thumbnail","hentry","category-sin-categorizar"],"acf":[],"yoast_head":"<!-- This site is optimized with the Yoast SEO plugin v27.3 - https:\/\/yoast.com\/product\/yoast-seo-wordpress\/ -->\n<title>PREG\u00c0RIA D&#039;\u00daLTIMA HORA: PER LES V\u00cdCTIMES A LA CIUTAT DE MANCHESTER - CPL<\/title>\n<meta name=\"robots\" content=\"index, follow, max-snippet:-1, max-image-preview:large, max-video-preview:-1\" \/>\n<link rel=\"canonical\" href=\"https:\/\/www.cpl.es\/ca\/pregaria-dultima-hora-per-les-victimes-a-la-ciutat-de-manchester\/\" \/>\n<meta property=\"og:locale\" content=\"ca_ES\" \/>\n<meta property=\"og:type\" content=\"article\" \/>\n<meta property=\"og:title\" content=\"PREG\u00c0RIA D&#039;\u00daLTIMA HORA: PER LES V\u00cdCTIMES A LA CIUTAT DE MANCHESTER - CPL\" \/>\n<meta property=\"og:description\" content=\"Ascensi\u00f3 del Senyor. Oferim aqu\u00ed un text per afegir al formulari de la preg\u00e0ria dels fidels en relaci\u00f3 a l&#039;atemptat a la ciutat de Manchester.\" \/>\n<meta property=\"og:url\" content=\"https:\/\/www.cpl.es\/ca\/pregaria-dultima-hora-per-les-victimes-a-la-ciutat-de-manchester\/\" \/>\n<meta property=\"og:site_name\" content=\"CPL\" \/>\n<meta property=\"article:published_time\" content=\"2017-05-23T22:00:00+00:00\" \/>\n<meta property=\"article:modified_time\" content=\"2023-12-04T11:42:19+00:00\" \/>\n<meta property=\"og:image\" content=\"https:\/\/www.cpl.es\/wp-content\/uploads\/20170524140221.jpg\" \/>\n\t<meta property=\"og:image:width\" content=\"1147\" \/>\n\t<meta property=\"og:image:height\" content=\"1445\" \/>\n\t<meta property=\"og:image:type\" content=\"image\/jpeg\" \/>\n<meta name=\"author\" content=\"Webico\" \/>\n<meta name=\"twitter:card\" content=\"summary_large_image\" \/>\n<meta name=\"twitter:label1\" content=\"Escrit per\" \/>\n\t<meta name=\"twitter:data1\" content=\"Webico\" \/>\n\t<meta name=\"twitter:label2\" content=\"Temps estimat de lectura\" \/>\n\t<meta name=\"twitter:data2\" content=\"1 minut\" \/>\n<script type=\"application\/ld+json\" class=\"yoast-schema-graph\">{\"@context\":\"https:\\\/\\\/schema.org\",\"@graph\":[{\"@type\":\"Article\",\"@id\":\"https:\\\/\\\/www.cpl.es\\\/ca\\\/pregaria-dultima-hora-per-les-victimes-a-la-ciutat-de-manchester\\\/#article\",\"isPartOf\":{\"@id\":\"https:\\\/\\\/www.cpl.es\\\/ca\\\/pregaria-dultima-hora-per-les-victimes-a-la-ciutat-de-manchester\\\/\"},\"author\":{\"name\":\"Webico\",\"@id\":\"https:\\\/\\\/www.cpl.es\\\/#\\\/schema\\\/person\\\/e0710ad98477b8afb5160d4e642115ab\"},\"headline\":\"PREG\u00c0RIA D&#8217;\u00daLTIMA HORA: PER LES V\u00cdCTIMES A LA CIUTAT DE MANCHESTER\",\"datePublished\":\"2017-05-23T22:00:00+00:00\",\"dateModified\":\"2023-12-04T11:42:19+00:00\",\"mainEntityOfPage\":{\"@id\":\"https:\\\/\\\/www.cpl.es\\\/ca\\\/pregaria-dultima-hora-per-les-victimes-a-la-ciutat-de-manchester\\\/\"},\"wordCount\":203,\"publisher\":{\"@id\":\"https:\\\/\\\/www.cpl.es\\\/#organization\"},\"image\":{\"@id\":\"https:\\\/\\\/www.cpl.es\\\/ca\\\/pregaria-dultima-hora-per-les-victimes-a-la-ciutat-de-manchester\\\/#primaryimage\"},\"thumbnailUrl\":\"https:\\\/\\\/www.cpl.es\\\/wp-content\\\/uploads\\\/20170524140221.jpg\",\"articleSection\":[\"Sin categorizar\"],\"inLanguage\":\"ca\"},{\"@type\":\"WebPage\",\"@id\":\"https:\\\/\\\/www.cpl.es\\\/ca\\\/pregaria-dultima-hora-per-les-victimes-a-la-ciutat-de-manchester\\\/\",\"url\":\"https:\\\/\\\/www.cpl.es\\\/ca\\\/pregaria-dultima-hora-per-les-victimes-a-la-ciutat-de-manchester\\\/\",\"name\":\"PREG\u00c0RIA D'\u00daLTIMA HORA: PER LES V\u00cdCTIMES A LA CIUTAT DE MANCHESTER - CPL\",\"isPartOf\":{\"@id\":\"https:\\\/\\\/www.cpl.es\\\/#website\"},\"primaryImageOfPage\":{\"@id\":\"https:\\\/\\\/www.cpl.es\\\/ca\\\/pregaria-dultima-hora-per-les-victimes-a-la-ciutat-de-manchester\\\/#primaryimage\"},\"image\":{\"@id\":\"https:\\\/\\\/www.cpl.es\\\/ca\\\/pregaria-dultima-hora-per-les-victimes-a-la-ciutat-de-manchester\\\/#primaryimage\"},\"thumbnailUrl\":\"https:\\\/\\\/www.cpl.es\\\/wp-content\\\/uploads\\\/20170524140221.jpg\",\"datePublished\":\"2017-05-23T22:00:00+00:00\",\"dateModified\":\"2023-12-04T11:42:19+00:00\",\"breadcrumb\":{\"@id\":\"https:\\\/\\\/www.cpl.es\\\/ca\\\/pregaria-dultima-hora-per-les-victimes-a-la-ciutat-de-manchester\\\/#breadcrumb\"},\"inLanguage\":\"ca\",\"potentialAction\":[{\"@type\":\"ReadAction\",\"target\":[\"https:\\\/\\\/www.cpl.es\\\/ca\\\/pregaria-dultima-hora-per-les-victimes-a-la-ciutat-de-manchester\\\/\"]}]},{\"@type\":\"ImageObject\",\"inLanguage\":\"ca\",\"@id\":\"https:\\\/\\\/www.cpl.es\\\/ca\\\/pregaria-dultima-hora-per-les-victimes-a-la-ciutat-de-manchester\\\/#primaryimage\",\"url\":\"https:\\\/\\\/www.cpl.es\\\/wp-content\\\/uploads\\\/20170524140221.jpg\",\"contentUrl\":\"https:\\\/\\\/www.cpl.es\\\/wp-content\\\/uploads\\\/20170524140221.jpg\",\"width\":1147,\"height\":1445},{\"@type\":\"BreadcrumbList\",\"@id\":\"https:\\\/\\\/www.cpl.es\\\/ca\\\/pregaria-dultima-hora-per-les-victimes-a-la-ciutat-de-manchester\\\/#breadcrumb\",\"itemListElement\":[{\"@type\":\"ListItem\",\"position\":1,\"name\":\"Portada\",\"item\":\"https:\\\/\\\/www.cpl.es\\\/ca\\\/\"},{\"@type\":\"ListItem\",\"position\":2,\"name\":\"PREG\u00c0RIA D&#8217;\u00daLTIMA HORA: PER LES V\u00cdCTIMES A LA CIUTAT DE MANCHESTER\"}]},{\"@type\":\"WebSite\",\"@id\":\"https:\\\/\\\/www.cpl.es\\\/#website\",\"url\":\"https:\\\/\\\/www.cpl.es\\\/\",\"name\":\"CPL\",\"description\":\"Centre de Pastoral Lit\u00fargica de Barcelona\",\"publisher\":{\"@id\":\"https:\\\/\\\/www.cpl.es\\\/#organization\"},\"alternateName\":\"Centre de Pastoral Lit\u00fargica\",\"potentialAction\":[{\"@type\":\"SearchAction\",\"target\":{\"@type\":\"EntryPoint\",\"urlTemplate\":\"https:\\\/\\\/www.cpl.es\\\/?s={search_term_string}\"},\"query-input\":{\"@type\":\"PropertyValueSpecification\",\"valueRequired\":true,\"valueName\":\"search_term_string\"}}],\"inLanguage\":\"ca\"},{\"@type\":\"Organization\",\"@id\":\"https:\\\/\\\/www.cpl.es\\\/#organization\",\"name\":\"Centre de Pastoral Lit\u00fargica\",\"alternateName\":\"Centre de Pastoral Lit\u00fargica de Barcelona\",\"url\":\"https:\\\/\\\/www.cpl.es\\\/\",\"logo\":{\"@type\":\"ImageObject\",\"inLanguage\":\"ca\",\"@id\":\"https:\\\/\\\/www.cpl.es\\\/#\\\/schema\\\/logo\\\/image\\\/\",\"url\":\"https:\\\/\\\/www.cpl.es\\\/wp-content\\\/uploads\\\/logo-cpl.svg\",\"contentUrl\":\"https:\\\/\\\/www.cpl.es\\\/wp-content\\\/uploads\\\/logo-cpl.svg\",\"caption\":\"Centre de Pastoral Lit\u00fargica\"},\"image\":{\"@id\":\"https:\\\/\\\/www.cpl.es\\\/#\\\/schema\\\/logo\\\/image\\\/\"}},{\"@type\":\"Person\",\"@id\":\"https:\\\/\\\/www.cpl.es\\\/#\\\/schema\\\/person\\\/e0710ad98477b8afb5160d4e642115ab\",\"name\":\"Webico\",\"sameAs\":[\"https:\\\/\\\/nueva.cpl.es\"]}]}<\/script>\n<!-- \/ Yoast SEO plugin. -->","yoast_head_json":{"title":"PREG\u00c0RIA D'\u00daLTIMA HORA: PER LES V\u00cdCTIMES A LA CIUTAT DE MANCHESTER - CPL","robots":{"index":"index","follow":"follow","max-snippet":"max-snippet:-1","max-image-preview":"max-image-preview:large","max-video-preview":"max-video-preview:-1"},"canonical":"https:\/\/www.cpl.es\/ca\/pregaria-dultima-hora-per-les-victimes-a-la-ciutat-de-manchester\/","og_locale":"ca_ES","og_type":"article","og_title":"PREG\u00c0RIA D'\u00daLTIMA HORA: PER LES V\u00cdCTIMES A LA CIUTAT DE MANCHESTER - CPL","og_description":"Ascensi\u00f3 del Senyor. Oferim aqu\u00ed un text per afegir al formulari de la preg\u00e0ria dels fidels en relaci\u00f3 a l'atemptat a la ciutat de Manchester.","og_url":"https:\/\/www.cpl.es\/ca\/pregaria-dultima-hora-per-les-victimes-a-la-ciutat-de-manchester\/","og_site_name":"CPL","article_published_time":"2017-05-23T22:00:00+00:00","article_modified_time":"2023-12-04T11:42:19+00:00","og_image":[{"width":1147,"height":1445,"url":"https:\/\/www.cpl.es\/wp-content\/uploads\/20170524140221.jpg","type":"image\/jpeg"}],"author":"Webico","twitter_card":"summary_large_image","twitter_misc":{"Escrit per":"Webico","Temps estimat de lectura":"1 minut"},"schema":{"@context":"https:\/\/schema.org","@graph":[{"@type":"Article","@id":"https:\/\/www.cpl.es\/ca\/pregaria-dultima-hora-per-les-victimes-a-la-ciutat-de-manchester\/#article","isPartOf":{"@id":"https:\/\/www.cpl.es\/ca\/pregaria-dultima-hora-per-les-victimes-a-la-ciutat-de-manchester\/"},"author":{"name":"Webico","@id":"https:\/\/www.cpl.es\/#\/schema\/person\/e0710ad98477b8afb5160d4e642115ab"},"headline":"PREG\u00c0RIA D&#8217;\u00daLTIMA HORA: PER LES V\u00cdCTIMES A LA CIUTAT DE MANCHESTER","datePublished":"2017-05-23T22:00:00+00:00","dateModified":"2023-12-04T11:42:19+00:00","mainEntityOfPage":{"@id":"https:\/\/www.cpl.es\/ca\/pregaria-dultima-hora-per-les-victimes-a-la-ciutat-de-manchester\/"},"wordCount":203,"publisher":{"@id":"https:\/\/www.cpl.es\/#organization"},"image":{"@id":"https:\/\/www.cpl.es\/ca\/pregaria-dultima-hora-per-les-victimes-a-la-ciutat-de-manchester\/#primaryimage"},"thumbnailUrl":"https:\/\/www.cpl.es\/wp-content\/uploads\/20170524140221.jpg","articleSection":["Sin categorizar"],"inLanguage":"ca"},{"@type":"WebPage","@id":"https:\/\/www.cpl.es\/ca\/pregaria-dultima-hora-per-les-victimes-a-la-ciutat-de-manchester\/","url":"https:\/\/www.cpl.es\/ca\/pregaria-dultima-hora-per-les-victimes-a-la-ciutat-de-manchester\/","name":"PREG\u00c0RIA D'\u00daLTIMA HORA: PER LES V\u00cdCTIMES A LA CIUTAT DE MANCHESTER - CPL","isPartOf":{"@id":"https:\/\/www.cpl.es\/#website"},"primaryImageOfPage":{"@id":"https:\/\/www.cpl.es\/ca\/pregaria-dultima-hora-per-les-victimes-a-la-ciutat-de-manchester\/#primaryimage"},"image":{"@id":"https:\/\/www.cpl.es\/ca\/pregaria-dultima-hora-per-les-victimes-a-la-ciutat-de-manchester\/#primaryimage"},"thumbnailUrl":"https:\/\/www.cpl.es\/wp-content\/uploads\/20170524140221.jpg","datePublished":"2017-05-23T22:00:00+00:00","dateModified":"2023-12-04T11:42:19+00:00","breadcrumb":{"@id":"https:\/\/www.cpl.es\/ca\/pregaria-dultima-hora-per-les-victimes-a-la-ciutat-de-manchester\/#breadcrumb"},"inLanguage":"ca","potentialAction":[{"@type":"ReadAction","target":["https:\/\/www.cpl.es\/ca\/pregaria-dultima-hora-per-les-victimes-a-la-ciutat-de-manchester\/"]}]},{"@type":"ImageObject","inLanguage":"ca","@id":"https:\/\/www.cpl.es\/ca\/pregaria-dultima-hora-per-les-victimes-a-la-ciutat-de-manchester\/#primaryimage","url":"https:\/\/www.cpl.es\/wp-content\/uploads\/20170524140221.jpg","contentUrl":"https:\/\/www.cpl.es\/wp-content\/uploads\/20170524140221.jpg","width":1147,"height":1445},{"@type":"BreadcrumbList","@id":"https:\/\/www.cpl.es\/ca\/pregaria-dultima-hora-per-les-victimes-a-la-ciutat-de-manchester\/#breadcrumb","itemListElement":[{"@type":"ListItem","position":1,"name":"Portada","item":"https:\/\/www.cpl.es\/ca\/"},{"@type":"ListItem","position":2,"name":"PREG\u00c0RIA D&#8217;\u00daLTIMA HORA: PER LES V\u00cdCTIMES A LA CIUTAT DE MANCHESTER"}]},{"@type":"WebSite","@id":"https:\/\/www.cpl.es\/#website","url":"https:\/\/www.cpl.es\/","name":"CPL","description":"Centre de Pastoral Lit\u00fargica de Barcelona","publisher":{"@id":"https:\/\/www.cpl.es\/#organization"},"alternateName":"Centre de Pastoral Lit\u00fargica","potentialAction":[{"@type":"SearchAction","target":{"@type":"EntryPoint","urlTemplate":"https:\/\/www.cpl.es\/?s={search_term_string}"},"query-input":{"@type":"PropertyValueSpecification","valueRequired":true,"valueName":"search_term_string"}}],"inLanguage":"ca"},{"@type":"Organization","@id":"https:\/\/www.cpl.es\/#organization","name":"Centre de Pastoral Lit\u00fargica","alternateName":"Centre de Pastoral Lit\u00fargica de Barcelona","url":"https:\/\/www.cpl.es\/","logo":{"@type":"ImageObject","inLanguage":"ca","@id":"https:\/\/www.cpl.es\/#\/schema\/logo\/image\/","url":"https:\/\/www.cpl.es\/wp-content\/uploads\/logo-cpl.svg","contentUrl":"https:\/\/www.cpl.es\/wp-content\/uploads\/logo-cpl.svg","caption":"Centre de Pastoral Lit\u00fargica"},"image":{"@id":"https:\/\/www.cpl.es\/#\/schema\/logo\/image\/"}},{"@type":"Person","@id":"https:\/\/www.cpl.es\/#\/schema\/person\/e0710ad98477b8afb5160d4e642115ab","name":"Webico","sameAs":["https:\/\/nueva.cpl.es"]}]}},"_links":{"self":[{"href":"https:\/\/www.cpl.es\/ca\/wp-json\/wp\/v2\/posts\/8920","targetHints":{"allow":["GET"]}}],"collection":[{"href":"https:\/\/www.cpl.es\/ca\/wp-json\/wp\/v2\/posts"}],"about":[{"href":"https:\/\/www.cpl.es\/ca\/wp-json\/wp\/v2\/types\/post"}],"author":[{"embeddable":true,"href":"https:\/\/www.cpl.es\/ca\/wp-json\/wp\/v2\/users\/1"}],"replies":[{"embeddable":true,"href":"https:\/\/www.cpl.es\/ca\/wp-json\/wp\/v2\/comments?post=8920"}],"version-history":[{"count":1,"href":"https:\/\/www.cpl.es\/ca\/wp-json\/wp\/v2\/posts\/8920\/revisions"}],"predecessor-version":[{"id":10751,"href":"https:\/\/www.cpl.es\/ca\/wp-json\/wp\/v2\/posts\/8920\/revisions\/10751"}],"wp:featuredmedia":[{"embeddable":true,"href":"https:\/\/www.cpl.es\/ca\/wp-json\/wp\/v2\/media\/7274"}],"wp:attachment":[{"href":"https:\/\/www.cpl.es\/ca\/wp-json\/wp\/v2\/media?parent=8920"}],"wp:term":[{"taxonomy":"category","embeddable":true,"href":"https:\/\/www.cpl.es\/ca\/wp-json\/wp\/v2\/categories?post=8920"},{"taxonomy":"post_tag","embeddable":true,"href":"https:\/\/www.cpl.es\/ca\/wp-json\/wp\/v2\/tags?post=8920"}],"curies":[{"name":"wp","href":"https:\/\/api.w.org\/{rel}","templated":true}]}}