{"id":8862,"date":"2016-10-20T00:00:00","date_gmt":"2016-10-19T22:00:00","guid":{"rendered":"https:\/\/nuevaweb.cpl.es\/amb-els-missioners-de-la-misericordia\/"},"modified":"2023-12-04T12:08:57","modified_gmt":"2023-12-04T11:08:57","slug":"amb-els-missioners-de-la-misericordia","status":"publish","type":"post","link":"https:\/\/www.cpl.es\/ca\/amb-els-missioners-de-la-misericordia\/","title":{"rendered":"AMB ELS MISSIONERS DE LA MISERIC\u00d2RDIA"},"content":{"rendered":"<p>La taula rodona promoguda pel Centre de Pastoral Lit\u00fargica (CPL), presentada per Jaume Fontbona, president del CPL, va comptar amb la participaci\u00f3 de Mn. Joan Babur\u00e9s i el P. Bernab\u00e9 Dalmau, monjo de Montserrat, tots dos membres del Centre de Pastoral Lit\u00fargica i missioners de la Miseric\u00f2rdia per les di\u00f2cesis de Girona i de Sant Feliu de Llobregat respectivament.<\/p>\n<p>Els missioners de la Miseric\u00f2rdia han estat una de les iniciatives promogudes pel Papa per tal d\u2019ajudar a viure aquest any jubilar. Bernab\u00e9 Dalmau, ens ofereix en el llibre\u00a0<em>Dietari d\u2019un missioner de la Miseric\u00f2rdia<\/em>\u00a0la seva experi\u00e8ncia, com un est\u00edmul m\u00e9s perqu\u00e8 visquem l\u2019esperit de la miseric\u00f2rdia no nom\u00e9s durant aquest any, sin\u00f3 en tota la nostra vida.<\/p>\n<p>Mn. Babur\u00e9s va compartir amb els presents que \u201cal llarg d'aquest any jubilar s'han anat succeint diversos esdeveniments que ens han anat ajudant en dues direccions\u201d.\u00a0Al seu parer, \u201cd'una banda, ens han fet comprendre millor el sentit m\u00e9s profund d'aquesta actitud divina, tan present en la Sagrada Escriptura, que anomenem miseric\u00f2rdia; per una altra, ha reclamat de tots un fort sentiment de conversi\u00f3, sense el qual no tindria cap efic\u00e0cia la miseric\u00f2rdia divina\u201d.<\/p>\n<p>Ambd\u00f3s ponents van coincidir a apreciar que la nostra societat fa molt d\u2019\u00e8mfasi en la just\u00edcia, que cal que n\u2019hi hagi i es faci efectiva, per\u00f2 que la miseric\u00f2rdia de D\u00e9u \u00e9s la just\u00edcia veritable que ens convida a convertir-nos, ajudant-nos a comprendre qu\u00e8\u00a0estem fent malament, i apel\u00b7lant a la nostra consci\u00e8ncia.<\/p>\n<p>Les persones assistents van rebre l\u2019obsequi dels llibres\u00a0<em>Les obres de Miseric\u00f2rdia corporals i espirituals<\/em>, de Salvador Pi\u00e9-Ninot i\u00a0<em>Dietari d\u2019un missioner de la Miseric\u00f2rdia<\/em>, de Bernab\u00e9 Dalmau.<\/p>\n<p><a href=\"http:\/\/bit.ly\/AlbumFotosMissioners\">Fotografies de l\u2019acte<\/a>\u00a0\u00a9Aleix Mayans<\/p>\n","protected":false},"excerpt":{"rendered":"<p>Taula rodona amb Mn. Joan Babur\u00e9s i el P. Bernab\u00e9 Dalmau.<\/p>\n","protected":false},"author":1,"featured_media":7236,"comment_status":"closed","ping_status":"open","sticky":false,"template":"","format":"standard","meta":{"_acf_changed":false,"inline_featured_image":false,"footnotes":""},"categories":[1],"tags":[],"class_list":["post-8862","post","type-post","status-publish","format-standard","has-post-thumbnail","hentry","category-sin-categorizar"],"acf":[],"yoast_head":"<!-- This site is optimized with the Yoast SEO plugin v27.3 - https:\/\/yoast.com\/product\/yoast-seo-wordpress\/ -->\n<title>AMB ELS MISSIONERS DE LA MISERIC\u00d2RDIA - CPL<\/title>\n<meta name=\"robots\" content=\"index, follow, max-snippet:-1, max-image-preview:large, max-video-preview:-1\" \/>\n<link rel=\"canonical\" href=\"https:\/\/www.cpl.es\/ca\/amb-els-missioners-de-la-misericordia\/\" \/>\n<meta property=\"og:locale\" content=\"ca_ES\" \/>\n<meta property=\"og:type\" content=\"article\" \/>\n<meta property=\"og:title\" content=\"AMB ELS MISSIONERS DE LA MISERIC\u00d2RDIA - CPL\" \/>\n<meta property=\"og:description\" content=\"Taula rodona amb Mn. Joan Babur\u00e9s i el P. Bernab\u00e9 Dalmau.\" \/>\n<meta property=\"og:url\" content=\"https:\/\/www.cpl.es\/ca\/amb-els-missioners-de-la-misericordia\/\" \/>\n<meta property=\"og:site_name\" content=\"CPL\" \/>\n<meta property=\"article:published_time\" content=\"2016-10-19T22:00:00+00:00\" \/>\n<meta property=\"article:modified_time\" content=\"2023-12-04T11:08:57+00:00\" \/>\n<meta property=\"og:image\" content=\"https:\/\/www.cpl.es\/wp-content\/uploads\/161020-132210.jpg\" \/>\n\t<meta property=\"og:image:width\" content=\"640\" \/>\n\t<meta property=\"og:image:height\" content=\"425\" \/>\n\t<meta property=\"og:image:type\" content=\"image\/jpeg\" \/>\n<meta name=\"author\" content=\"Webico\" \/>\n<meta name=\"twitter:card\" content=\"summary_large_image\" \/>\n<meta name=\"twitter:label1\" content=\"Escrit per\" \/>\n\t<meta name=\"twitter:data1\" content=\"Webico\" \/>\n\t<meta name=\"twitter:label2\" content=\"Temps estimat de lectura\" \/>\n\t<meta name=\"twitter:data2\" content=\"2 minuts\" \/>\n<script type=\"application\/ld+json\" class=\"yoast-schema-graph\">{\"@context\":\"https:\\\/\\\/schema.org\",\"@graph\":[{\"@type\":\"Article\",\"@id\":\"https:\\\/\\\/www.cpl.es\\\/ca\\\/amb-els-missioners-de-la-misericordia\\\/#article\",\"isPartOf\":{\"@id\":\"https:\\\/\\\/www.cpl.es\\\/ca\\\/amb-els-missioners-de-la-misericordia\\\/\"},\"author\":{\"name\":\"Webico\",\"@id\":\"https:\\\/\\\/www.cpl.es\\\/#\\\/schema\\\/person\\\/e0710ad98477b8afb5160d4e642115ab\"},\"headline\":\"AMB ELS MISSIONERS DE LA MISERIC\u00d2RDIA\",\"datePublished\":\"2016-10-19T22:00:00+00:00\",\"dateModified\":\"2023-12-04T11:08:57+00:00\",\"mainEntityOfPage\":{\"@id\":\"https:\\\/\\\/www.cpl.es\\\/ca\\\/amb-els-missioners-de-la-misericordia\\\/\"},\"wordCount\":324,\"publisher\":{\"@id\":\"https:\\\/\\\/www.cpl.es\\\/#organization\"},\"image\":{\"@id\":\"https:\\\/\\\/www.cpl.es\\\/ca\\\/amb-els-missioners-de-la-misericordia\\\/#primaryimage\"},\"thumbnailUrl\":\"https:\\\/\\\/www.cpl.es\\\/wp-content\\\/uploads\\\/161020-132210.jpg\",\"articleSection\":[\"Sin categorizar\"],\"inLanguage\":\"ca\"},{\"@type\":\"WebPage\",\"@id\":\"https:\\\/\\\/www.cpl.es\\\/ca\\\/amb-els-missioners-de-la-misericordia\\\/\",\"url\":\"https:\\\/\\\/www.cpl.es\\\/ca\\\/amb-els-missioners-de-la-misericordia\\\/\",\"name\":\"AMB ELS MISSIONERS DE LA MISERIC\u00d2RDIA - CPL\",\"isPartOf\":{\"@id\":\"https:\\\/\\\/www.cpl.es\\\/#website\"},\"primaryImageOfPage\":{\"@id\":\"https:\\\/\\\/www.cpl.es\\\/ca\\\/amb-els-missioners-de-la-misericordia\\\/#primaryimage\"},\"image\":{\"@id\":\"https:\\\/\\\/www.cpl.es\\\/ca\\\/amb-els-missioners-de-la-misericordia\\\/#primaryimage\"},\"thumbnailUrl\":\"https:\\\/\\\/www.cpl.es\\\/wp-content\\\/uploads\\\/161020-132210.jpg\",\"datePublished\":\"2016-10-19T22:00:00+00:00\",\"dateModified\":\"2023-12-04T11:08:57+00:00\",\"breadcrumb\":{\"@id\":\"https:\\\/\\\/www.cpl.es\\\/ca\\\/amb-els-missioners-de-la-misericordia\\\/#breadcrumb\"},\"inLanguage\":\"ca\",\"potentialAction\":[{\"@type\":\"ReadAction\",\"target\":[\"https:\\\/\\\/www.cpl.es\\\/ca\\\/amb-els-missioners-de-la-misericordia\\\/\"]}]},{\"@type\":\"ImageObject\",\"inLanguage\":\"ca\",\"@id\":\"https:\\\/\\\/www.cpl.es\\\/ca\\\/amb-els-missioners-de-la-misericordia\\\/#primaryimage\",\"url\":\"https:\\\/\\\/www.cpl.es\\\/wp-content\\\/uploads\\\/161020-132210.jpg\",\"contentUrl\":\"https:\\\/\\\/www.cpl.es\\\/wp-content\\\/uploads\\\/161020-132210.jpg\",\"width\":640,\"height\":425},{\"@type\":\"BreadcrumbList\",\"@id\":\"https:\\\/\\\/www.cpl.es\\\/ca\\\/amb-els-missioners-de-la-misericordia\\\/#breadcrumb\",\"itemListElement\":[{\"@type\":\"ListItem\",\"position\":1,\"name\":\"Portada\",\"item\":\"https:\\\/\\\/www.cpl.es\\\/ca\\\/\"},{\"@type\":\"ListItem\",\"position\":2,\"name\":\"AMB ELS MISSIONERS DE LA MISERIC\u00d2RDIA\"}]},{\"@type\":\"WebSite\",\"@id\":\"https:\\\/\\\/www.cpl.es\\\/#website\",\"url\":\"https:\\\/\\\/www.cpl.es\\\/\",\"name\":\"CPL\",\"description\":\"Centre de Pastoral Lit\u00fargica de Barcelona\",\"publisher\":{\"@id\":\"https:\\\/\\\/www.cpl.es\\\/#organization\"},\"alternateName\":\"Centre de Pastoral Lit\u00fargica\",\"potentialAction\":[{\"@type\":\"SearchAction\",\"target\":{\"@type\":\"EntryPoint\",\"urlTemplate\":\"https:\\\/\\\/www.cpl.es\\\/?s={search_term_string}\"},\"query-input\":{\"@type\":\"PropertyValueSpecification\",\"valueRequired\":true,\"valueName\":\"search_term_string\"}}],\"inLanguage\":\"ca\"},{\"@type\":\"Organization\",\"@id\":\"https:\\\/\\\/www.cpl.es\\\/#organization\",\"name\":\"Centre de Pastoral Lit\u00fargica\",\"alternateName\":\"Centre de Pastoral Lit\u00fargica de Barcelona\",\"url\":\"https:\\\/\\\/www.cpl.es\\\/\",\"logo\":{\"@type\":\"ImageObject\",\"inLanguage\":\"ca\",\"@id\":\"https:\\\/\\\/www.cpl.es\\\/#\\\/schema\\\/logo\\\/image\\\/\",\"url\":\"https:\\\/\\\/www.cpl.es\\\/wp-content\\\/uploads\\\/logo-cpl.svg\",\"contentUrl\":\"https:\\\/\\\/www.cpl.es\\\/wp-content\\\/uploads\\\/logo-cpl.svg\",\"caption\":\"Centre de Pastoral Lit\u00fargica\"},\"image\":{\"@id\":\"https:\\\/\\\/www.cpl.es\\\/#\\\/schema\\\/logo\\\/image\\\/\"}},{\"@type\":\"Person\",\"@id\":\"https:\\\/\\\/www.cpl.es\\\/#\\\/schema\\\/person\\\/e0710ad98477b8afb5160d4e642115ab\",\"name\":\"Webico\",\"sameAs\":[\"https:\\\/\\\/nueva.cpl.es\"]}]}<\/script>\n<!-- \/ Yoast SEO plugin. -->","yoast_head_json":{"title":"AMB ELS MISSIONERS DE LA MISERIC\u00d2RDIA - CPL","robots":{"index":"index","follow":"follow","max-snippet":"max-snippet:-1","max-image-preview":"max-image-preview:large","max-video-preview":"max-video-preview:-1"},"canonical":"https:\/\/www.cpl.es\/ca\/amb-els-missioners-de-la-misericordia\/","og_locale":"ca_ES","og_type":"article","og_title":"AMB ELS MISSIONERS DE LA MISERIC\u00d2RDIA - CPL","og_description":"Taula rodona amb Mn. Joan Babur\u00e9s i el P. Bernab\u00e9 Dalmau.","og_url":"https:\/\/www.cpl.es\/ca\/amb-els-missioners-de-la-misericordia\/","og_site_name":"CPL","article_published_time":"2016-10-19T22:00:00+00:00","article_modified_time":"2023-12-04T11:08:57+00:00","og_image":[{"width":640,"height":425,"url":"https:\/\/www.cpl.es\/wp-content\/uploads\/161020-132210.jpg","type":"image\/jpeg"}],"author":"Webico","twitter_card":"summary_large_image","twitter_misc":{"Escrit per":"Webico","Temps estimat de lectura":"2 minuts"},"schema":{"@context":"https:\/\/schema.org","@graph":[{"@type":"Article","@id":"https:\/\/www.cpl.es\/ca\/amb-els-missioners-de-la-misericordia\/#article","isPartOf":{"@id":"https:\/\/www.cpl.es\/ca\/amb-els-missioners-de-la-misericordia\/"},"author":{"name":"Webico","@id":"https:\/\/www.cpl.es\/#\/schema\/person\/e0710ad98477b8afb5160d4e642115ab"},"headline":"AMB ELS MISSIONERS DE LA MISERIC\u00d2RDIA","datePublished":"2016-10-19T22:00:00+00:00","dateModified":"2023-12-04T11:08:57+00:00","mainEntityOfPage":{"@id":"https:\/\/www.cpl.es\/ca\/amb-els-missioners-de-la-misericordia\/"},"wordCount":324,"publisher":{"@id":"https:\/\/www.cpl.es\/#organization"},"image":{"@id":"https:\/\/www.cpl.es\/ca\/amb-els-missioners-de-la-misericordia\/#primaryimage"},"thumbnailUrl":"https:\/\/www.cpl.es\/wp-content\/uploads\/161020-132210.jpg","articleSection":["Sin categorizar"],"inLanguage":"ca"},{"@type":"WebPage","@id":"https:\/\/www.cpl.es\/ca\/amb-els-missioners-de-la-misericordia\/","url":"https:\/\/www.cpl.es\/ca\/amb-els-missioners-de-la-misericordia\/","name":"AMB ELS MISSIONERS DE LA MISERIC\u00d2RDIA - CPL","isPartOf":{"@id":"https:\/\/www.cpl.es\/#website"},"primaryImageOfPage":{"@id":"https:\/\/www.cpl.es\/ca\/amb-els-missioners-de-la-misericordia\/#primaryimage"},"image":{"@id":"https:\/\/www.cpl.es\/ca\/amb-els-missioners-de-la-misericordia\/#primaryimage"},"thumbnailUrl":"https:\/\/www.cpl.es\/wp-content\/uploads\/161020-132210.jpg","datePublished":"2016-10-19T22:00:00+00:00","dateModified":"2023-12-04T11:08:57+00:00","breadcrumb":{"@id":"https:\/\/www.cpl.es\/ca\/amb-els-missioners-de-la-misericordia\/#breadcrumb"},"inLanguage":"ca","potentialAction":[{"@type":"ReadAction","target":["https:\/\/www.cpl.es\/ca\/amb-els-missioners-de-la-misericordia\/"]}]},{"@type":"ImageObject","inLanguage":"ca","@id":"https:\/\/www.cpl.es\/ca\/amb-els-missioners-de-la-misericordia\/#primaryimage","url":"https:\/\/www.cpl.es\/wp-content\/uploads\/161020-132210.jpg","contentUrl":"https:\/\/www.cpl.es\/wp-content\/uploads\/161020-132210.jpg","width":640,"height":425},{"@type":"BreadcrumbList","@id":"https:\/\/www.cpl.es\/ca\/amb-els-missioners-de-la-misericordia\/#breadcrumb","itemListElement":[{"@type":"ListItem","position":1,"name":"Portada","item":"https:\/\/www.cpl.es\/ca\/"},{"@type":"ListItem","position":2,"name":"AMB ELS MISSIONERS DE LA MISERIC\u00d2RDIA"}]},{"@type":"WebSite","@id":"https:\/\/www.cpl.es\/#website","url":"https:\/\/www.cpl.es\/","name":"CPL","description":"Centre de Pastoral Lit\u00fargica de Barcelona","publisher":{"@id":"https:\/\/www.cpl.es\/#organization"},"alternateName":"Centre de Pastoral Lit\u00fargica","potentialAction":[{"@type":"SearchAction","target":{"@type":"EntryPoint","urlTemplate":"https:\/\/www.cpl.es\/?s={search_term_string}"},"query-input":{"@type":"PropertyValueSpecification","valueRequired":true,"valueName":"search_term_string"}}],"inLanguage":"ca"},{"@type":"Organization","@id":"https:\/\/www.cpl.es\/#organization","name":"Centre de Pastoral Lit\u00fargica","alternateName":"Centre de Pastoral Lit\u00fargica de Barcelona","url":"https:\/\/www.cpl.es\/","logo":{"@type":"ImageObject","inLanguage":"ca","@id":"https:\/\/www.cpl.es\/#\/schema\/logo\/image\/","url":"https:\/\/www.cpl.es\/wp-content\/uploads\/logo-cpl.svg","contentUrl":"https:\/\/www.cpl.es\/wp-content\/uploads\/logo-cpl.svg","caption":"Centre de Pastoral Lit\u00fargica"},"image":{"@id":"https:\/\/www.cpl.es\/#\/schema\/logo\/image\/"}},{"@type":"Person","@id":"https:\/\/www.cpl.es\/#\/schema\/person\/e0710ad98477b8afb5160d4e642115ab","name":"Webico","sameAs":["https:\/\/nueva.cpl.es"]}]}},"_links":{"self":[{"href":"https:\/\/www.cpl.es\/ca\/wp-json\/wp\/v2\/posts\/8862","targetHints":{"allow":["GET"]}}],"collection":[{"href":"https:\/\/www.cpl.es\/ca\/wp-json\/wp\/v2\/posts"}],"about":[{"href":"https:\/\/www.cpl.es\/ca\/wp-json\/wp\/v2\/types\/post"}],"author":[{"embeddable":true,"href":"https:\/\/www.cpl.es\/ca\/wp-json\/wp\/v2\/users\/1"}],"replies":[{"embeddable":true,"href":"https:\/\/www.cpl.es\/ca\/wp-json\/wp\/v2\/comments?post=8862"}],"version-history":[{"count":2,"href":"https:\/\/www.cpl.es\/ca\/wp-json\/wp\/v2\/posts\/8862\/revisions"}],"predecessor-version":[{"id":10661,"href":"https:\/\/www.cpl.es\/ca\/wp-json\/wp\/v2\/posts\/8862\/revisions\/10661"}],"wp:featuredmedia":[{"embeddable":true,"href":"https:\/\/www.cpl.es\/ca\/wp-json\/wp\/v2\/media\/7236"}],"wp:attachment":[{"href":"https:\/\/www.cpl.es\/ca\/wp-json\/wp\/v2\/media?parent=8862"}],"wp:term":[{"taxonomy":"category","embeddable":true,"href":"https:\/\/www.cpl.es\/ca\/wp-json\/wp\/v2\/categories?post=8862"},{"taxonomy":"post_tag","embeddable":true,"href":"https:\/\/www.cpl.es\/ca\/wp-json\/wp\/v2\/tags?post=8862"}],"curies":[{"name":"wp","href":"https:\/\/api.w.org\/{rel}","templated":true}]}}