{"id":8847,"date":"2016-06-23T00:00:00","date_gmt":"2016-06-22T22:00:00","guid":{"rendered":"https:\/\/nuevaweb.cpl.es\/pregaria-dultima-hora-pels-carrecs-publics-que-seran-elegits-el-26-de-juny\/"},"modified":"2023-12-04T12:03:58","modified_gmt":"2023-12-04T11:03:58","slug":"pregaria-dultima-hora-pels-carrecs-publics-que-seran-elegits-el-26-de-juny","status":"publish","type":"post","link":"https:\/\/www.cpl.es\/ca\/pregaria-dultima-hora-pels-carrecs-publics-que-seran-elegits-el-26-de-juny\/","title":{"rendered":"PREG\u00c0RIA D&#8217;\u00daLTIMA HORA: PELS C\u00c0RRECS P\u00daBLICS QUE SERAN ELEGITS EL 26 DE JUNY"},"content":{"rendered":"<p><strong>Per al diumenge 13 de durant l\u2019any (C), 26 de juny de 2016<\/strong><\/p>\n<p>Preg\u00e0ria universal: Presentem al Senyor les nostres preg\u00e0ries, amb l\u2019esperan\u00e7a que seran escoltades. Preguem tot dient: ESCOLTEU-NOS, SENYOR.<\/p>\n<ol>\n<li>Pel papa Francesc, pel nostre bisbe &#8230;&#8230;&#8230;&#8230;&#8230;&#8230;&#8230;., pels preveres, els diaques i per tot el poble de D\u00e9u. Perqu\u00e8 siguem testimonis per al m\u00f3n de l\u2019amor de D\u00e9u en les nostres vides. PREGUEM:<\/li>\n<li>Pels qui viuen angoixats, pels qui no tenen esperan\u00e7a. Perqu\u00e8 amb l\u2019ajut del Senyor puguin sortir d\u2019aquesta situaci\u00f3 feixuga. PREGUEM:<\/li>\n<li><strong>Pels diputats i senadors que avui seran elegits. Perqu\u00e8 actu\u00efn sempre amb rectitud d\u2019intenci\u00f3, amb encert al servei del poble i amb una preocupaci\u00f3 molt sincera pels pobres i els febles. PREGUEM:<\/strong><\/li>\n<li>Per tots els qui tenen responsabilitats socials i pol\u00edtiques. Perqu\u00e8 serveixin sempre els altres amb sinceritat i honradesa. PREGUEM:<\/li>\n<li>Pels qui no tenen feina i no saben com tirar endavant. Perqu\u00e8 els responsables pol\u00edtics i socials trobin solucions a aquesta realitat tan dolorosa. PREGUEM:<\/li>\n<li>Pels qui ens hem aplegat per celebrar el memorial del Senyor, mort i ressuscitat. Perqu\u00e8 desitgem sempre estar m\u00e9s units a D\u00e9u. PREGUEM:<\/li>\n<\/ol>\n<p>Escolteu, Senyor, les preg\u00e0ries que us hem presentat amb fe i ompliu-nos sempre del vostre Esperit Sant. Per Crist Senyor nostre.<\/p>\n","protected":false},"excerpt":{"rendered":"<p>Diumenge 13 de durant l\u2019any. Oferim aqu\u00ed un nou text per afegir al formulari de la preg\u00e0ria dels fidels en relaci\u00f3 a les eleccions generals del 26 de juny.<\/p>\n","protected":false},"author":1,"featured_media":7204,"comment_status":"closed","ping_status":"open","sticky":false,"template":"","format":"standard","meta":{"_acf_changed":false,"inline_featured_image":false,"footnotes":""},"categories":[1],"tags":[],"class_list":["post-8847","post","type-post","status-publish","format-standard","has-post-thumbnail","hentry","category-sin-categorizar"],"acf":[],"yoast_head":"<!-- This site is optimized with the Yoast SEO plugin v27.3 - https:\/\/yoast.com\/product\/yoast-seo-wordpress\/ -->\n<title>PREG\u00c0RIA D&#039;\u00daLTIMA HORA: PELS C\u00c0RRECS P\u00daBLICS QUE SERAN ELEGITS EL 26 DE JUNY - CPL<\/title>\n<meta name=\"robots\" content=\"index, follow, max-snippet:-1, max-image-preview:large, max-video-preview:-1\" \/>\n<link rel=\"canonical\" href=\"https:\/\/www.cpl.es\/ca\/pregaria-dultima-hora-pels-carrecs-publics-que-seran-elegits-el-26-de-juny\/\" \/>\n<meta property=\"og:locale\" content=\"ca_ES\" \/>\n<meta property=\"og:type\" content=\"article\" \/>\n<meta property=\"og:title\" content=\"PREG\u00c0RIA D&#039;\u00daLTIMA HORA: PELS C\u00c0RRECS P\u00daBLICS QUE SERAN ELEGITS EL 26 DE JUNY - CPL\" \/>\n<meta property=\"og:description\" content=\"Diumenge 13 de durant l\u2019any. Oferim aqu\u00ed un nou text per afegir al formulari de la preg\u00e0ria dels fidels en relaci\u00f3 a les eleccions generals del 26 de juny.\" \/>\n<meta property=\"og:url\" content=\"https:\/\/www.cpl.es\/ca\/pregaria-dultima-hora-pels-carrecs-publics-que-seran-elegits-el-26-de-juny\/\" \/>\n<meta property=\"og:site_name\" content=\"CPL\" \/>\n<meta property=\"article:published_time\" content=\"2016-06-22T22:00:00+00:00\" \/>\n<meta property=\"article:modified_time\" content=\"2023-12-04T11:03:58+00:00\" \/>\n<meta property=\"og:image\" content=\"https:\/\/www.cpl.es\/wp-content\/uploads\/160623-20160623085115.jpg\" \/>\n\t<meta property=\"og:image:width\" content=\"1147\" \/>\n\t<meta property=\"og:image:height\" content=\"1917\" \/>\n\t<meta property=\"og:image:type\" content=\"image\/jpeg\" \/>\n<meta name=\"author\" content=\"Webico\" \/>\n<meta name=\"twitter:card\" content=\"summary_large_image\" \/>\n<meta name=\"twitter:label1\" content=\"Escrit per\" \/>\n\t<meta name=\"twitter:data1\" content=\"Webico\" \/>\n\t<meta name=\"twitter:label2\" content=\"Temps estimat de lectura\" \/>\n\t<meta name=\"twitter:data2\" content=\"1 minut\" \/>\n<script type=\"application\/ld+json\" class=\"yoast-schema-graph\">{\"@context\":\"https:\\\/\\\/schema.org\",\"@graph\":[{\"@type\":\"Article\",\"@id\":\"https:\\\/\\\/www.cpl.es\\\/ca\\\/pregaria-dultima-hora-pels-carrecs-publics-que-seran-elegits-el-26-de-juny\\\/#article\",\"isPartOf\":{\"@id\":\"https:\\\/\\\/www.cpl.es\\\/ca\\\/pregaria-dultima-hora-pels-carrecs-publics-que-seran-elegits-el-26-de-juny\\\/\"},\"author\":{\"name\":\"Webico\",\"@id\":\"https:\\\/\\\/www.cpl.es\\\/#\\\/schema\\\/person\\\/e0710ad98477b8afb5160d4e642115ab\"},\"headline\":\"PREG\u00c0RIA D&#8217;\u00daLTIMA HORA: PELS C\u00c0RRECS P\u00daBLICS QUE SERAN ELEGITS EL 26 DE JUNY\",\"datePublished\":\"2016-06-22T22:00:00+00:00\",\"dateModified\":\"2023-12-04T11:03:58+00:00\",\"mainEntityOfPage\":{\"@id\":\"https:\\\/\\\/www.cpl.es\\\/ca\\\/pregaria-dultima-hora-pels-carrecs-publics-que-seran-elegits-el-26-de-juny\\\/\"},\"wordCount\":235,\"publisher\":{\"@id\":\"https:\\\/\\\/www.cpl.es\\\/#organization\"},\"image\":{\"@id\":\"https:\\\/\\\/www.cpl.es\\\/ca\\\/pregaria-dultima-hora-pels-carrecs-publics-que-seran-elegits-el-26-de-juny\\\/#primaryimage\"},\"thumbnailUrl\":\"https:\\\/\\\/www.cpl.es\\\/wp-content\\\/uploads\\\/160623-20160623085115.jpg\",\"articleSection\":[\"Sin categorizar\"],\"inLanguage\":\"ca\"},{\"@type\":\"WebPage\",\"@id\":\"https:\\\/\\\/www.cpl.es\\\/ca\\\/pregaria-dultima-hora-pels-carrecs-publics-que-seran-elegits-el-26-de-juny\\\/\",\"url\":\"https:\\\/\\\/www.cpl.es\\\/ca\\\/pregaria-dultima-hora-pels-carrecs-publics-que-seran-elegits-el-26-de-juny\\\/\",\"name\":\"PREG\u00c0RIA D'\u00daLTIMA HORA: PELS C\u00c0RRECS P\u00daBLICS QUE SERAN ELEGITS EL 26 DE JUNY - CPL\",\"isPartOf\":{\"@id\":\"https:\\\/\\\/www.cpl.es\\\/#website\"},\"primaryImageOfPage\":{\"@id\":\"https:\\\/\\\/www.cpl.es\\\/ca\\\/pregaria-dultima-hora-pels-carrecs-publics-que-seran-elegits-el-26-de-juny\\\/#primaryimage\"},\"image\":{\"@id\":\"https:\\\/\\\/www.cpl.es\\\/ca\\\/pregaria-dultima-hora-pels-carrecs-publics-que-seran-elegits-el-26-de-juny\\\/#primaryimage\"},\"thumbnailUrl\":\"https:\\\/\\\/www.cpl.es\\\/wp-content\\\/uploads\\\/160623-20160623085115.jpg\",\"datePublished\":\"2016-06-22T22:00:00+00:00\",\"dateModified\":\"2023-12-04T11:03:58+00:00\",\"breadcrumb\":{\"@id\":\"https:\\\/\\\/www.cpl.es\\\/ca\\\/pregaria-dultima-hora-pels-carrecs-publics-que-seran-elegits-el-26-de-juny\\\/#breadcrumb\"},\"inLanguage\":\"ca\",\"potentialAction\":[{\"@type\":\"ReadAction\",\"target\":[\"https:\\\/\\\/www.cpl.es\\\/ca\\\/pregaria-dultima-hora-pels-carrecs-publics-que-seran-elegits-el-26-de-juny\\\/\"]}]},{\"@type\":\"ImageObject\",\"inLanguage\":\"ca\",\"@id\":\"https:\\\/\\\/www.cpl.es\\\/ca\\\/pregaria-dultima-hora-pels-carrecs-publics-que-seran-elegits-el-26-de-juny\\\/#primaryimage\",\"url\":\"https:\\\/\\\/www.cpl.es\\\/wp-content\\\/uploads\\\/160623-20160623085115.jpg\",\"contentUrl\":\"https:\\\/\\\/www.cpl.es\\\/wp-content\\\/uploads\\\/160623-20160623085115.jpg\",\"width\":1147,\"height\":1917},{\"@type\":\"BreadcrumbList\",\"@id\":\"https:\\\/\\\/www.cpl.es\\\/ca\\\/pregaria-dultima-hora-pels-carrecs-publics-que-seran-elegits-el-26-de-juny\\\/#breadcrumb\",\"itemListElement\":[{\"@type\":\"ListItem\",\"position\":1,\"name\":\"Portada\",\"item\":\"https:\\\/\\\/www.cpl.es\\\/ca\\\/\"},{\"@type\":\"ListItem\",\"position\":2,\"name\":\"PREG\u00c0RIA D&#8217;\u00daLTIMA HORA: PELS C\u00c0RRECS P\u00daBLICS QUE SERAN ELEGITS EL 26 DE JUNY\"}]},{\"@type\":\"WebSite\",\"@id\":\"https:\\\/\\\/www.cpl.es\\\/#website\",\"url\":\"https:\\\/\\\/www.cpl.es\\\/\",\"name\":\"CPL\",\"description\":\"Centre de Pastoral Lit\u00fargica de Barcelona\",\"publisher\":{\"@id\":\"https:\\\/\\\/www.cpl.es\\\/#organization\"},\"alternateName\":\"Centre de Pastoral Lit\u00fargica\",\"potentialAction\":[{\"@type\":\"SearchAction\",\"target\":{\"@type\":\"EntryPoint\",\"urlTemplate\":\"https:\\\/\\\/www.cpl.es\\\/?s={search_term_string}\"},\"query-input\":{\"@type\":\"PropertyValueSpecification\",\"valueRequired\":true,\"valueName\":\"search_term_string\"}}],\"inLanguage\":\"ca\"},{\"@type\":\"Organization\",\"@id\":\"https:\\\/\\\/www.cpl.es\\\/#organization\",\"name\":\"Centre de Pastoral Lit\u00fargica\",\"alternateName\":\"Centre de Pastoral Lit\u00fargica de Barcelona\",\"url\":\"https:\\\/\\\/www.cpl.es\\\/\",\"logo\":{\"@type\":\"ImageObject\",\"inLanguage\":\"ca\",\"@id\":\"https:\\\/\\\/www.cpl.es\\\/#\\\/schema\\\/logo\\\/image\\\/\",\"url\":\"https:\\\/\\\/www.cpl.es\\\/wp-content\\\/uploads\\\/logo-cpl.svg\",\"contentUrl\":\"https:\\\/\\\/www.cpl.es\\\/wp-content\\\/uploads\\\/logo-cpl.svg\",\"caption\":\"Centre de Pastoral Lit\u00fargica\"},\"image\":{\"@id\":\"https:\\\/\\\/www.cpl.es\\\/#\\\/schema\\\/logo\\\/image\\\/\"}},{\"@type\":\"Person\",\"@id\":\"https:\\\/\\\/www.cpl.es\\\/#\\\/schema\\\/person\\\/e0710ad98477b8afb5160d4e642115ab\",\"name\":\"Webico\",\"sameAs\":[\"https:\\\/\\\/nueva.cpl.es\"]}]}<\/script>\n<!-- \/ Yoast SEO plugin. -->","yoast_head_json":{"title":"PREG\u00c0RIA D'\u00daLTIMA HORA: PELS C\u00c0RRECS P\u00daBLICS QUE SERAN ELEGITS EL 26 DE JUNY - CPL","robots":{"index":"index","follow":"follow","max-snippet":"max-snippet:-1","max-image-preview":"max-image-preview:large","max-video-preview":"max-video-preview:-1"},"canonical":"https:\/\/www.cpl.es\/ca\/pregaria-dultima-hora-pels-carrecs-publics-que-seran-elegits-el-26-de-juny\/","og_locale":"ca_ES","og_type":"article","og_title":"PREG\u00c0RIA D'\u00daLTIMA HORA: PELS C\u00c0RRECS P\u00daBLICS QUE SERAN ELEGITS EL 26 DE JUNY - CPL","og_description":"Diumenge 13 de durant l\u2019any. Oferim aqu\u00ed un nou text per afegir al formulari de la preg\u00e0ria dels fidels en relaci\u00f3 a les eleccions generals del 26 de juny.","og_url":"https:\/\/www.cpl.es\/ca\/pregaria-dultima-hora-pels-carrecs-publics-que-seran-elegits-el-26-de-juny\/","og_site_name":"CPL","article_published_time":"2016-06-22T22:00:00+00:00","article_modified_time":"2023-12-04T11:03:58+00:00","og_image":[{"width":1147,"height":1917,"url":"https:\/\/www.cpl.es\/wp-content\/uploads\/160623-20160623085115.jpg","type":"image\/jpeg"}],"author":"Webico","twitter_card":"summary_large_image","twitter_misc":{"Escrit per":"Webico","Temps estimat de lectura":"1 minut"},"schema":{"@context":"https:\/\/schema.org","@graph":[{"@type":"Article","@id":"https:\/\/www.cpl.es\/ca\/pregaria-dultima-hora-pels-carrecs-publics-que-seran-elegits-el-26-de-juny\/#article","isPartOf":{"@id":"https:\/\/www.cpl.es\/ca\/pregaria-dultima-hora-pels-carrecs-publics-que-seran-elegits-el-26-de-juny\/"},"author":{"name":"Webico","@id":"https:\/\/www.cpl.es\/#\/schema\/person\/e0710ad98477b8afb5160d4e642115ab"},"headline":"PREG\u00c0RIA D&#8217;\u00daLTIMA HORA: PELS C\u00c0RRECS P\u00daBLICS QUE SERAN ELEGITS EL 26 DE JUNY","datePublished":"2016-06-22T22:00:00+00:00","dateModified":"2023-12-04T11:03:58+00:00","mainEntityOfPage":{"@id":"https:\/\/www.cpl.es\/ca\/pregaria-dultima-hora-pels-carrecs-publics-que-seran-elegits-el-26-de-juny\/"},"wordCount":235,"publisher":{"@id":"https:\/\/www.cpl.es\/#organization"},"image":{"@id":"https:\/\/www.cpl.es\/ca\/pregaria-dultima-hora-pels-carrecs-publics-que-seran-elegits-el-26-de-juny\/#primaryimage"},"thumbnailUrl":"https:\/\/www.cpl.es\/wp-content\/uploads\/160623-20160623085115.jpg","articleSection":["Sin categorizar"],"inLanguage":"ca"},{"@type":"WebPage","@id":"https:\/\/www.cpl.es\/ca\/pregaria-dultima-hora-pels-carrecs-publics-que-seran-elegits-el-26-de-juny\/","url":"https:\/\/www.cpl.es\/ca\/pregaria-dultima-hora-pels-carrecs-publics-que-seran-elegits-el-26-de-juny\/","name":"PREG\u00c0RIA D'\u00daLTIMA HORA: PELS C\u00c0RRECS P\u00daBLICS QUE SERAN ELEGITS EL 26 DE JUNY - CPL","isPartOf":{"@id":"https:\/\/www.cpl.es\/#website"},"primaryImageOfPage":{"@id":"https:\/\/www.cpl.es\/ca\/pregaria-dultima-hora-pels-carrecs-publics-que-seran-elegits-el-26-de-juny\/#primaryimage"},"image":{"@id":"https:\/\/www.cpl.es\/ca\/pregaria-dultima-hora-pels-carrecs-publics-que-seran-elegits-el-26-de-juny\/#primaryimage"},"thumbnailUrl":"https:\/\/www.cpl.es\/wp-content\/uploads\/160623-20160623085115.jpg","datePublished":"2016-06-22T22:00:00+00:00","dateModified":"2023-12-04T11:03:58+00:00","breadcrumb":{"@id":"https:\/\/www.cpl.es\/ca\/pregaria-dultima-hora-pels-carrecs-publics-que-seran-elegits-el-26-de-juny\/#breadcrumb"},"inLanguage":"ca","potentialAction":[{"@type":"ReadAction","target":["https:\/\/www.cpl.es\/ca\/pregaria-dultima-hora-pels-carrecs-publics-que-seran-elegits-el-26-de-juny\/"]}]},{"@type":"ImageObject","inLanguage":"ca","@id":"https:\/\/www.cpl.es\/ca\/pregaria-dultima-hora-pels-carrecs-publics-que-seran-elegits-el-26-de-juny\/#primaryimage","url":"https:\/\/www.cpl.es\/wp-content\/uploads\/160623-20160623085115.jpg","contentUrl":"https:\/\/www.cpl.es\/wp-content\/uploads\/160623-20160623085115.jpg","width":1147,"height":1917},{"@type":"BreadcrumbList","@id":"https:\/\/www.cpl.es\/ca\/pregaria-dultima-hora-pels-carrecs-publics-que-seran-elegits-el-26-de-juny\/#breadcrumb","itemListElement":[{"@type":"ListItem","position":1,"name":"Portada","item":"https:\/\/www.cpl.es\/ca\/"},{"@type":"ListItem","position":2,"name":"PREG\u00c0RIA D&#8217;\u00daLTIMA HORA: PELS C\u00c0RRECS P\u00daBLICS QUE SERAN ELEGITS EL 26 DE JUNY"}]},{"@type":"WebSite","@id":"https:\/\/www.cpl.es\/#website","url":"https:\/\/www.cpl.es\/","name":"CPL","description":"Centre de Pastoral Lit\u00fargica de Barcelona","publisher":{"@id":"https:\/\/www.cpl.es\/#organization"},"alternateName":"Centre de Pastoral Lit\u00fargica","potentialAction":[{"@type":"SearchAction","target":{"@type":"EntryPoint","urlTemplate":"https:\/\/www.cpl.es\/?s={search_term_string}"},"query-input":{"@type":"PropertyValueSpecification","valueRequired":true,"valueName":"search_term_string"}}],"inLanguage":"ca"},{"@type":"Organization","@id":"https:\/\/www.cpl.es\/#organization","name":"Centre de Pastoral Lit\u00fargica","alternateName":"Centre de Pastoral Lit\u00fargica de Barcelona","url":"https:\/\/www.cpl.es\/","logo":{"@type":"ImageObject","inLanguage":"ca","@id":"https:\/\/www.cpl.es\/#\/schema\/logo\/image\/","url":"https:\/\/www.cpl.es\/wp-content\/uploads\/logo-cpl.svg","contentUrl":"https:\/\/www.cpl.es\/wp-content\/uploads\/logo-cpl.svg","caption":"Centre de Pastoral Lit\u00fargica"},"image":{"@id":"https:\/\/www.cpl.es\/#\/schema\/logo\/image\/"}},{"@type":"Person","@id":"https:\/\/www.cpl.es\/#\/schema\/person\/e0710ad98477b8afb5160d4e642115ab","name":"Webico","sameAs":["https:\/\/nueva.cpl.es"]}]}},"_links":{"self":[{"href":"https:\/\/www.cpl.es\/ca\/wp-json\/wp\/v2\/posts\/8847","targetHints":{"allow":["GET"]}}],"collection":[{"href":"https:\/\/www.cpl.es\/ca\/wp-json\/wp\/v2\/posts"}],"about":[{"href":"https:\/\/www.cpl.es\/ca\/wp-json\/wp\/v2\/types\/post"}],"author":[{"embeddable":true,"href":"https:\/\/www.cpl.es\/ca\/wp-json\/wp\/v2\/users\/1"}],"replies":[{"embeddable":true,"href":"https:\/\/www.cpl.es\/ca\/wp-json\/wp\/v2\/comments?post=8847"}],"version-history":[{"count":1,"href":"https:\/\/www.cpl.es\/ca\/wp-json\/wp\/v2\/posts\/8847\/revisions"}],"predecessor-version":[{"id":10641,"href":"https:\/\/www.cpl.es\/ca\/wp-json\/wp\/v2\/posts\/8847\/revisions\/10641"}],"wp:featuredmedia":[{"embeddable":true,"href":"https:\/\/www.cpl.es\/ca\/wp-json\/wp\/v2\/media\/7204"}],"wp:attachment":[{"href":"https:\/\/www.cpl.es\/ca\/wp-json\/wp\/v2\/media?parent=8847"}],"wp:term":[{"taxonomy":"category","embeddable":true,"href":"https:\/\/www.cpl.es\/ca\/wp-json\/wp\/v2\/categories?post=8847"},{"taxonomy":"post_tag","embeddable":true,"href":"https:\/\/www.cpl.es\/ca\/wp-json\/wp\/v2\/tags?post=8847"}],"curies":[{"name":"wp","href":"https:\/\/api.w.org\/{rel}","templated":true}]}}