{"id":8811,"date":"2015-09-22T00:00:00","date_gmt":"2015-09-21T22:00:00","guid":{"rendered":"https:\/\/nuevaweb.cpl.es\/ra-al-cpl-les-hosties-per-a-la-missa\/"},"modified":"2023-12-04T11:46:34","modified_gmt":"2023-12-04T10:46:34","slug":"ara-al-cpl-les-hosties-per-a-la-missa","status":"publish","type":"post","link":"https:\/\/www.cpl.es\/ca\/ara-al-cpl-les-hosties-per-a-la-missa\/","title":{"rendered":"ARA, AL CPL, LES H\u00d2STIES PER A LA MISSA"},"content":{"rendered":"<p>El CPL en col\u00b7laboraci\u00f3 amb la comunitat de la Fraternitat de Clarisses de Vilob\u00ed d\u2019Onyar \u00a0realitza la venda i distribuci\u00f3 del pa eucar\u00edstic que elaboren.<\/p>\n<p>El nou servei per a les comunitats i per als preveres vol ajudar a fer de la missa una celebraci\u00f3 m\u00e9s viscuda i participada. Les h\u00f2sties que comercialitza el CPL tenen m\u00e9s consist\u00e8ncia que les de pa d\u2019\u00e0ngel, amb un aspecte de pa de deb\u00f2 que evoca l\u2019aliment que ha de ser.<\/p>\n<p>El proc\u00e9s d\u2019elaboraci\u00f3 de les h\u00f2sties es realitza segons l\u2019establert per la norma can\u00f2nica. Els ingredients s\u00f3n aigua i farina de blat totalment naturals sense cap additiu i es disposen de dos tipus\u00a0d\u2019acabats: les blanques i les torrades. I s\u00f3n de tres mides: la grossa, la mitjana i la petita.<\/p>\n<p>Es poden adquirir al CPL (c. N\u00e0pols 346 1 \u2013 Barcelona) i a trav\u00e9s de\u00a0<a href=\"http:\/\/forma.cpl.es\/\" target=\"_blank\" rel=\"noopener\">http:\/\/forma.cpl.es<\/a><\/p>\n","protected":false},"excerpt":{"rendered":"<p>El CPL en col\u00b7laboraci\u00f3 amb la comunitat de la Fraternitat de Clarisses de Vilob\u00ed d\u2019Onyar realitza la venda i distribuci\u00f3 del pa eucar\u00edstic que elaboren.<\/p>\n","protected":false},"author":1,"featured_media":7154,"comment_status":"closed","ping_status":"open","sticky":false,"template":"","format":"standard","meta":{"_acf_changed":false,"inline_featured_image":false,"footnotes":""},"categories":[1],"tags":[],"class_list":["post-8811","post","type-post","status-publish","format-standard","has-post-thumbnail","hentry","category-sin-categorizar"],"acf":[],"yoast_head":"<!-- This site is optimized with the Yoast SEO plugin v27.3 - https:\/\/yoast.com\/product\/yoast-seo-wordpress\/ -->\n<title>ARA, AL CPL, LES H\u00d2STIES PER A LA MISSA - CPL<\/title>\n<meta name=\"robots\" content=\"index, follow, max-snippet:-1, max-image-preview:large, max-video-preview:-1\" \/>\n<link rel=\"canonical\" href=\"https:\/\/www.cpl.es\/ca\/ara-al-cpl-les-hosties-per-a-la-missa\/\" \/>\n<meta property=\"og:locale\" content=\"ca_ES\" \/>\n<meta property=\"og:type\" content=\"article\" \/>\n<meta property=\"og:title\" content=\"ARA, AL CPL, LES H\u00d2STIES PER A LA MISSA - CPL\" \/>\n<meta property=\"og:description\" content=\"El CPL en col\u00b7laboraci\u00f3 amb la comunitat de la Fraternitat de Clarisses de Vilob\u00ed d\u2019Onyar realitza la venda i distribuci\u00f3 del pa eucar\u00edstic que elaboren.\" \/>\n<meta property=\"og:url\" content=\"https:\/\/www.cpl.es\/ca\/ara-al-cpl-les-hosties-per-a-la-missa\/\" \/>\n<meta property=\"og:site_name\" content=\"CPL\" \/>\n<meta property=\"article:published_time\" content=\"2015-09-21T22:00:00+00:00\" \/>\n<meta property=\"article:modified_time\" content=\"2023-12-04T10:46:34+00:00\" \/>\n<meta property=\"og:image\" content=\"https:\/\/www.cpl.es\/wp-content\/uploads\/150922-20150922092954.jpg\" \/>\n\t<meta property=\"og:image:width\" content=\"766\" \/>\n\t<meta property=\"og:image:height\" content=\"503\" \/>\n\t<meta property=\"og:image:type\" content=\"image\/jpeg\" \/>\n<meta name=\"author\" content=\"Webico\" \/>\n<meta name=\"twitter:card\" content=\"summary_large_image\" \/>\n<meta name=\"twitter:label1\" content=\"Escrit per\" \/>\n\t<meta name=\"twitter:data1\" content=\"Webico\" \/>\n\t<meta name=\"twitter:label2\" content=\"Temps estimat de lectura\" \/>\n\t<meta name=\"twitter:data2\" content=\"1 minut\" \/>\n<script type=\"application\/ld+json\" class=\"yoast-schema-graph\">{\"@context\":\"https:\\\/\\\/schema.org\",\"@graph\":[{\"@type\":\"Article\",\"@id\":\"https:\\\/\\\/www.cpl.es\\\/ca\\\/ara-al-cpl-les-hosties-per-a-la-missa\\\/#article\",\"isPartOf\":{\"@id\":\"https:\\\/\\\/www.cpl.es\\\/ca\\\/ara-al-cpl-les-hosties-per-a-la-missa\\\/\"},\"author\":{\"name\":\"Webico\",\"@id\":\"https:\\\/\\\/www.cpl.es\\\/#\\\/schema\\\/person\\\/e0710ad98477b8afb5160d4e642115ab\"},\"headline\":\"ARA, AL CPL, LES H\u00d2STIES PER A LA MISSA\",\"datePublished\":\"2015-09-21T22:00:00+00:00\",\"dateModified\":\"2023-12-04T10:46:34+00:00\",\"mainEntityOfPage\":{\"@id\":\"https:\\\/\\\/www.cpl.es\\\/ca\\\/ara-al-cpl-les-hosties-per-a-la-missa\\\/\"},\"wordCount\":173,\"publisher\":{\"@id\":\"https:\\\/\\\/www.cpl.es\\\/#organization\"},\"image\":{\"@id\":\"https:\\\/\\\/www.cpl.es\\\/ca\\\/ara-al-cpl-les-hosties-per-a-la-missa\\\/#primaryimage\"},\"thumbnailUrl\":\"https:\\\/\\\/www.cpl.es\\\/wp-content\\\/uploads\\\/150922-20150922092954.jpg\",\"articleSection\":[\"Sin categorizar\"],\"inLanguage\":\"ca\"},{\"@type\":\"WebPage\",\"@id\":\"https:\\\/\\\/www.cpl.es\\\/ca\\\/ara-al-cpl-les-hosties-per-a-la-missa\\\/\",\"url\":\"https:\\\/\\\/www.cpl.es\\\/ca\\\/ara-al-cpl-les-hosties-per-a-la-missa\\\/\",\"name\":\"ARA, AL CPL, LES H\u00d2STIES PER A LA MISSA - CPL\",\"isPartOf\":{\"@id\":\"https:\\\/\\\/www.cpl.es\\\/#website\"},\"primaryImageOfPage\":{\"@id\":\"https:\\\/\\\/www.cpl.es\\\/ca\\\/ara-al-cpl-les-hosties-per-a-la-missa\\\/#primaryimage\"},\"image\":{\"@id\":\"https:\\\/\\\/www.cpl.es\\\/ca\\\/ara-al-cpl-les-hosties-per-a-la-missa\\\/#primaryimage\"},\"thumbnailUrl\":\"https:\\\/\\\/www.cpl.es\\\/wp-content\\\/uploads\\\/150922-20150922092954.jpg\",\"datePublished\":\"2015-09-21T22:00:00+00:00\",\"dateModified\":\"2023-12-04T10:46:34+00:00\",\"breadcrumb\":{\"@id\":\"https:\\\/\\\/www.cpl.es\\\/ca\\\/ara-al-cpl-les-hosties-per-a-la-missa\\\/#breadcrumb\"},\"inLanguage\":\"ca\",\"potentialAction\":[{\"@type\":\"ReadAction\",\"target\":[\"https:\\\/\\\/www.cpl.es\\\/ca\\\/ara-al-cpl-les-hosties-per-a-la-missa\\\/\"]}]},{\"@type\":\"ImageObject\",\"inLanguage\":\"ca\",\"@id\":\"https:\\\/\\\/www.cpl.es\\\/ca\\\/ara-al-cpl-les-hosties-per-a-la-missa\\\/#primaryimage\",\"url\":\"https:\\\/\\\/www.cpl.es\\\/wp-content\\\/uploads\\\/150922-20150922092954.jpg\",\"contentUrl\":\"https:\\\/\\\/www.cpl.es\\\/wp-content\\\/uploads\\\/150922-20150922092954.jpg\",\"width\":766,\"height\":503},{\"@type\":\"BreadcrumbList\",\"@id\":\"https:\\\/\\\/www.cpl.es\\\/ca\\\/ara-al-cpl-les-hosties-per-a-la-missa\\\/#breadcrumb\",\"itemListElement\":[{\"@type\":\"ListItem\",\"position\":1,\"name\":\"Portada\",\"item\":\"https:\\\/\\\/www.cpl.es\\\/ca\\\/\"},{\"@type\":\"ListItem\",\"position\":2,\"name\":\"ARA, AL CPL, LES H\u00d2STIES PER A LA MISSA\"}]},{\"@type\":\"WebSite\",\"@id\":\"https:\\\/\\\/www.cpl.es\\\/#website\",\"url\":\"https:\\\/\\\/www.cpl.es\\\/\",\"name\":\"CPL\",\"description\":\"Centre de Pastoral Lit\u00fargica de Barcelona\",\"publisher\":{\"@id\":\"https:\\\/\\\/www.cpl.es\\\/#organization\"},\"alternateName\":\"Centre de Pastoral Lit\u00fargica\",\"potentialAction\":[{\"@type\":\"SearchAction\",\"target\":{\"@type\":\"EntryPoint\",\"urlTemplate\":\"https:\\\/\\\/www.cpl.es\\\/?s={search_term_string}\"},\"query-input\":{\"@type\":\"PropertyValueSpecification\",\"valueRequired\":true,\"valueName\":\"search_term_string\"}}],\"inLanguage\":\"ca\"},{\"@type\":\"Organization\",\"@id\":\"https:\\\/\\\/www.cpl.es\\\/#organization\",\"name\":\"Centre de Pastoral Lit\u00fargica\",\"alternateName\":\"Centre de Pastoral Lit\u00fargica de Barcelona\",\"url\":\"https:\\\/\\\/www.cpl.es\\\/\",\"logo\":{\"@type\":\"ImageObject\",\"inLanguage\":\"ca\",\"@id\":\"https:\\\/\\\/www.cpl.es\\\/#\\\/schema\\\/logo\\\/image\\\/\",\"url\":\"https:\\\/\\\/www.cpl.es\\\/wp-content\\\/uploads\\\/logo-cpl.svg\",\"contentUrl\":\"https:\\\/\\\/www.cpl.es\\\/wp-content\\\/uploads\\\/logo-cpl.svg\",\"caption\":\"Centre de Pastoral Lit\u00fargica\"},\"image\":{\"@id\":\"https:\\\/\\\/www.cpl.es\\\/#\\\/schema\\\/logo\\\/image\\\/\"}},{\"@type\":\"Person\",\"@id\":\"https:\\\/\\\/www.cpl.es\\\/#\\\/schema\\\/person\\\/e0710ad98477b8afb5160d4e642115ab\",\"name\":\"Webico\",\"sameAs\":[\"https:\\\/\\\/nueva.cpl.es\"]}]}<\/script>\n<!-- \/ Yoast SEO plugin. -->","yoast_head_json":{"title":"ARA, AL CPL, LES H\u00d2STIES PER A LA MISSA - CPL","robots":{"index":"index","follow":"follow","max-snippet":"max-snippet:-1","max-image-preview":"max-image-preview:large","max-video-preview":"max-video-preview:-1"},"canonical":"https:\/\/www.cpl.es\/ca\/ara-al-cpl-les-hosties-per-a-la-missa\/","og_locale":"ca_ES","og_type":"article","og_title":"ARA, AL CPL, LES H\u00d2STIES PER A LA MISSA - CPL","og_description":"El CPL en col\u00b7laboraci\u00f3 amb la comunitat de la Fraternitat de Clarisses de Vilob\u00ed d\u2019Onyar realitza la venda i distribuci\u00f3 del pa eucar\u00edstic que elaboren.","og_url":"https:\/\/www.cpl.es\/ca\/ara-al-cpl-les-hosties-per-a-la-missa\/","og_site_name":"CPL","article_published_time":"2015-09-21T22:00:00+00:00","article_modified_time":"2023-12-04T10:46:34+00:00","og_image":[{"width":766,"height":503,"url":"https:\/\/www.cpl.es\/wp-content\/uploads\/150922-20150922092954.jpg","type":"image\/jpeg"}],"author":"Webico","twitter_card":"summary_large_image","twitter_misc":{"Escrit per":"Webico","Temps estimat de lectura":"1 minut"},"schema":{"@context":"https:\/\/schema.org","@graph":[{"@type":"Article","@id":"https:\/\/www.cpl.es\/ca\/ara-al-cpl-les-hosties-per-a-la-missa\/#article","isPartOf":{"@id":"https:\/\/www.cpl.es\/ca\/ara-al-cpl-les-hosties-per-a-la-missa\/"},"author":{"name":"Webico","@id":"https:\/\/www.cpl.es\/#\/schema\/person\/e0710ad98477b8afb5160d4e642115ab"},"headline":"ARA, AL CPL, LES H\u00d2STIES PER A LA MISSA","datePublished":"2015-09-21T22:00:00+00:00","dateModified":"2023-12-04T10:46:34+00:00","mainEntityOfPage":{"@id":"https:\/\/www.cpl.es\/ca\/ara-al-cpl-les-hosties-per-a-la-missa\/"},"wordCount":173,"publisher":{"@id":"https:\/\/www.cpl.es\/#organization"},"image":{"@id":"https:\/\/www.cpl.es\/ca\/ara-al-cpl-les-hosties-per-a-la-missa\/#primaryimage"},"thumbnailUrl":"https:\/\/www.cpl.es\/wp-content\/uploads\/150922-20150922092954.jpg","articleSection":["Sin categorizar"],"inLanguage":"ca"},{"@type":"WebPage","@id":"https:\/\/www.cpl.es\/ca\/ara-al-cpl-les-hosties-per-a-la-missa\/","url":"https:\/\/www.cpl.es\/ca\/ara-al-cpl-les-hosties-per-a-la-missa\/","name":"ARA, AL CPL, LES H\u00d2STIES PER A LA MISSA - CPL","isPartOf":{"@id":"https:\/\/www.cpl.es\/#website"},"primaryImageOfPage":{"@id":"https:\/\/www.cpl.es\/ca\/ara-al-cpl-les-hosties-per-a-la-missa\/#primaryimage"},"image":{"@id":"https:\/\/www.cpl.es\/ca\/ara-al-cpl-les-hosties-per-a-la-missa\/#primaryimage"},"thumbnailUrl":"https:\/\/www.cpl.es\/wp-content\/uploads\/150922-20150922092954.jpg","datePublished":"2015-09-21T22:00:00+00:00","dateModified":"2023-12-04T10:46:34+00:00","breadcrumb":{"@id":"https:\/\/www.cpl.es\/ca\/ara-al-cpl-les-hosties-per-a-la-missa\/#breadcrumb"},"inLanguage":"ca","potentialAction":[{"@type":"ReadAction","target":["https:\/\/www.cpl.es\/ca\/ara-al-cpl-les-hosties-per-a-la-missa\/"]}]},{"@type":"ImageObject","inLanguage":"ca","@id":"https:\/\/www.cpl.es\/ca\/ara-al-cpl-les-hosties-per-a-la-missa\/#primaryimage","url":"https:\/\/www.cpl.es\/wp-content\/uploads\/150922-20150922092954.jpg","contentUrl":"https:\/\/www.cpl.es\/wp-content\/uploads\/150922-20150922092954.jpg","width":766,"height":503},{"@type":"BreadcrumbList","@id":"https:\/\/www.cpl.es\/ca\/ara-al-cpl-les-hosties-per-a-la-missa\/#breadcrumb","itemListElement":[{"@type":"ListItem","position":1,"name":"Portada","item":"https:\/\/www.cpl.es\/ca\/"},{"@type":"ListItem","position":2,"name":"ARA, AL CPL, LES H\u00d2STIES PER A LA MISSA"}]},{"@type":"WebSite","@id":"https:\/\/www.cpl.es\/#website","url":"https:\/\/www.cpl.es\/","name":"CPL","description":"Centre de Pastoral Lit\u00fargica de Barcelona","publisher":{"@id":"https:\/\/www.cpl.es\/#organization"},"alternateName":"Centre de Pastoral Lit\u00fargica","potentialAction":[{"@type":"SearchAction","target":{"@type":"EntryPoint","urlTemplate":"https:\/\/www.cpl.es\/?s={search_term_string}"},"query-input":{"@type":"PropertyValueSpecification","valueRequired":true,"valueName":"search_term_string"}}],"inLanguage":"ca"},{"@type":"Organization","@id":"https:\/\/www.cpl.es\/#organization","name":"Centre de Pastoral Lit\u00fargica","alternateName":"Centre de Pastoral Lit\u00fargica de Barcelona","url":"https:\/\/www.cpl.es\/","logo":{"@type":"ImageObject","inLanguage":"ca","@id":"https:\/\/www.cpl.es\/#\/schema\/logo\/image\/","url":"https:\/\/www.cpl.es\/wp-content\/uploads\/logo-cpl.svg","contentUrl":"https:\/\/www.cpl.es\/wp-content\/uploads\/logo-cpl.svg","caption":"Centre de Pastoral Lit\u00fargica"},"image":{"@id":"https:\/\/www.cpl.es\/#\/schema\/logo\/image\/"}},{"@type":"Person","@id":"https:\/\/www.cpl.es\/#\/schema\/person\/e0710ad98477b8afb5160d4e642115ab","name":"Webico","sameAs":["https:\/\/nueva.cpl.es"]}]}},"_links":{"self":[{"href":"https:\/\/www.cpl.es\/ca\/wp-json\/wp\/v2\/posts\/8811","targetHints":{"allow":["GET"]}}],"collection":[{"href":"https:\/\/www.cpl.es\/ca\/wp-json\/wp\/v2\/posts"}],"about":[{"href":"https:\/\/www.cpl.es\/ca\/wp-json\/wp\/v2\/types\/post"}],"author":[{"embeddable":true,"href":"https:\/\/www.cpl.es\/ca\/wp-json\/wp\/v2\/users\/1"}],"replies":[{"embeddable":true,"href":"https:\/\/www.cpl.es\/ca\/wp-json\/wp\/v2\/comments?post=8811"}],"version-history":[{"count":2,"href":"https:\/\/www.cpl.es\/ca\/wp-json\/wp\/v2\/posts\/8811\/revisions"}],"predecessor-version":[{"id":10585,"href":"https:\/\/www.cpl.es\/ca\/wp-json\/wp\/v2\/posts\/8811\/revisions\/10585"}],"wp:featuredmedia":[{"embeddable":true,"href":"https:\/\/www.cpl.es\/ca\/wp-json\/wp\/v2\/media\/7154"}],"wp:attachment":[{"href":"https:\/\/www.cpl.es\/ca\/wp-json\/wp\/v2\/media?parent=8811"}],"wp:term":[{"taxonomy":"category","embeddable":true,"href":"https:\/\/www.cpl.es\/ca\/wp-json\/wp\/v2\/categories?post=8811"},{"taxonomy":"post_tag","embeddable":true,"href":"https:\/\/www.cpl.es\/ca\/wp-json\/wp\/v2\/tags?post=8811"}],"curies":[{"name":"wp","href":"https:\/\/api.w.org\/{rel}","templated":true}]}}