{"id":19915,"date":"2025-09-02T13:04:44","date_gmt":"2025-09-02T11:04:44","guid":{"rendered":"https:\/\/www.cpl.es\/?p=19915"},"modified":"2025-09-02T13:08:26","modified_gmt":"2025-09-02T11:08:26","slug":"compromis-cristia-amb-gaza","status":"publish","type":"post","link":"https:\/\/www.cpl.es\/ca\/compromis-cristia-amb-gaza\/","title":{"rendered":"Comprom\u00eds cristi\u00e0 amb Gaza"},"content":{"rendered":"<p>El Centre de Pastoral Lit\u00fargica es fa ress\u00f2 de la <a href=\"https:\/\/lpj.org\/es\/news\/statement-by-the-latin-patriarchate-of-jerusalem\">declaraci\u00f3 conjunta del Patriarcat Grec-Ortodox i el Patriarcat Llat\u00ed de Jerusalem<\/a>, del 26 d\u2019agost de 2025, en relaci\u00f3 amb la decisi\u00f3 del govern israeli\u00e0 de prendre el control ple de la ciutat de Gaza.<\/p>\n<p>Els l\u00edders eclesi\u00e0stics denuncien que aquesta situaci\u00f3 pot obrir \u00ables portes de l\u2019infern\u00bb i alerten sobre una greu crisi humanit\u00e0ria.<\/p>\n<p>Des del comen\u00e7ament del conflicte, els recintes religiosos \u2013el complex grec-ortodox de Sant Porfiri i el complex llat\u00ed de la Sagrada Fam\u00edlia\u2013 s\u2019han convertit en refugi per a centenars de persones vulnerables, incloent-hi \u00abancians, dones, nens i persones amb discapacitat, ateses per les germanes Missioneres de la Caritat\u00bb. El comunicat subratlla que \u00abdeixar la ciutat de Gaza i intentar fugir cap al sud seria, per a molts, una sent\u00e8ncia de mort\u00bb, i explica que, per aix\u00f2, \u00abel clergat i les religioses han decidit quedar-se i continuar cuidant tots els que romandran als recintes\u00bb.<\/p>\n<p>La declaraci\u00f3 conjunta tamb\u00e9 critica que \u00abno pot haver-hi futur basat en la captivitat, el despla\u00e7ament for\u00e7at de palestins ni la venjan\u00e7a\u00bb, i reclama a la comunitat internacional que actu\u00ef per posar fi a \u00abaquesta guerra insensata i destructiva\u00bb. Els patriarques insisteixen, a m\u00e9s, en la necessitat de facilitar el retorn dels desapareguts i dels ostatges israelians.<\/p>\n<p>En paral\u00b7lel, el<strong>\u00a0<\/strong>papa Lle\u00f3 XIV\u00a0ha refor\u00e7at aquest missatge en les seves \u00faltimes intervencions p\u00fabliques. En l\u2019audi\u00e8ncia general del 27 d\u2019agost, va fer una crida urgent a un alto el foc permanent i a la llibertat immediata dels ostatges, aix\u00ed com a garantir l\u2019entrada de combois humanitaris segurs a la Franja de Gaza, demanant tamb\u00e9 el respecte estricte del Dret Internacional Humanitari.<\/p>\n<p>El pont\u00edfex va denunciar, a m\u00e9s, el \u00abc\u00e0stig col\u00b7lectiu\u00bb a qu\u00e8 \u00e9s sotmesa la poblaci\u00f3 civil, despr\u00e9s que almenys deu palestins \u2013entre ells diversos infants\u2013 morissin de fam en un sol dia, segons les autoritats sanit\u00e0ries locals. Va alertar que aquesta situaci\u00f3 \u00e9s \u00abinsostenible i inhumana\u00bb, i va exigir l\u2019aturada immediata dels despla\u00e7aments for\u00e7ats i de qualsevol repres\u00e0lia indiscriminada.<\/p>\n<p>El comunicat dels patriarques de Jerusalem es clou amb un missatge d\u2019esperan\u00e7a, citant el llibre dels Proverbis (12,28): \u00abAl cam\u00ed de la just\u00edcia hi ha la vida;\u00a0qui el segueix no hi troba la mort. Preguem perqu\u00e8 tots els nostres cors es converteixin, per caminar pels senders de la just\u00edcia i la vida, per Gaza i per tota la Terra Santa\u00bb.<\/p>\n<p>Foto: Patriarcat Llat\u00ed de Jerusalem<\/p>\n","protected":false},"excerpt":{"rendered":"<p>El Centre de Pastoral Lit\u00fargica es fa ress\u00f2 de la declaraci\u00f3 conjunta del Patriarcat Grec-Ortodox i el Patriarcat Llat\u00ed de Jerusalem, del 26 d\u2019agost de 2025, en relaci\u00f3 amb la decisi\u00f3 del govern israeli\u00e0 de prendre el control ple de la ciutat de Gaza. Els l\u00edders eclesi\u00e0stics denuncien que aquesta situaci\u00f3 pot obrir \u00ables portes [&hellip;]<\/p>\n","protected":false},"author":779,"featured_media":19913,"comment_status":"open","ping_status":"open","sticky":false,"template":"","format":"standard","meta":{"_acf_changed":false,"inline_featured_image":false,"footnotes":""},"categories":[1],"tags":[517,515,516],"class_list":["post-19915","post","type-post","status-publish","format-standard","has-post-thumbnail","hentry","category-sin-categorizar","tag-gaza-ca","tag-patriarcat-grec-ortodoxde-jerusalem","tag-patriarcat-llati-de-jerusalem"],"acf":[],"yoast_head":"<!-- This site is optimized with the Yoast SEO plugin v27.3 - https:\/\/yoast.com\/product\/yoast-seo-wordpress\/ -->\n<title>Comprom\u00eds cristi\u00e0 amb Gaza - CPL<\/title>\n<meta name=\"description\" content=\"El Centre de Pastoral Lit\u00fargica es fa ress\u00f2 de la declaraci\u00f3 conjunta del Patriarcat Grec-Ortodox i el Patriarcat Llat\u00ed de Jerusalem, del 26 d\u2019agost de 2025.\" \/>\n<meta name=\"robots\" content=\"index, follow, max-snippet:-1, max-image-preview:large, max-video-preview:-1\" \/>\n<link rel=\"canonical\" href=\"https:\/\/www.cpl.es\/ca\/compromis-cristia-amb-gaza\/\" \/>\n<meta property=\"og:locale\" content=\"ca_ES\" \/>\n<meta property=\"og:type\" content=\"article\" \/>\n<meta property=\"og:title\" content=\"Comprom\u00eds cristi\u00e0 amb Gaza - CPL\" \/>\n<meta property=\"og:description\" content=\"El Centre de Pastoral Lit\u00fargica es fa ress\u00f2 de la declaraci\u00f3 conjunta del Patriarcat Grec-Ortodox i el Patriarcat Llat\u00ed de Jerusalem, del 26 d\u2019agost de 2025.\" \/>\n<meta property=\"og:url\" content=\"https:\/\/www.cpl.es\/ca\/compromis-cristia-amb-gaza\/\" \/>\n<meta property=\"og:site_name\" content=\"CPL\" \/>\n<meta property=\"article:published_time\" content=\"2025-09-02T11:04:44+00:00\" \/>\n<meta property=\"article:modified_time\" content=\"2025-09-02T11:08:26+00:00\" \/>\n<meta property=\"og:image\" content=\"https:\/\/www.cpl.es\/wp-content\/uploads\/patriarques-Jerusalem.jpg\" \/>\n\t<meta property=\"og:image:width\" content=\"1280\" \/>\n\t<meta property=\"og:image:height\" content=\"844\" \/>\n\t<meta property=\"og:image:type\" content=\"image\/jpeg\" \/>\n<meta name=\"author\" content=\"qguirao@cpl.es\" \/>\n<meta name=\"twitter:card\" content=\"summary_large_image\" \/>\n<meta name=\"twitter:label1\" content=\"Escrit per\" \/>\n\t<meta name=\"twitter:data1\" content=\"qguirao@cpl.es\" \/>\n\t<meta name=\"twitter:label2\" content=\"Temps estimat de lectura\" \/>\n\t<meta name=\"twitter:data2\" content=\"3 minuts\" \/>\n<script type=\"application\/ld+json\" class=\"yoast-schema-graph\">{\"@context\":\"https:\\\/\\\/schema.org\",\"@graph\":[{\"@type\":\"Article\",\"@id\":\"https:\\\/\\\/www.cpl.es\\\/ca\\\/compromis-cristia-amb-gaza\\\/#article\",\"isPartOf\":{\"@id\":\"https:\\\/\\\/www.cpl.es\\\/ca\\\/compromis-cristia-amb-gaza\\\/\"},\"author\":{\"name\":\"qguirao@cpl.es\",\"@id\":\"https:\\\/\\\/www.cpl.es\\\/#\\\/schema\\\/person\\\/6530a599b22c3946a18a637245a04882\"},\"headline\":\"Comprom\u00eds cristi\u00e0 amb Gaza\",\"datePublished\":\"2025-09-02T11:04:44+00:00\",\"dateModified\":\"2025-09-02T11:08:26+00:00\",\"mainEntityOfPage\":{\"@id\":\"https:\\\/\\\/www.cpl.es\\\/ca\\\/compromis-cristia-amb-gaza\\\/\"},\"wordCount\":438,\"commentCount\":0,\"publisher\":{\"@id\":\"https:\\\/\\\/www.cpl.es\\\/#organization\"},\"image\":{\"@id\":\"https:\\\/\\\/www.cpl.es\\\/ca\\\/compromis-cristia-amb-gaza\\\/#primaryimage\"},\"thumbnailUrl\":\"https:\\\/\\\/www.cpl.es\\\/wp-content\\\/uploads\\\/patriarques-Jerusalem.jpg\",\"keywords\":[\"Gaza\",\"Patriarcat Grec-Ortodoxde Jerusalem\",\"Patriarcat Llat\u00ed de Jerusalem\"],\"articleSection\":[\"Sin categorizar\"],\"inLanguage\":\"ca\",\"potentialAction\":[{\"@type\":\"CommentAction\",\"name\":\"Comment\",\"target\":[\"https:\\\/\\\/www.cpl.es\\\/ca\\\/compromis-cristia-amb-gaza\\\/#respond\"]}]},{\"@type\":\"WebPage\",\"@id\":\"https:\\\/\\\/www.cpl.es\\\/ca\\\/compromis-cristia-amb-gaza\\\/\",\"url\":\"https:\\\/\\\/www.cpl.es\\\/ca\\\/compromis-cristia-amb-gaza\\\/\",\"name\":\"Comprom\u00eds cristi\u00e0 amb Gaza - CPL\",\"isPartOf\":{\"@id\":\"https:\\\/\\\/www.cpl.es\\\/#website\"},\"primaryImageOfPage\":{\"@id\":\"https:\\\/\\\/www.cpl.es\\\/ca\\\/compromis-cristia-amb-gaza\\\/#primaryimage\"},\"image\":{\"@id\":\"https:\\\/\\\/www.cpl.es\\\/ca\\\/compromis-cristia-amb-gaza\\\/#primaryimage\"},\"thumbnailUrl\":\"https:\\\/\\\/www.cpl.es\\\/wp-content\\\/uploads\\\/patriarques-Jerusalem.jpg\",\"datePublished\":\"2025-09-02T11:04:44+00:00\",\"dateModified\":\"2025-09-02T11:08:26+00:00\",\"description\":\"El Centre de Pastoral Lit\u00fargica es fa ress\u00f2 de la declaraci\u00f3 conjunta del Patriarcat Grec-Ortodox i el Patriarcat Llat\u00ed de Jerusalem, del 26 d\u2019agost de 2025.\",\"breadcrumb\":{\"@id\":\"https:\\\/\\\/www.cpl.es\\\/ca\\\/compromis-cristia-amb-gaza\\\/#breadcrumb\"},\"inLanguage\":\"ca\",\"potentialAction\":[{\"@type\":\"ReadAction\",\"target\":[\"https:\\\/\\\/www.cpl.es\\\/ca\\\/compromis-cristia-amb-gaza\\\/\"]}]},{\"@type\":\"ImageObject\",\"inLanguage\":\"ca\",\"@id\":\"https:\\\/\\\/www.cpl.es\\\/ca\\\/compromis-cristia-amb-gaza\\\/#primaryimage\",\"url\":\"https:\\\/\\\/www.cpl.es\\\/wp-content\\\/uploads\\\/patriarques-Jerusalem.jpg\",\"contentUrl\":\"https:\\\/\\\/www.cpl.es\\\/wp-content\\\/uploads\\\/patriarques-Jerusalem.jpg\",\"width\":1280,\"height\":844,\"caption\":\"El Patriarca Griego Ortodoxo de Jerusal\u00e9n y el Patriarca Latino de Jerusal\u00e9n en una visita en Gaza\"},{\"@type\":\"BreadcrumbList\",\"@id\":\"https:\\\/\\\/www.cpl.es\\\/ca\\\/compromis-cristia-amb-gaza\\\/#breadcrumb\",\"itemListElement\":[{\"@type\":\"ListItem\",\"position\":1,\"name\":\"Portada\",\"item\":\"https:\\\/\\\/www.cpl.es\\\/ca\\\/\"},{\"@type\":\"ListItem\",\"position\":2,\"name\":\"Comprom\u00eds cristi\u00e0 amb Gaza\"}]},{\"@type\":\"WebSite\",\"@id\":\"https:\\\/\\\/www.cpl.es\\\/#website\",\"url\":\"https:\\\/\\\/www.cpl.es\\\/\",\"name\":\"CPL\",\"description\":\"Centre de Pastoral Lit\u00fargica de Barcelona\",\"publisher\":{\"@id\":\"https:\\\/\\\/www.cpl.es\\\/#organization\"},\"alternateName\":\"Centre de Pastoral Lit\u00fargica\",\"potentialAction\":[{\"@type\":\"SearchAction\",\"target\":{\"@type\":\"EntryPoint\",\"urlTemplate\":\"https:\\\/\\\/www.cpl.es\\\/?s={search_term_string}\"},\"query-input\":{\"@type\":\"PropertyValueSpecification\",\"valueRequired\":true,\"valueName\":\"search_term_string\"}}],\"inLanguage\":\"ca\"},{\"@type\":\"Organization\",\"@id\":\"https:\\\/\\\/www.cpl.es\\\/#organization\",\"name\":\"Centre de Pastoral Lit\u00fargica\",\"alternateName\":\"Centre de Pastoral Lit\u00fargica de Barcelona\",\"url\":\"https:\\\/\\\/www.cpl.es\\\/\",\"logo\":{\"@type\":\"ImageObject\",\"inLanguage\":\"ca\",\"@id\":\"https:\\\/\\\/www.cpl.es\\\/#\\\/schema\\\/logo\\\/image\\\/\",\"url\":\"https:\\\/\\\/www.cpl.es\\\/wp-content\\\/uploads\\\/logo-cpl.svg\",\"contentUrl\":\"https:\\\/\\\/www.cpl.es\\\/wp-content\\\/uploads\\\/logo-cpl.svg\",\"caption\":\"Centre de Pastoral Lit\u00fargica\"},\"image\":{\"@id\":\"https:\\\/\\\/www.cpl.es\\\/#\\\/schema\\\/logo\\\/image\\\/\"}},{\"@type\":\"Person\",\"@id\":\"https:\\\/\\\/www.cpl.es\\\/#\\\/schema\\\/person\\\/6530a599b22c3946a18a637245a04882\",\"name\":\"qguirao@cpl.es\"}]}<\/script>\n<!-- \/ Yoast SEO plugin. -->","yoast_head_json":{"title":"Comprom\u00eds cristi\u00e0 amb Gaza - CPL","description":"El Centre de Pastoral Lit\u00fargica es fa ress\u00f2 de la declaraci\u00f3 conjunta del Patriarcat Grec-Ortodox i el Patriarcat Llat\u00ed de Jerusalem, del 26 d\u2019agost de 2025.","robots":{"index":"index","follow":"follow","max-snippet":"max-snippet:-1","max-image-preview":"max-image-preview:large","max-video-preview":"max-video-preview:-1"},"canonical":"https:\/\/www.cpl.es\/ca\/compromis-cristia-amb-gaza\/","og_locale":"ca_ES","og_type":"article","og_title":"Comprom\u00eds cristi\u00e0 amb Gaza - CPL","og_description":"El Centre de Pastoral Lit\u00fargica es fa ress\u00f2 de la declaraci\u00f3 conjunta del Patriarcat Grec-Ortodox i el Patriarcat Llat\u00ed de Jerusalem, del 26 d\u2019agost de 2025.","og_url":"https:\/\/www.cpl.es\/ca\/compromis-cristia-amb-gaza\/","og_site_name":"CPL","article_published_time":"2025-09-02T11:04:44+00:00","article_modified_time":"2025-09-02T11:08:26+00:00","og_image":[{"width":1280,"height":844,"url":"https:\/\/www.cpl.es\/wp-content\/uploads\/patriarques-Jerusalem.jpg","type":"image\/jpeg"}],"author":"qguirao@cpl.es","twitter_card":"summary_large_image","twitter_misc":{"Escrit per":"qguirao@cpl.es","Temps estimat de lectura":"3 minuts"},"schema":{"@context":"https:\/\/schema.org","@graph":[{"@type":"Article","@id":"https:\/\/www.cpl.es\/ca\/compromis-cristia-amb-gaza\/#article","isPartOf":{"@id":"https:\/\/www.cpl.es\/ca\/compromis-cristia-amb-gaza\/"},"author":{"name":"qguirao@cpl.es","@id":"https:\/\/www.cpl.es\/#\/schema\/person\/6530a599b22c3946a18a637245a04882"},"headline":"Comprom\u00eds cristi\u00e0 amb Gaza","datePublished":"2025-09-02T11:04:44+00:00","dateModified":"2025-09-02T11:08:26+00:00","mainEntityOfPage":{"@id":"https:\/\/www.cpl.es\/ca\/compromis-cristia-amb-gaza\/"},"wordCount":438,"commentCount":0,"publisher":{"@id":"https:\/\/www.cpl.es\/#organization"},"image":{"@id":"https:\/\/www.cpl.es\/ca\/compromis-cristia-amb-gaza\/#primaryimage"},"thumbnailUrl":"https:\/\/www.cpl.es\/wp-content\/uploads\/patriarques-Jerusalem.jpg","keywords":["Gaza","Patriarcat Grec-Ortodoxde Jerusalem","Patriarcat Llat\u00ed de Jerusalem"],"articleSection":["Sin categorizar"],"inLanguage":"ca","potentialAction":[{"@type":"CommentAction","name":"Comment","target":["https:\/\/www.cpl.es\/ca\/compromis-cristia-amb-gaza\/#respond"]}]},{"@type":"WebPage","@id":"https:\/\/www.cpl.es\/ca\/compromis-cristia-amb-gaza\/","url":"https:\/\/www.cpl.es\/ca\/compromis-cristia-amb-gaza\/","name":"Comprom\u00eds cristi\u00e0 amb Gaza - CPL","isPartOf":{"@id":"https:\/\/www.cpl.es\/#website"},"primaryImageOfPage":{"@id":"https:\/\/www.cpl.es\/ca\/compromis-cristia-amb-gaza\/#primaryimage"},"image":{"@id":"https:\/\/www.cpl.es\/ca\/compromis-cristia-amb-gaza\/#primaryimage"},"thumbnailUrl":"https:\/\/www.cpl.es\/wp-content\/uploads\/patriarques-Jerusalem.jpg","datePublished":"2025-09-02T11:04:44+00:00","dateModified":"2025-09-02T11:08:26+00:00","description":"El Centre de Pastoral Lit\u00fargica es fa ress\u00f2 de la declaraci\u00f3 conjunta del Patriarcat Grec-Ortodox i el Patriarcat Llat\u00ed de Jerusalem, del 26 d\u2019agost de 2025.","breadcrumb":{"@id":"https:\/\/www.cpl.es\/ca\/compromis-cristia-amb-gaza\/#breadcrumb"},"inLanguage":"ca","potentialAction":[{"@type":"ReadAction","target":["https:\/\/www.cpl.es\/ca\/compromis-cristia-amb-gaza\/"]}]},{"@type":"ImageObject","inLanguage":"ca","@id":"https:\/\/www.cpl.es\/ca\/compromis-cristia-amb-gaza\/#primaryimage","url":"https:\/\/www.cpl.es\/wp-content\/uploads\/patriarques-Jerusalem.jpg","contentUrl":"https:\/\/www.cpl.es\/wp-content\/uploads\/patriarques-Jerusalem.jpg","width":1280,"height":844,"caption":"El Patriarca Griego Ortodoxo de Jerusal\u00e9n y el Patriarca Latino de Jerusal\u00e9n en una visita en Gaza"},{"@type":"BreadcrumbList","@id":"https:\/\/www.cpl.es\/ca\/compromis-cristia-amb-gaza\/#breadcrumb","itemListElement":[{"@type":"ListItem","position":1,"name":"Portada","item":"https:\/\/www.cpl.es\/ca\/"},{"@type":"ListItem","position":2,"name":"Comprom\u00eds cristi\u00e0 amb Gaza"}]},{"@type":"WebSite","@id":"https:\/\/www.cpl.es\/#website","url":"https:\/\/www.cpl.es\/","name":"CPL","description":"Centre de Pastoral Lit\u00fargica de Barcelona","publisher":{"@id":"https:\/\/www.cpl.es\/#organization"},"alternateName":"Centre de Pastoral Lit\u00fargica","potentialAction":[{"@type":"SearchAction","target":{"@type":"EntryPoint","urlTemplate":"https:\/\/www.cpl.es\/?s={search_term_string}"},"query-input":{"@type":"PropertyValueSpecification","valueRequired":true,"valueName":"search_term_string"}}],"inLanguage":"ca"},{"@type":"Organization","@id":"https:\/\/www.cpl.es\/#organization","name":"Centre de Pastoral Lit\u00fargica","alternateName":"Centre de Pastoral Lit\u00fargica de Barcelona","url":"https:\/\/www.cpl.es\/","logo":{"@type":"ImageObject","inLanguage":"ca","@id":"https:\/\/www.cpl.es\/#\/schema\/logo\/image\/","url":"https:\/\/www.cpl.es\/wp-content\/uploads\/logo-cpl.svg","contentUrl":"https:\/\/www.cpl.es\/wp-content\/uploads\/logo-cpl.svg","caption":"Centre de Pastoral Lit\u00fargica"},"image":{"@id":"https:\/\/www.cpl.es\/#\/schema\/logo\/image\/"}},{"@type":"Person","@id":"https:\/\/www.cpl.es\/#\/schema\/person\/6530a599b22c3946a18a637245a04882","name":"qguirao@cpl.es"}]}},"_links":{"self":[{"href":"https:\/\/www.cpl.es\/ca\/wp-json\/wp\/v2\/posts\/19915","targetHints":{"allow":["GET"]}}],"collection":[{"href":"https:\/\/www.cpl.es\/ca\/wp-json\/wp\/v2\/posts"}],"about":[{"href":"https:\/\/www.cpl.es\/ca\/wp-json\/wp\/v2\/types\/post"}],"author":[{"embeddable":true,"href":"https:\/\/www.cpl.es\/ca\/wp-json\/wp\/v2\/users\/779"}],"replies":[{"embeddable":true,"href":"https:\/\/www.cpl.es\/ca\/wp-json\/wp\/v2\/comments?post=19915"}],"version-history":[{"count":2,"href":"https:\/\/www.cpl.es\/ca\/wp-json\/wp\/v2\/posts\/19915\/revisions"}],"predecessor-version":[{"id":19917,"href":"https:\/\/www.cpl.es\/ca\/wp-json\/wp\/v2\/posts\/19915\/revisions\/19917"}],"wp:featuredmedia":[{"embeddable":true,"href":"https:\/\/www.cpl.es\/ca\/wp-json\/wp\/v2\/media\/19913"}],"wp:attachment":[{"href":"https:\/\/www.cpl.es\/ca\/wp-json\/wp\/v2\/media?parent=19915"}],"wp:term":[{"taxonomy":"category","embeddable":true,"href":"https:\/\/www.cpl.es\/ca\/wp-json\/wp\/v2\/categories?post=19915"},{"taxonomy":"post_tag","embeddable":true,"href":"https:\/\/www.cpl.es\/ca\/wp-json\/wp\/v2\/tags?post=19915"}],"curies":[{"name":"wp","href":"https:\/\/api.w.org\/{rel}","templated":true}]}}